{"id":501645,"date":"2021-03-31T00:03:32","date_gmt":"2021-03-31T06:03:32","guid":{"rendered":"https:\/\/www.diarioimagen.net\/?p=501645"},"modified":"2021-03-31T02:20:08","modified_gmt":"2021-03-31T08:20:08","slug":"anuncia-patricia-duran-oferta-academica-de-la-universidad-publica-de-naucalpan","status":"publish","type":"post","link":"https:\/\/www.diarioimagen.net\/?p=501645","title":{"rendered":"Anuncia Patricia Dur\u00e1n oferta acad\u00e9mica de la Universidad P\u00fablica de Naucalpan"},"content":{"rendered":"<p>&nbsp;<\/p>\n<ul>\n<li><strong><em>Iniciar\u00e1 ciclo escolar el 7 de septiembre<\/em><\/strong><\/li>\n<\/ul>\n<p>&nbsp;<\/p>\n<div id=\"attachment_501727\" style=\"width: 470px\" class=\"wp-caption aligncenter\"><a href=\"https:\/\/www.diarioimagen.net\/?attachment_id=501727\" rel=\"attachment wp-att-501727\"><img loading=\"lazy\" decoding=\"async\" aria-describedby=\"caption-attachment-501727\" class=\"size-full wp-image-501727\" src=\"https:\/\/www.diarioimagen.net\/wp-content\/uploads\/2021\/03\/naucalpan-16.jpg\" alt=\"\" width=\"460\" height=\"270\" \/><\/a><p id=\"caption-attachment-501727\" class=\"wp-caption-text\">Anunci\u00f3 la alcaldesa Patricia Dur\u00e1n Reveles que el 7 de septiembre iniciar\u00e1 el primer ciclo escolar de la Universidad P\u00fablica de Naucalpan de Ju\u00e1rez (UNA).<\/p><\/div>\n<p>&nbsp;<\/p>\n<p><strong>Naucalpan, Estado de M\u00e9xico<\/strong>.- El pr\u00f3ximo 7 de septiembre comenzar\u00e1 el primer ciclo escolar de la Universidad P\u00fablica de Naucalpan de Ju\u00e1rez (UNA) con una oferta acad\u00e9mica de cinco licenciaturas, anunci\u00f3 la presidenta municipal Patricia Dur\u00e1n Reveles.<\/p>\n<p>Las carreras fueron dise\u00f1adas a partir de la vocaci\u00f3n econ\u00f3mica y el contexto social del municipio. Dur\u00e1n Reveles inform\u00f3 que las y los habitantes podr\u00e1n elegir como opciones educativas Derechos Humanos e Intervenci\u00f3n Social; Desarrollo y Gesti\u00f3n de PYMES; Sustentabilidad; Desarrollo de Software; o Comunicaci\u00f3n Digital.<\/p>\n<p>En el auditorio Benito Ju\u00e1rez del Palacio Municipal, la alcaldesa asegur\u00f3 que la comunidad estudiantil podr\u00e1 ahorrarles a sus familias hasta un 50 por ciento de los gastos que normalmente se hacen para traslados o alimentaci\u00f3n, pues el campus se encuentra en un sitio estrat\u00e9gico.<\/p>\n<p>La Mun\u00edcipe agradeci\u00f3 al Presidente de M\u00e9xico, Andr\u00e9s Manuel L\u00f3pez Obrador, el apoyo que ha dado, pues el 25 de julio del 2019 formaliz\u00f3 el donativo del rancho Los Tres Garc\u00eda para que Naucalpan lo transformara en una instituci\u00f3n de formaci\u00f3n superior.<\/p>\n<p>\u201cLa educaci\u00f3n es la base de una sociedad exitosa, como la que estamos cultivando en Naucalpan. Hoy les presento el resultado de la visi\u00f3n transformadora de nuestro Presidente Andr\u00e9s Manuel L\u00f3pez Obrador, de la suma de voluntades y esfuerzo, pero sobre todo el resultado del trabajo hecho con decisi\u00f3n, amor y pasi\u00f3n por servir.<\/p>\n<p>\u201cEstas dos hect\u00e1reas (del campus) significan una oportunidad de educaci\u00f3n superior para los m\u00e1s de 3 mil 200 aspirantes que cada a\u00f1o se quedan sin acceso a ella\u201d, extern\u00f3.<\/p>\n<p>En el evento, la Secretaria de Cultura, Abigail Mart\u00ednez Salas, habl\u00f3 del proped\u00e9utico Descubre tu Prop\u00f3sito Vital, nombre con el que se bautiz\u00f3 al anteriormente llamado Proyecto Semilla. Las y los alumnos de las primeras dos generaciones de este curso conformar\u00e1n al alumnado de la Universidad P\u00fablica de Naucalpan.<\/p>\n<p>\u201cEst\u00e1 dirigido a egresados o pr\u00f3ximos a egresar de la educaci\u00f3n media superior, personas que est\u00e9n interesadas en continuar sus estudios universitarios, gente con deseos de descubrir y potencializar sus talentos en beneficio de su crecimiento personal y profesional, personas comprometidas con las causas sociales\u201d, describi\u00f3.<\/p>\n<p>El Secretario de Desarrollo Social, Juan Manuel Contreras Col\u00edn, explic\u00f3 las conclusiones de los estudios de factibilidad y pertinencia que le dieron forma a la UNA. Por su parte, el investigador y profesor titular de carrera de la Universidad Nacional Aut\u00f3noma de M\u00e9xico (UNAM), Alejandro Byrd Orozco, dio a conocer la misi\u00f3n, visi\u00f3n y el modelo de aprendizaje de la nueva instituci\u00f3n.<\/p>\n<p>Asimismo, el investigador y profesor titular de carrera por la UNAM, H\u00e9ctor Torres Lima, reconoci\u00f3 la creaci\u00f3n de esta universidad que se alinea con los objetivos de la Unesco en materia de educaci\u00f3n.<\/p>\n<p>La UNA tendr\u00e1 un modelo educativo h\u00edbrido, con formaci\u00f3n a distancia y presencial. En cada opci\u00f3n acad\u00e9mica se ofrecer\u00e1 la modalidad de T\u00e9cnico Superior Universitario y\u00a0 la posibilidad de certificarse en diversas competencias laborales. Se regir\u00e1 bajo los principios de gratuidad, accesibilidad, con car\u00e1cter p\u00fablico y de formaci\u00f3n del pensamiento cr\u00edtico.<\/p>\n","protected":false},"excerpt":{"rendered":"<p>l pr\u00f3ximo 7 de septiembre comenzar\u00e1 el primer ciclo escolar de la Universidad P\u00fablica de Naucalpan de Ju\u00e1rez (UNA) con una oferta acad\u00e9mica de cinco licenciaturas, anunci\u00f3 la presidenta municipal Patricia Dur\u00e1n Reveles.<\/p>\n","protected":false},"author":3,"featured_media":501727,"comment_status":"open","ping_status":"open","sticky":false,"template":"","format":"standard","meta":{"_monsterinsights_skip_tracking":false,"_monsterinsights_sitenote_active":false,"_monsterinsights_sitenote_note":"","_monsterinsights_sitenote_category":0,"footnotes":""},"categories":[5],"tags":[43675,970,81467],"class_list":["post-501645","post","type-post","status-publish","format-standard","has-post-thumbnail","hentry","category-estado-de-mexico","tag-estado-de-mexico","tag-naucalpan","tag-patricia-duran-reveles"],"_links":{"self":[{"href":"https:\/\/www.diarioimagen.net\/index.php?rest_route=\/wp\/v2\/posts\/501645","targetHints":{"allow":["GET"]}}],"collection":[{"href":"https:\/\/www.diarioimagen.net\/index.php?rest_route=\/wp\/v2\/posts"}],"about":[{"href":"https:\/\/www.diarioimagen.net\/index.php?rest_route=\/wp\/v2\/types\/post"}],"author":[{"embeddable":true,"href":"https:\/\/www.diarioimagen.net\/index.php?rest_route=\/wp\/v2\/users\/3"}],"replies":[{"embeddable":true,"href":"https:\/\/www.diarioimagen.net\/index.php?rest_route=%2Fwp%2Fv2%2Fcomments&post=501645"}],"version-history":[{"count":0,"href":"https:\/\/www.diarioimagen.net\/index.php?rest_route=\/wp\/v2\/posts\/501645\/revisions"}],"wp:featuredmedia":[{"embeddable":true,"href":"https:\/\/www.diarioimagen.net\/index.php?rest_route=\/wp\/v2\/media\/501727"}],"wp:attachment":[{"href":"https:\/\/www.diarioimagen.net\/index.php?rest_route=%2Fwp%2Fv2%2Fmedia&parent=501645"}],"wp:term":[{"taxonomy":"category","embeddable":true,"href":"https:\/\/www.diarioimagen.net\/index.php?rest_route=%2Fwp%2Fv2%2Fcategories&post=501645"},{"taxonomy":"post_tag","embeddable":true,"href":"https:\/\/www.diarioimagen.net\/index.php?rest_route=%2Fwp%2Fv2%2Ftags&post=501645"}],"curies":[{"name":"wp","href":"https:\/\/api.w.org\/{rel}","templated":true}]}}