{"id":501787,"date":"2021-04-01T00:04:26","date_gmt":"2021-04-01T06:04:26","guid":{"rendered":"https:\/\/www.diarioimagen.net\/?p=501787"},"modified":"2021-04-01T05:01:05","modified_gmt":"2021-04-01T11:01:05","slug":"tultitlan-brinda-la-mejor-atencion-en-jornada-de-vacunacion-anti-covid","status":"publish","type":"post","link":"https:\/\/www.diarioimagen.net\/?p=501787","title":{"rendered":"Tultitl\u00e1n brinda la mejor atenci\u00f3n en jornada de vacunaci\u00f3n anti-Covid"},"content":{"rendered":"<p>&nbsp;<\/p>\n<p><a href=\"https:\/\/www.diarioimagen.net\/?attachment_id=501829\" rel=\"attachment wp-att-501829\"><img loading=\"lazy\" decoding=\"async\" class=\"aligncenter size-full wp-image-501829\" src=\"https:\/\/www.diarioimagen.net\/wp-content\/uploads\/2021\/04\/tultitlan.jpg\" alt=\"\" width=\"460\" height=\"153\" \/><\/a><\/p>\n<p>&nbsp;<\/p>\n<p><strong>Tultitl\u00e1n, Estado de M\u00e9xico.\u2013<\/strong> La alcaldesa Municipal Elena Garc\u00eda, prepar\u00f3 diversos puntos para jornada de vacunaci\u00f3n y as\u00ed brindar mejor atenci\u00f3n a los adultos mayores.<\/p>\n<p>Los puntos donde se lleva a cabo dichas jornadas son en Zona Sur es en, Cetis 36, ubicado en Av. Margarita Maza de Ju\u00e1rez s\/n, San Francisco Chilpan, Zona Centro ser\u00e1 en la secundaria 115, General Mariano Escobedo, ubicada en calle Francisco Villa, barrio Los Reyes, en un horario de 08:00 a 17:00 horas.<\/p>\n","protected":false},"excerpt":{"rendered":"<p>La alcaldesa Municipal Elena Garc\u00eda, prepar\u00f3 diversos puntos para jornada de vacunaci\u00f3n y as\u00ed brindar mejor atenci\u00f3n a los adultos mayores.<\/p>\n","protected":false},"author":3,"featured_media":501830,"comment_status":"open","ping_status":"open","sticky":false,"template":"","format":"standard","meta":{"_monsterinsights_skip_tracking":false,"_monsterinsights_sitenote_active":false,"_monsterinsights_sitenote_note":"","_monsterinsights_sitenote_category":0,"footnotes":""},"categories":[5],"tags":[91936,43675,578],"class_list":["post-501787","post","type-post","status-publish","format-standard","has-post-thumbnail","hentry","category-estado-de-mexico","tag-anti-covid","tag-estado-de-mexico","tag-tultitlan"],"_links":{"self":[{"href":"https:\/\/www.diarioimagen.net\/index.php?rest_route=\/wp\/v2\/posts\/501787","targetHints":{"allow":["GET"]}}],"collection":[{"href":"https:\/\/www.diarioimagen.net\/index.php?rest_route=\/wp\/v2\/posts"}],"about":[{"href":"https:\/\/www.diarioimagen.net\/index.php?rest_route=\/wp\/v2\/types\/post"}],"author":[{"embeddable":true,"href":"https:\/\/www.diarioimagen.net\/index.php?rest_route=\/wp\/v2\/users\/3"}],"replies":[{"embeddable":true,"href":"https:\/\/www.diarioimagen.net\/index.php?rest_route=%2Fwp%2Fv2%2Fcomments&post=501787"}],"version-history":[{"count":0,"href":"https:\/\/www.diarioimagen.net\/index.php?rest_route=\/wp\/v2\/posts\/501787\/revisions"}],"wp:featuredmedia":[{"embeddable":true,"href":"https:\/\/www.diarioimagen.net\/index.php?rest_route=\/wp\/v2\/media\/501830"}],"wp:attachment":[{"href":"https:\/\/www.diarioimagen.net\/index.php?rest_route=%2Fwp%2Fv2%2Fmedia&parent=501787"}],"wp:term":[{"taxonomy":"category","embeddable":true,"href":"https:\/\/www.diarioimagen.net\/index.php?rest_route=%2Fwp%2Fv2%2Fcategories&post=501787"},{"taxonomy":"post_tag","embeddable":true,"href":"https:\/\/www.diarioimagen.net\/index.php?rest_route=%2Fwp%2Fv2%2Ftags&post=501787"}],"curies":[{"name":"wp","href":"https:\/\/api.w.org\/{rel}","templated":true}]}}