{"id":501873,"date":"2021-04-02T00:07:02","date_gmt":"2021-04-02T06:07:02","guid":{"rendered":"https:\/\/www.diarioimagen.net\/?p=501873"},"modified":"2021-04-04T23:49:19","modified_gmt":"2021-04-05T04:49:19","slug":"diseno-de-guias-clinicas-bucodentales-imprescindible-para-atender-neonatos","status":"publish","type":"post","link":"https:\/\/www.diarioimagen.net\/?p=501873","title":{"rendered":"Dise\u00f1o de gu\u00edas cl\u00ednicas bucodentales, imprescindible para atender neonatos"},"content":{"rendered":"<p><em>\u00a0<\/em><\/p>\n<ul>\n<li><strong><em>Ante la comunidad estudiantil de la Facultad de Odontolog\u00eda de la UAEM, Salvador Eduardo Lucas Rinc\u00f3n, expuso que las lesiones o alteraciones bucales en los reci\u00e9n nacidos deben ser diagnosticadas detalladamente y apoyadas de una radiograf\u00eda para definir un tratamiento<\/em><\/strong><\/li>\n<\/ul>\n<p>&nbsp;<\/p>\n<div id=\"attachment_501941\" style=\"width: 470px\" class=\"wp-caption aligncenter\"><a href=\"https:\/\/www.diarioimagen.net\/?attachment_id=501941\" rel=\"attachment wp-att-501941\"><img loading=\"lazy\" decoding=\"async\" aria-describedby=\"caption-attachment-501941\" class=\"size-full wp-image-501941\" src=\"https:\/\/www.diarioimagen.net\/wp-content\/uploads\/2021\/04\/Uaem-1.jpg\" alt=\"\" width=\"460\" height=\"270\" \/><\/a><p id=\"caption-attachment-501941\" class=\"wp-caption-text\">En la Universidad Aut\u00f3noma del Estado de M\u00e9xico, el especialista Salvador Eduardo Lucas Rinc\u00f3n, present\u00f3 la conferencia virtual \u201cManejo odontol\u00f3gico de dientes natales y neonatales\u201d<\/p><\/div>\n<p>&nbsp;<\/p>\n<p><strong>Toluca, Estado de M\u00e9xico.\u2013 <\/strong>Las alteraciones bucales en los reci\u00e9n nacidos son sumamente dif\u00edciles de detectar, por lo que deben dise\u00f1arse gu\u00edas cl\u00ednicas concisas para su diagn\u00f3stico y tratamiento, ya que dichas afecciones son relativamente frecuentes, destac\u00f3 en la Universidad Aut\u00f3noma del Estado de M\u00e9xico, el especialista Salvador Eduardo Lucas Rinc\u00f3n. Ante la comunidad estudiantil de la Facultad de Odontolog\u00eda de la UAEM y al presentar la conferencia virtual \u201cManejo odontol\u00f3gico de dientes natales y neonatales\u201d, el ponente expuso que las lesiones o alteraciones bucales en los reci\u00e9n nacidos, deben ser diagnosticadas detalladamente y apoyadas de una radiograf\u00eda para definir un tratamiento.<\/p>\n<p>Como parte del Programa de Formaci\u00f3n Integral del Alumno, que organiza el espacio acad\u00e9mico de la Aut\u00f3noma mexiquense, Lucas Rinc\u00f3n se\u00f1al\u00f3 que \u201ces importante identificar posibles problemas y llevar a cabo un diagn\u00f3stico y tratamiento en beneficio de los neonatos\u00bb.<\/p>\n<p>Indic\u00f3 que los dientes natales, que pueden aparecer durante el embarazo o los primeros 15 d\u00edas del nacimiento del beb\u00e9, son piezas precoces y pueden carecer de estructura, presentar bordes muy agudos y movilidad.<\/p>\n<p>Abund\u00f3 que entre los posibles riesgos de dichas piezas dentales destacan la asfixia por un cuerpo extra\u00f1o y generar laceraciones en el seno de la madre, por lo tanto, su extracci\u00f3n o el redondeo de los dientes son las mejores soluciones.<\/p>\n<p>Lucas Rinc\u00f3n reiter\u00f3 que a trav\u00e9s de la obtenci\u00f3n de una radiograf\u00eda se pone de manifiesto si se ha formado la ra\u00edz o si el diente est\u00e1 adaptado, por lo que debe definirse el diagn\u00f3stico a partir de dicha informaci\u00f3n\u00a0 .<\/p>\n","protected":false},"excerpt":{"rendered":"<p>Las alteraciones bucales en los reci\u00e9n nacidos son sumamente dif\u00edciles de detectar, por lo que deben dise\u00f1arse gu\u00edas cl\u00ednicas concisas para su diagn\u00f3stico y tratamiento, ya que dichas afecciones son relativamente frecuentes, destac\u00f3 en la Universidad Aut\u00f3noma del Estado de M\u00e9xico, el especialista Salvador Eduardo Lucas Rinc\u00f3n.<\/p>\n","protected":false},"author":3,"featured_media":501941,"comment_status":"open","ping_status":"open","sticky":false,"template":"","format":"standard","meta":{"_monsterinsights_skip_tracking":false,"_monsterinsights_sitenote_active":false,"_monsterinsights_sitenote_note":"","_monsterinsights_sitenote_category":0,"footnotes":""},"categories":[5],"tags":[43675,452,1490],"class_list":["post-501873","post","type-post","status-publish","format-standard","has-post-thumbnail","hentry","category-estado-de-mexico","tag-estado-de-mexico","tag-toluca","tag-universidad-autonoma-del-estado-de-mexico"],"_links":{"self":[{"href":"https:\/\/www.diarioimagen.net\/index.php?rest_route=\/wp\/v2\/posts\/501873","targetHints":{"allow":["GET"]}}],"collection":[{"href":"https:\/\/www.diarioimagen.net\/index.php?rest_route=\/wp\/v2\/posts"}],"about":[{"href":"https:\/\/www.diarioimagen.net\/index.php?rest_route=\/wp\/v2\/types\/post"}],"author":[{"embeddable":true,"href":"https:\/\/www.diarioimagen.net\/index.php?rest_route=\/wp\/v2\/users\/3"}],"replies":[{"embeddable":true,"href":"https:\/\/www.diarioimagen.net\/index.php?rest_route=%2Fwp%2Fv2%2Fcomments&post=501873"}],"version-history":[{"count":0,"href":"https:\/\/www.diarioimagen.net\/index.php?rest_route=\/wp\/v2\/posts\/501873\/revisions"}],"wp:featuredmedia":[{"embeddable":true,"href":"https:\/\/www.diarioimagen.net\/index.php?rest_route=\/wp\/v2\/media\/501941"}],"wp:attachment":[{"href":"https:\/\/www.diarioimagen.net\/index.php?rest_route=%2Fwp%2Fv2%2Fmedia&parent=501873"}],"wp:term":[{"taxonomy":"category","embeddable":true,"href":"https:\/\/www.diarioimagen.net\/index.php?rest_route=%2Fwp%2Fv2%2Fcategories&post=501873"},{"taxonomy":"post_tag","embeddable":true,"href":"https:\/\/www.diarioimagen.net\/index.php?rest_route=%2Fwp%2Fv2%2Ftags&post=501873"}],"curies":[{"name":"wp","href":"https:\/\/api.w.org\/{rel}","templated":true}]}}