{"id":501890,"date":"2021-04-02T00:02:23","date_gmt":"2021-04-02T06:02:23","guid":{"rendered":"https:\/\/www.diarioimagen.net\/?p=501890"},"modified":"2021-04-02T04:12:38","modified_gmt":"2021-04-02T10:12:38","slug":"tlalnepantla-invita-a-cuidar-el-agua-durante-estas-vacaciones-ante-la-reduccion-de-abasto","status":"publish","type":"post","link":"https:\/\/www.diarioimagen.net\/?p=501890","title":{"rendered":"Tlalnepantla invita a cuidar el agua durante estas vacaciones, ante la reducci\u00f3n de abasto"},"content":{"rendered":"<p>&nbsp;<\/p>\n<ul>\n<li><strong><em>Acciones para mitigar escasez del l\u00edquido<\/em><\/strong><\/li>\n<\/ul>\n<p>&nbsp;<\/p>\n<div id=\"attachment_501968\" style=\"width: 470px\" class=\"wp-caption aligncenter\"><a href=\"https:\/\/www.diarioimagen.net\/?attachment_id=501968\" rel=\"attachment wp-att-501968\"><img loading=\"lazy\" decoding=\"async\" aria-describedby=\"caption-attachment-501968\" class=\"size-full wp-image-501968\" src=\"https:\/\/www.diarioimagen.net\/wp-content\/uploads\/2021\/04\/tlalnepantla-1.jpg\" alt=\"\" width=\"460\" height=\"270\" \/><\/a><p id=\"caption-attachment-501968\" class=\"wp-caption-text\">Autoridades de Tlalnepantla invitan a los habitantes de Nuestra Ciudad a cuidar el agua durante las vacaciones ante la reducci\u00f3n en el suministro del vital l\u00edquido.<\/p><\/div>\n<p>&nbsp;<\/p>\n<p><strong>Tlalnepantla, Estado de M\u00e9xico<\/strong>.- El gobierno local\u00a0 invita a los habitantes de Nuestra Ciudad a cuidar el agua durante las vacaciones de Semana Santa ante la reducci\u00f3n en el suministro del vital l\u00edquido de m\u00e1s del 10 por ciento en los \u00faltimos 25 a\u00f1os debido a la baja captaci\u00f3n pluvial.<\/p>\n<p>La administraci\u00f3n que encabeza Raciel P\u00e9rez Cruz ha realizado diversas acciones a trav\u00e9s del Organismo P\u00fablico Descentralizado para la Prestaci\u00f3n de los Servicios de Agua Potable, Alcantarillado y Saneamiento (OPDM) para mitigar este desabasto.<\/p>\n<p>El OPDM puso en marcha el Operativo Pipas que permite abastecer de 400 mil litros diarios a zonas de baja presi\u00f3n; con este programa se han repartido 11 millones 370 mil litros de agua potable.<\/p>\n<p>En otras acciones, se han rehabilitado los pozos Plazas de la Colina, Indeco-Los Reyes Ixtacala y Viveros de la Loma; adem\u00e1s, se explora el tanque maestro Caracoles que abastece a los habitantes de Tlalnepantla Oriente.<\/p>\n<p>Tambi\u00e9n se realizan diversos trabajos de ingenier\u00eda como la construcci\u00f3n de la l\u00ednea de agua potable desde el pozo San Lucas Patoni que reforzar\u00e1 el suministro de agua a las comunidades de Chalma la Uni\u00f3n, San Miguel Chalma y parte de Chalma la Barranca; as\u00ed como la construcci\u00f3n de la l\u00ednea de conducci\u00f3n del pozo Plazas de la Colina al tanque maestro Viveros de la Loma y el de Tlalnemex.<\/p>\n","protected":false},"excerpt":{"rendered":"<p>El gobierno local\u00a0 invita a los habitantes de Nuestra Ciudad a cuidar el agua durante las vacaciones de Semana Santa ante la reducci\u00f3n en el suministro del vital l\u00edquido de m\u00e1s del 10 por ciento en los \u00faltimos 25 a\u00f1os debido a la baja captaci\u00f3n pluvial.<\/p>\n","protected":false},"author":3,"featured_media":501968,"comment_status":"open","ping_status":"open","sticky":false,"template":"","format":"standard","meta":{"_monsterinsights_skip_tracking":false,"_monsterinsights_sitenote_active":false,"_monsterinsights_sitenote_note":"","_monsterinsights_sitenote_category":0,"footnotes":""},"categories":[5],"tags":[45868,43675,169,9991],"class_list":["post-501890","post","type-post","status-publish","format-standard","has-post-thumbnail","hentry","category-estado-de-mexico","tag-abasto","tag-estado-de-mexico","tag-tlalnepantla","tag-vacaciones"],"_links":{"self":[{"href":"https:\/\/www.diarioimagen.net\/index.php?rest_route=\/wp\/v2\/posts\/501890","targetHints":{"allow":["GET"]}}],"collection":[{"href":"https:\/\/www.diarioimagen.net\/index.php?rest_route=\/wp\/v2\/posts"}],"about":[{"href":"https:\/\/www.diarioimagen.net\/index.php?rest_route=\/wp\/v2\/types\/post"}],"author":[{"embeddable":true,"href":"https:\/\/www.diarioimagen.net\/index.php?rest_route=\/wp\/v2\/users\/3"}],"replies":[{"embeddable":true,"href":"https:\/\/www.diarioimagen.net\/index.php?rest_route=%2Fwp%2Fv2%2Fcomments&post=501890"}],"version-history":[{"count":0,"href":"https:\/\/www.diarioimagen.net\/index.php?rest_route=\/wp\/v2\/posts\/501890\/revisions"}],"wp:featuredmedia":[{"embeddable":true,"href":"https:\/\/www.diarioimagen.net\/index.php?rest_route=\/wp\/v2\/media\/501968"}],"wp:attachment":[{"href":"https:\/\/www.diarioimagen.net\/index.php?rest_route=%2Fwp%2Fv2%2Fmedia&parent=501890"}],"wp:term":[{"taxonomy":"category","embeddable":true,"href":"https:\/\/www.diarioimagen.net\/index.php?rest_route=%2Fwp%2Fv2%2Fcategories&post=501890"},{"taxonomy":"post_tag","embeddable":true,"href":"https:\/\/www.diarioimagen.net\/index.php?rest_route=%2Fwp%2Fv2%2Ftags&post=501890"}],"curies":[{"name":"wp","href":"https:\/\/api.w.org\/{rel}","templated":true}]}}