{"id":501908,"date":"2021-04-02T00:01:31","date_gmt":"2021-04-02T06:01:31","guid":{"rendered":"https:\/\/www.diarioimagen.net\/?p=501908"},"modified":"2021-04-02T01:42:09","modified_gmt":"2021-04-02T07:42:09","slug":"mas-impuestos","status":"publish","type":"post","link":"https:\/\/www.diarioimagen.net\/?p=501908","title":{"rendered":"M\u00e1s impuestos"},"content":{"rendered":"<h2>De pe a pa<\/h2>\n<h5>Alberto Vieyra G.<\/h5>\n<p>&nbsp;<\/p>\n<p>\u00bfM\u00e1s impuestos para los mexicanos en pleno desastre econ\u00f3mico? \u00a1Irracional, demencial!&#8230; \u00bfverdad?<\/p>\n<p>El tema lo anunci\u00f3 AMLO hace un par de semanas, pero dadas las repercusiones que causo su infame declaraci\u00f3n, el asunto se volvi\u00f3 tab\u00fa, y tan es as\u00ed que a la se\u00f1ora Ranquel Buenrostro, que cobra como titular del SAT, le tuvo que dar un fuerte manotazo su jefe, Arturo Herrera y seguramente le ha de haber dicho \u201cshhh\u2026ya c\u00e1llate, chachalaca\u201d.<\/p>\n<p>\u00bfEn qu\u00e9 cabeza sensata cabe llevar a cabo una reforma fiscal en tiempos de pandemia y de un desastre econ\u00f3mico? \u00bfCu\u00e1l es la raz\u00f3n fundamental?<\/p>\n<p>Mire usted. Las tributaciones en el \u00faltimo a\u00f1o en el desgobierno de AMLO se desplomaron y las arcas de la naci\u00f3n han dejado de recibir, sobre todo por las <em>metidas de pata<\/em> de AMLO y la falta de pol\u00edticas p\u00fablicas que den certidumbre, s\u00ed confianza a inversionistas nacionales y extranjeros, la monumental suma de <strong>1 bill\u00f3n de pesos<\/strong>.<\/p>\n<p>Con fines estrictamente electoreros, la pol\u00edtica social de AMLO est\u00e1 centrada en la entrega de d\u00e1divas electorales a 23 millones de compatriotas a los que considera su base electoral para perpetuarse en el poder, solo que el resquebrajamiento en las filas de Morena, la imposici\u00f3n de candidatos con cola larga y corta que les pisen a las pr\u00f3ximas elecciones, sobre todo los que conformar parte de las mafias, y sin faltar la conformaci\u00f3n de la alianza PRI-PAN-PRD le ha quitado a AMLO hasta el sue\u00f1o, a sabiendas de que dif\u00edcilmente volver\u00e1 a tener una mayor\u00eda ficticia y sobrerrepresentada, como actualmente ocurre en la C\u00e1mara de Diputados. El INE ya le advirti\u00f3 que aplicar\u00e1 con rigor la fracci\u00f3n quinta del art\u00edculo 54 constitucional para evitar esos chanchullos hechos por Morena, lo que ha dado lugar a una feroz campa\u00f1a de desprestigio contra el \u00c1rbitro Electoral de M\u00e9xico, a cargo de AMLO y sus secuaces, entre ellos el <em>ojos de sapo<\/em>, Mario Delgado, a quien Porfirio Mu\u00f1oz Ledo le llamada \u201cvulgar raterillo\u201d que se rob\u00f3 las elecciones de Morena y recibi\u00f3 millonarios apoyos econ\u00f3micos que hasta el momento no ha aclarado de d\u00f3nde le cayeron como por arte de magia. Mu\u00f1oz Ledo le llama tambi\u00e9n a Mario Delgado, \u201cmu\u00f1eco morboso\u201d, \u201cmentiroso\u201d, \u201cPinocho\u201d, \u201caspirante a Pinochet\u201d y le dijo que forma parte del brazo armado de la <em>dedocracia<\/em> de Palacio. No est\u00e1 lejos el d\u00eda en que Mu\u00f1oz Ledo mande a AMLO a la purititita chingad\u2026. s\u00ed, a su rancho que as\u00ed se llama.<\/p>\n<p>La cuesti\u00f3n es que despu\u00e9s de las elecciones, s\u00e1lvese quien pueda porque AMLO sacar\u00e1 dinero hasta por debajo de las piedras. Y es que AMLO jura y perjura que no habr\u00e1 aumentos de impuestos. \u00bfDe veras, de veras, se\u00f1or presidente?, \u00bfSu reforma fiscal ser\u00e1 para exprimir sus bolsillos de los causantes cautivos? \u00bfSe har\u00e1 un nuevo censo fiscal para meter al aro a m\u00e1s de 20 millones de mexicanos que viven en la econom\u00eda informal y que representan para los partidos pol\u00edticos un aut\u00e9ntico bot\u00edn electoral? \u00bfBuscar\u00e1 AMLO establecer impuestos para las grandes fortunas en M\u00e9xico, es decir al mill\u00f3n de s\u00faper, s\u00faper ricos que concentran el 75% de la riqueza nacional, le entren con su cuerno?<\/p>\n<p>Recordemos que AMLO lleva ya m\u00e1s de 29 mil mentiras y el \u201cno\u201d, siempre ha sido un s\u00ed.<\/p>\n<p>Me pregunto: \u00bfAceptar\u00eda Ricardo Salinas Pliego, aliado de AMLO pagar impuestos sobre su fortuna de m\u00e1s de 12 mil millones de d\u00f3lares o Carlos Slim que ostenta un poco m\u00e1s de 60 mil millones de d\u00f3lares?&#8230;<\/p>\n<p>No mire usted, ser\u00e1 m\u00e1s f\u00e1cil invitarle una chela al <em>caballito de Troya<\/em> que desplomar a uno de estos gansos. As\u00ed que los nuevos impuestos de AMLO saldr\u00e1n de los bolsillos de los m\u00e1s fregados de M\u00e9xico, es decir usted y yo que hemos sido convertido por la partidocracia en pagadores de impuesto y viles objetos de uso electoral. Pero todo depender\u00e1 de que los mexicanos voten con la cabeza en las pr\u00f3ximas elecciones y no vuelvan a cometer otro error pol\u00edtico perpetuando en el poder al partido de quien encabeza ya otra dictadura perfecta en M\u00e9xico.<\/p>\n<p><a href=\"mailto:info@agenciamn.com\" target=\"_blank\" rel=\"noopener noreferrer\"><em>info@agenciamn.com<\/em><\/a><\/p>\n","protected":false},"excerpt":{"rendered":"<p><span style=\"color: #005497;\"><strong>Alberto Vieyra G.<\/strong><\/span><\/p>\n","protected":false},"author":3,"featured_media":0,"comment_status":"open","ping_status":"open","sticky":false,"template":"","format":"standard","meta":{"_monsterinsights_skip_tracking":false,"_monsterinsights_sitenote_active":false,"_monsterinsights_sitenote_note":"","_monsterinsights_sitenote_category":0,"footnotes":""},"categories":[4596],"tags":[43697,4597,43674],"class_list":["post-501908","post","type-post","status-publish","format-standard","hentry","category-alberto-vieyra-g","tag-alberto-vieyra-g","tag-de-pe-a-pa","tag-opinion"],"_links":{"self":[{"href":"https:\/\/www.diarioimagen.net\/index.php?rest_route=\/wp\/v2\/posts\/501908","targetHints":{"allow":["GET"]}}],"collection":[{"href":"https:\/\/www.diarioimagen.net\/index.php?rest_route=\/wp\/v2\/posts"}],"about":[{"href":"https:\/\/www.diarioimagen.net\/index.php?rest_route=\/wp\/v2\/types\/post"}],"author":[{"embeddable":true,"href":"https:\/\/www.diarioimagen.net\/index.php?rest_route=\/wp\/v2\/users\/3"}],"replies":[{"embeddable":true,"href":"https:\/\/www.diarioimagen.net\/index.php?rest_route=%2Fwp%2Fv2%2Fcomments&post=501908"}],"version-history":[{"count":0,"href":"https:\/\/www.diarioimagen.net\/index.php?rest_route=\/wp\/v2\/posts\/501908\/revisions"}],"wp:attachment":[{"href":"https:\/\/www.diarioimagen.net\/index.php?rest_route=%2Fwp%2Fv2%2Fmedia&parent=501908"}],"wp:term":[{"taxonomy":"category","embeddable":true,"href":"https:\/\/www.diarioimagen.net\/index.php?rest_route=%2Fwp%2Fv2%2Fcategories&post=501908"},{"taxonomy":"post_tag","embeddable":true,"href":"https:\/\/www.diarioimagen.net\/index.php?rest_route=%2Fwp%2Fv2%2Ftags&post=501908"}],"curies":[{"name":"wp","href":"https:\/\/api.w.org\/{rel}","templated":true}]}}