{"id":502003,"date":"2021-04-05T00:01:59","date_gmt":"2021-04-05T05:01:59","guid":{"rendered":"https:\/\/www.diarioimagen.net\/?p=502003"},"modified":"2021-04-05T04:05:30","modified_gmt":"2021-04-05T09:05:30","slug":"presenta-hugo-burgos-garcia-titular-de-turismo-de-queretaro-edicion-especial-dedicada-a-jalpan-de-serra","status":"publish","type":"post","link":"https:\/\/www.diarioimagen.net\/?p=502003","title":{"rendered":"Presenta Hugo Burgos Garc\u00eda, titular de Turismo de Quer\u00e9taro, edici\u00f3n especial dedicada a Jalpan de Serra"},"content":{"rendered":"<h2>De cinco estrellas<\/h2>\n<h5>Victoria Gonz\u00e1lez Prado<\/h5>\n<p><strong>\u00a0<\/strong><\/p>\n<ul>\n<li><strong>Mystique Holbox by Royalton<em> se une a la cartera de <\/em>Marriott International<\/strong><\/li>\n<li><strong><em>Grupo Brisas participa en programa de sustentable para mejorar su operaci\u00f3n<\/em><\/strong><\/li>\n<\/ul>\n<p>&nbsp;<\/p>\n<p>&nbsp;<\/p>\n<div id=\"attachment_502101\" style=\"width: 310px\" class=\"wp-caption alignleft\"><a href=\"https:\/\/www.diarioimagen.net\/?attachment_id=502101\" rel=\"attachment wp-att-502101\"><img loading=\"lazy\" decoding=\"async\" aria-describedby=\"caption-attachment-502101\" class=\" wp-image-502101\" src=\"https:\/\/www.diarioimagen.net\/wp-content\/uploads\/2021\/04\/1-1.jpg\" alt=\"\" width=\"300\" height=\"423\" \/><\/a><p id=\"caption-attachment-502101\" class=\"wp-caption-text\">El titular de turismo en Quer\u00e9taro present\u00f3 edici\u00f3n dedicada a Jalpan de Serra.<\/p><\/div>\n<p><strong>Hugo Burgos Garc\u00eda<\/strong>, secretario de turismo de Quer\u00e9taro, autoridades de la entidad y directivos de la aerol\u00ednea TAR, presentaron la edici\u00f3n especial de la revista de a bordo <em>Star News<\/em>, dedicada al Pueblo M\u00e1gico de Jalpan de Serra.<\/p>\n<p>El titular de turismo destac\u00f3 que ante las afectaciones por el Covid-19 es de vital importancia trabajar coordinadamente para que los diversos destinos de la entidad permanezcan en la mente del viajero\u201d. Record\u00f3 que la pandemia no ha terminado, por lo que es indispensable mantener el cuidado de la salud por encima de cualquier inter\u00e9s, y recomend\u00f3 a los viajeros que visitan el estado respetar las medidas sanitarias vigentes.<\/p>\n<p><strong>Ana Mar\u00eda Gonz\u00e1lez Su\u00e1rez<\/strong>, directora de Turismo de Jalpan de Serra, mencion\u00f3 que este Pueblo M\u00e1gico ofrece al viajero fusi\u00f3n de cultura y naturaleza. Las dos misiones franciscanas consideradas Patrimonio Mundial de la Humanidad, el Museo Hist\u00f3rico de la Sierra Gorda, la presa considerada sitio RAMSAR donde pueden realizarse actividades deportivas y observaci\u00f3n de diversas especies de aves; as\u00ed como artesan\u00edas que se producen en las comunidades cercanas a la cabecera municipal y gastronom\u00eda t\u00edpica\u201d, adem\u00e1s asegur\u00f3 contamos con 24 hoteles, nueve caba\u00f1as, gu\u00edas de turistas y touroperadores certificados.<\/p>\n<p>Por su parte, <strong>\u00c1ngel Garc\u00eda Col\u00edn<\/strong>, director comercial de la aerol\u00ednea, dijo que hay nueve rutas a\u00e9reas desde y hacia Quer\u00e9taro, seis de ellas con conexi\u00f3n directa y otras tres con escala. La ciudad de Quer\u00e9taro es el hub de la compa\u00f1\u00eda a\u00e9rea que muestra ligera recuparaci\u00f3n y estima que para finales de 2021 se recupere 100 por ciento de sus vuelos.<\/p>\n<p>\u2730\u2730\u2730\u2730\u2730 <em>Blue Diamond Resorts<\/em>, la divisi\u00f3n de resorts de <em>Sunwing Travel Group<\/em>, firm\u00f3 acuerdo a largo plazo con <em>Marriott International<\/em> para que <em>Mystique Holbox by Royalton<\/em> \u2013en la isla de Holbox, Quintana Roo\u2014 se una a la cartera de <em>Marriott International<\/em> y sea parte de la marca <em>Tribute Portfolio<\/em> a finales de este 2021.<\/p>\n<p>Los hoteles son cuidadosamente seleccionados por su dise\u00f1o inherente y perspectivas distintas en el dise\u00f1o y la hospitalidad, adem\u00e1s de incrementar la cartera del Todo-Incluido de <em>Marriott <\/em>y como parte del acuerdo, se beneficiar\u00e1 de la distribuci\u00f3n mundial y del programa de viajes <em>Marriott Bonvoy<\/em> con 147 millones de miembros en todo el mundo.<\/p>\n<p>Ubicado en la Reserva Natural Yum Balam, el resort de playa contempor\u00e1neo combina con paisajes naturales y el dise\u00f1o tradicional mexicano. La propiedad ofrece 38 amplias suites, lujosas amenidades y dos restaurantes que sirven platos con influencia de la cocina local y experiencias gastron\u00f3micas interactivas.<\/p>\n<p>Podr\u00e1s explorar la belleza natural de la isla en bicicleta, practicar <em>kitesurf <\/em>en las tranquilas aguas o nadar con tiburones ballena.<\/p>\n<p>El hotel implmenta protocolos de <em>Safety-Assured Vacations<\/em>, programa que incluye pruebas de ant\u00edgeno Covid-19 en el lugar y asistencia m\u00e9dica integral gratuita para cubrir los costos de cualquier accidente o enfermedad (incluyendo necesidades m\u00e9dicas relacionadas con Covid-19).<\/p>\n<p>\u2730\u2730\u2730\u2730\u2730 Grupo Brisas se ha dado a la tarea de conocer los costos reales en la operaci\u00f3n diaria de cada propiedad por ello ha dado el primer paso al participar en el proyecto:\u00a0 Recuperaci\u00f3n verde y mejora de la competitividad de la industria hotelera en M\u00e9xico, la firma de participaci\u00f3n corri\u00f3 a cargo de <strong>Carlos Escobedo<\/strong>, director de Compras y Proyectos del Grupo.<\/p>\n<p>La iniciativa es operada por la Asociaci\u00f3n Mexicana de Empresas de Eficiencia Energ\u00e9tica (AMENEER) y financiada por la Cooperaci\u00f3n Alemana al Desarrollo Sustentable en M\u00e9xico, (GIZ por sus siglas e Alem\u00e1n) como apoyo para la recuperaci\u00f3n econ\u00f3mica espec\u00edficamente en el sector de la Eficiencia Energ\u00e9tica. La AMENEER ha designado a Consultores en Energ\u00eda, S.A de C.V. Para dirigir esta iniciativa<\/p>\n<p>En Grupo Brisas se elaborar\u00e1 estudio para analizar impactos de los precios de la energ\u00eda en la operaci\u00f3n diaria, se identificar\u00e1n \u00e1reas de oportunidad de eficiencia energ\u00e9tica para la reducci\u00f3n de costos y as\u00ed definir hoja de ruta para poder plantear estrategias espec\u00edficas de ahorro.<\/p>\n<p>El proyecto consta de cuatro fases: Diagn\u00f3stico documental, Construcci\u00f3n de indicadores, Estrategias y mejora e implementaci\u00f3n.<\/p>\n<p>Los beneficios m\u00e1s importantes ser\u00e1n: conocer los impactos reales de los costos energ\u00e9ticos en la operaci\u00f3n. Determinar \u00e1reas de oportunidad de eficiencia energ\u00e9tica. Sentar las bases para desarrollar estrategias correctas. Reducir de forma importante costos y consumos de electricidad, combustibles y agua. Optimizar el mayor rendimiento de las nuevas inversiones.<\/p>\n<p>Tambi\u00e9n, contribuir a mitigar las emisiones contaminantes. Adquirir y continuar con la responsabilidad con el medioambiente, mejorando la imagen del grupo hotelero y su responsabilidad con las comunidades donde se encuentran las propiedade y dar capacitaci\u00f3n en <em>Energy Management SME<\/em> para PyMEs<\/p>\n<p>Estar conscientes y ser congruentes con proyectos avalados por especialistas en el tema energ\u00e9tico dar\u00e1 m\u00e1s certeza econ\u00f3mica a Grupo Brisas y contribuir\u00e1 a la operaci\u00f3n amigable con el medio ambiente haci\u00e9ndolo m\u00e1s sustentable.<\/p>\n<p>&nbsp;<\/p>\n<blockquote>\n<p style=\"text-align: right;\">\u201c<strong>El<\/strong> <strong>\u00e1ngel de la fama tiene sus alas hechas de papel&#8230; peri\u00f3dico\u201d.<br \/>\n<\/strong><\/p>\n<\/blockquote>\n<p>&nbsp;<\/p>\n<p><em><span class=\"Apple-converted-space\"><a href=\"mailto:victoriagprado@gmail.com\" target=\"_blank\" rel=\"noopener noreferrer\">victoriagprado@gmail.com<\/a><br \/>\nTwitter: <a href=\"https:\/\/twitter.com\/victoriagprado\" target=\"_blank\" rel=\"noopener noreferrer\">@victoriagprado<\/a><\/span><\/em><\/p>\n","protected":false},"excerpt":{"rendered":"<p><strong>Hugo Burgos Garc\u00eda<\/strong>, secretario de turismo de Quer\u00e9taro, autoridades de la entidad y directivos de la aerol\u00ednea TAR, presentaron la edici\u00f3n especial de la revista de a bordo <em>Star News<\/em>, dedicada al Pueblo M\u00e1gico de Jalpan de Serra.<\/p>\n","protected":false},"author":3,"featured_media":502100,"comment_status":"open","ping_status":"open","sticky":false,"template":"","format":"standard","meta":{"_monsterinsights_skip_tracking":false,"_monsterinsights_sitenote_active":false,"_monsterinsights_sitenote_note":"","_monsterinsights_sitenote_category":0,"footnotes":""},"categories":[11],"tags":[107,43674,43681,106],"class_list":["post-502003","post","type-post","status-publish","format-standard","has-post-thumbnail","hentry","category-turismo","tag-de-cinco-estrellas","tag-opinion","tag-turismo","tag-victoria-gonzalez-prado"],"_links":{"self":[{"href":"https:\/\/www.diarioimagen.net\/index.php?rest_route=\/wp\/v2\/posts\/502003","targetHints":{"allow":["GET"]}}],"collection":[{"href":"https:\/\/www.diarioimagen.net\/index.php?rest_route=\/wp\/v2\/posts"}],"about":[{"href":"https:\/\/www.diarioimagen.net\/index.php?rest_route=\/wp\/v2\/types\/post"}],"author":[{"embeddable":true,"href":"https:\/\/www.diarioimagen.net\/index.php?rest_route=\/wp\/v2\/users\/3"}],"replies":[{"embeddable":true,"href":"https:\/\/www.diarioimagen.net\/index.php?rest_route=%2Fwp%2Fv2%2Fcomments&post=502003"}],"version-history":[{"count":0,"href":"https:\/\/www.diarioimagen.net\/index.php?rest_route=\/wp\/v2\/posts\/502003\/revisions"}],"wp:featuredmedia":[{"embeddable":true,"href":"https:\/\/www.diarioimagen.net\/index.php?rest_route=\/wp\/v2\/media\/502100"}],"wp:attachment":[{"href":"https:\/\/www.diarioimagen.net\/index.php?rest_route=%2Fwp%2Fv2%2Fmedia&parent=502003"}],"wp:term":[{"taxonomy":"category","embeddable":true,"href":"https:\/\/www.diarioimagen.net\/index.php?rest_route=%2Fwp%2Fv2%2Fcategories&post=502003"},{"taxonomy":"post_tag","embeddable":true,"href":"https:\/\/www.diarioimagen.net\/index.php?rest_route=%2Fwp%2Fv2%2Ftags&post=502003"}],"curies":[{"name":"wp","href":"https:\/\/api.w.org\/{rel}","templated":true}]}}