{"id":502016,"date":"2021-04-05T00:04:36","date_gmt":"2021-04-05T05:04:36","guid":{"rendered":"https:\/\/www.diarioimagen.net\/?p=502016"},"modified":"2021-04-05T01:02:12","modified_gmt":"2021-04-05T06:02:12","slug":"los-partidos-en-temporada-electoral","status":"publish","type":"post","link":"https:\/\/www.diarioimagen.net\/?p=502016","title":{"rendered":"Los partidos, en temporada electoral"},"content":{"rendered":"<h2>Punto por punto<\/h2>\n<h5>Augusto Corro<\/h5>\n<p>&nbsp;<\/p>\n<p>El pr\u00f3ximo 6 de junio se efectuar\u00e1 la elecci\u00f3n m\u00e1s grande en la historia de M\u00e9xico. A nivel federal se elegir\u00e1n 300 diputados por el principio de mayor\u00eda relativa y 200 diputaciones por representaci\u00f3n proporcional.\u00a0 Seg\u00fan el Instituto Nacional Electoral (INE), ser\u00e1n 93 millones de electores que pueden acudir a emitir su voto en tiempos de pandemia por el Covid-19. Ya las autoridades se encargar\u00e1n de velar porque el ejercicio electoral se lleve a cabo sin la amenaza de incrementar los contagios virales. A nivel local se votar\u00e1 por 15 nuevos gobernadores, 30 congresos locales y alcald\u00edas en 30 estados.<\/p>\n<p>La lucha para conseguir la representaci\u00f3n partidista empez\u00f3 hace varios meses en el interior de los partidos pol\u00edticos. Salieron a relucir las ambiciones personales de poder de los \u201cgrillos\u201d de siempre: los mismos <em>dinosaurios<\/em>, no vari\u00f3 el estilo de confrontaci\u00f3n, crecieron las inconformidades de los desplazados y transcurrir\u00e1n muchos d\u00edas para confirmar que regresa la paz partidista. Mientras, se agudizar\u00e1 la pugna entre los representantes del poder y el Instituto Nacional Electoral (INE). Ambos quieren hacer valer su fuerza. Es muy mala idea poner en entredicho la representaci\u00f3n de las autoridades electorales.<\/p>\n<p>En el partido Movimiento Regeneraci\u00f3n Nacional (Morena) sobresali\u00f3 la pugna entre su l\u00edder Mario Delgado y el diputado Porfirio Mu\u00f1oz Ledo. Los dos buscaban la dirigencia del partido que gan\u00f3 el primero, en medio de acusaciones como el uso de recursos p\u00fablicos para su campa\u00f1a. Exigi\u00f3 una investigaci\u00f3n, que, obvio, no se realiz\u00f3. Se recrudeci\u00f3 el enfrentamiento entre Delgado y Mu\u00f1oz Ledo, quien ahora acusa a su adversario de bloquearle la reelecci\u00f3n como diputado tres a\u00f1os m\u00e1s, con una campa\u00f1a corrupta y artera. Ese pleito ser\u00e1 de larga duraci\u00f3n, pues seg\u00fan los expertos se empez\u00f3 a definir la guerra por la sucesi\u00f3n presidencial.<\/p>\n<p>El otro caso que sacudi\u00f3 a Morena estuvo protagonizado por el conflictivo aspirante a la gubernatura de Guerrero, el senador con licencia, F\u00e9lix Salgado Macedonio, (a) <em>El Toro<\/em>, que contra viento y marea realiza su campa\u00f1a pol\u00edtica a pesar de la prohibici\u00f3n que le aplicaron las autoridades electorales. El legislador acusado de varios delitos sexuales recibi\u00f3 innumerables descalificaciones de la propia c\u00fapula morenista y de los militantes. Los jerarcas del partido dijeron que como Salgado Macedonio no ten\u00eda acusaci\u00f3n legal alguna podr\u00eda seguir su camino al gobierno guerrerense.<\/p>\n<p>S\u00f3lo que las autoridades electorales no autorizaron la candidatura de Salgado Macedonio porque no cumpli\u00f3 con la obligaci\u00f3n de presentar sus gastos de precampa\u00f1a. El candidato no hizo caso a la prohibici\u00f3n y continu\u00f3 con sus actos de campa\u00f1a, en algunos casos con la aceptaci\u00f3n de los guerrerenses y en otros con el repudio de la poblaci\u00f3n. Que pendiente la decisi\u00f3n final sobre el futuro de El Toro, quien, dicho sea de paso, tiene la bendici\u00f3n, como se dice coloquialmente, del presidente Andr\u00e9s Manuel L\u00f3pez Obrador, para participar en la contienda, sin importar las acusaciones de abuso sexual contra el controvertido legislador.<\/p>\n<p style=\"text-align: center;\"><strong>Acci\u00f3n Nacional<\/strong><\/p>\n<p>El Partido Acci\u00f3n Nacional (PAN), antes una poderosa organizaci\u00f3n de oposici\u00f3n, en el presente se esmera para encontrar la f\u00f3rmula que lo saque del hoyo en que se encuentra. tras su derrota en las elecciones presidenciales de 2018. Los dos sexenios en el poder con Vicente Fox y Felipe Calder\u00f3n no fueron favorables para la causa panista. El primero desaprovech\u00f3 llevar a cabo el cambio. Se le olvid\u00f3 su promesa. Al segundo, se le ocurri\u00f3 enfrentar a la delincuencia organizada, como una manera de justificar el fraude que lo llev\u00f3 al poder. Con esa acci\u00f3n sin estrategia llev\u00f3 a M\u00e9xico a una guerra con miles de personas asesinadas y desaparecidas.<\/p>\n<p>Los principales dirigentes de Acci\u00f3n Nacional se alejaron de los reflectores pol\u00edticos. Por eso los blanquiazules \u00fanicamente ven en los cargos del partido a Gustavo Madero, al gobernador de Chihuahua, Javier Corral, y a unos cuantos. Es tal la escasez de l\u00edderes en ese instituto pol\u00edtico que tuvo que regresar a la grilla el llamado \u201cJefe\u201d Diego. Este Diego Fern\u00e1ndez de Cevallos, de 80 a\u00f1os o m\u00e1s, es el dirigente que convoca a los j\u00f3venes a sumarse a la oposici\u00f3n contra el gobierno obradorista. El michoacano Marko Cort\u00e9s, por ahora el m\u00e1ximo dirigente panista, no ata ni desata. Llev\u00f3 a su partido a la coalici\u00f3n Va por M\u00e9xico de la que forma parte el Partido de la Revoluci\u00f3n Democr\u00e1tica (PRD), para competir en las elecciones mencionadas.<\/p>\n<p style=\"text-align: center;\"><strong>PRI<\/strong><\/p>\n<p>En la misma condici\u00f3n se encuentra el Partido Revolucionario Institucional (PRI) la organizaci\u00f3n pol\u00edtica que se mantuvo en el poder durante d\u00e9cadas. Tambi\u00e9n en la lona, busca l\u00edderes. En tanto, el ex presidente tricolor Ernesto Zedillo, tambi\u00e9n de la tercera edad, decidi\u00f3 regresar a las lides partidistas para darle forma a su partido, que se encuentra en v\u00edas de extensi\u00f3n. Lo \u00fanico que gan\u00f3 Zedillo en su reaparici\u00f3n fue el recuerdo de sus errores como Presidente de M\u00e9xico. Como se sabe, enfrent\u00f3 una demanda en Estados Unidos por un grupo de v\u00edctimas de la masacre de Acteal. Fue acusado de \u201cconspirar\u201d para que se perpetrara la matanza de 45 ind\u00edgenas, en Chiapas.<\/p>\n<p style=\"text-align: center;\"><strong>PRD<\/strong><\/p>\n<p>El Partido de la Revoluci\u00f3n Democr\u00e1tica (PRD) tambi\u00e9n se prepar\u00f3 para la confrontaci\u00f3n polic\u00eda. Igual que los institutos pol\u00edticos parte de cero rumbo a la conquista del poder. Forma parte de una coalici\u00f3n con Acci\u00f3n Nacional. Su l\u00edder, Jes\u00fas Zambrano, tiene poco que ofrecer a los militantes perredistas. La lucha real que realiza ese partido se efect\u00faa en la Ciudad de M\u00e9xico. El instituto capitalino, dirigido por Nora Arias Contreras, destac\u00f3 que el sol azteca se encuentra fortalecido y preparado para recobrar la confianza de los capitalinos, sobre todo ante la decepci\u00f3n de un gobierno que no ha sido capaz de cuidar a los ciudadanos.<\/p>\n<p><a href=\"mailto:aco2742@hotmail.com\" target=\"_blank\" rel=\"noopener noreferrer\"><em>aco2742@hotmail.com<\/em><\/a><\/p>\n","protected":false},"excerpt":{"rendered":"<p><span style=\"color: #005497;\"><strong>Augusto Corro<\/strong><\/span><\/p>\n","protected":false},"author":3,"featured_media":0,"comment_status":"open","ping_status":"open","sticky":false,"template":"","format":"standard","meta":{"_monsterinsights_skip_tracking":false,"_monsterinsights_sitenote_active":false,"_monsterinsights_sitenote_note":"","_monsterinsights_sitenote_category":0,"footnotes":""},"categories":[157],"tags":[43686,43674,11515],"class_list":["post-502016","post","type-post","status-publish","format-standard","hentry","category-augusto-corro","tag-augusto-corro","tag-opinion","tag-punto-por-punto"],"_links":{"self":[{"href":"https:\/\/www.diarioimagen.net\/index.php?rest_route=\/wp\/v2\/posts\/502016","targetHints":{"allow":["GET"]}}],"collection":[{"href":"https:\/\/www.diarioimagen.net\/index.php?rest_route=\/wp\/v2\/posts"}],"about":[{"href":"https:\/\/www.diarioimagen.net\/index.php?rest_route=\/wp\/v2\/types\/post"}],"author":[{"embeddable":true,"href":"https:\/\/www.diarioimagen.net\/index.php?rest_route=\/wp\/v2\/users\/3"}],"replies":[{"embeddable":true,"href":"https:\/\/www.diarioimagen.net\/index.php?rest_route=%2Fwp%2Fv2%2Fcomments&post=502016"}],"version-history":[{"count":0,"href":"https:\/\/www.diarioimagen.net\/index.php?rest_route=\/wp\/v2\/posts\/502016\/revisions"}],"wp:attachment":[{"href":"https:\/\/www.diarioimagen.net\/index.php?rest_route=%2Fwp%2Fv2%2Fmedia&parent=502016"}],"wp:term":[{"taxonomy":"category","embeddable":true,"href":"https:\/\/www.diarioimagen.net\/index.php?rest_route=%2Fwp%2Fv2%2Fcategories&post=502016"},{"taxonomy":"post_tag","embeddable":true,"href":"https:\/\/www.diarioimagen.net\/index.php?rest_route=%2Fwp%2Fv2%2Ftags&post=502016"}],"curies":[{"name":"wp","href":"https:\/\/api.w.org\/{rel}","templated":true}]}}