{"id":502052,"date":"2021-04-05T00:13:05","date_gmt":"2021-04-05T05:13:05","guid":{"rendered":"https:\/\/www.diarioimagen.net\/?p=502052"},"modified":"2021-04-05T03:57:39","modified_gmt":"2021-04-05T08:57:39","slug":"la-mayoria-de-medicamentos-contra-covid-19-no-funcionan","status":"publish","type":"post","link":"https:\/\/www.diarioimagen.net\/?p=502052","title":{"rendered":"La mayor\u00eda de medicamentos contra Covid-19 no funcionan"},"content":{"rendered":"<p>&nbsp;<\/p>\n<h3 style=\"text-align: center;\">Seg\u00fan especialista alem\u00e1n<\/h3>\n<p>&nbsp;<\/p>\n<ul>\n<li><strong><em>La dexametasona, de los pocos que sirven, es s\u00f3lo para casos graves<\/em><\/strong><\/li>\n<\/ul>\n<p>&nbsp;<\/p>\n<p><a href=\"https:\/\/www.diarioimagen.net\/?attachment_id=502088\" rel=\"attachment wp-att-502088\"><img loading=\"lazy\" decoding=\"async\" class=\"aligncenter size-full wp-image-502088\" src=\"https:\/\/www.diarioimagen.net\/wp-content\/uploads\/2021\/04\/FARMACOS-COVID.jpg\" alt=\"\" width=\"460\" height=\"270\" \/><\/a><\/p>\n<p>&nbsp;<\/p>\n<p>Los medicamentos para tratar la covid-19 no funcionaron en los estudios, entre el 95 y el 99 por ciento de los casos, seg\u00fan dijo\u00a0 el m\u00e9dico alem\u00e1n Stefan Kluge, director del centro de Medicina Intensiva de la Cl\u00ednica Universitaria de Hamburgo-Eppendorf.<\/p>\n<p>Kluge afirm\u00f3 que si bien en el transcurso de la pandemia hubo cada vez m\u00e1s fe y esperanza en que se encontrara un medicamento para ello, actualmente los cient\u00edficos no tienen grandes esperanzas acerca de la posibilidad de contar a corto plazo con un medicamento que pueda reducir dr\u00e1sticamente la mortalidad en las unidades de terapia intensiva.<\/p>\n<p>El especialista es coordinador de las directrices de tratamiento de la Asociaci\u00f3n Interdisciplinaria Alemana de Cuidados Intensivos y Medicina de Emergencia (DIVI), se\u00f1al\u00f3 que hasta ahora los medicamentos se hab\u00edan usado sobre todo para aliviar s\u00edntomas.<\/p>\n<p>Es as\u00ed como en los pacientes de la cl\u00ednica se usa sobre todo la dexametasona, un antiinflamatorio conocido desde hace tiempo. Se supone que desacelera la fuerte reacci\u00f3n inmunitaria que se produce con frecuencia en los pacientes con coronavirus.<\/p>\n<p>La dexametasona es uno de los f\u00e1rmacos recomendados por las directrices m\u00e9dicas alemanas; sin embargo, podr\u00eda generar complicaciones en pacientes diab\u00e9ticos y solo funciona en casos graves de Covid-19.<\/p>\n<p style=\"text-align: center;\"><strong>Grifols fracasa en el estudio de uno de sus f\u00e1rmacos <\/strong><\/p>\n<p>\u00a0Grifols ha anunciado que su ensayo cl\u00ednico para tratar el coronavirus mediante inmunoglobulina en pacientes ya contagiados no ha dado \u201cresultados estad\u00edsticamente significativos\u201d.<\/p>\n<p>El f\u00e1rmaco que estaba en fase de ensayo cl\u00ednico inclu\u00eda el antiviral remdesivir y una inmunoglobulina intravenosa hiperinmune anti-SARS-CoV-2, lo que contiene anticuerpos extra\u00eddos del plasma de personas que ya hab\u00edan superado la enfermedad.<\/p>\n<p>El estudio incluy\u00f3 a casi 600 pacientes adultos en once pa\u00edses de los cinco continentes. Los voluntarios pod\u00edan participar en el ensayo si hab\u00edan sido hospitalizados por Covid-19 y hab\u00edan tenido s\u00edntomas durante 12 d\u00edas o menos y no presentaban disfunci\u00f3n de \u00f3rganos con riesgo de mortalidad o fallo org\u00e1nico terminal. El estudio en fase 3, denominado ITAC (Tratamiento con Inmunoglobulina Anti-Coronavirus en Pacientes Hospitalizados), era aleatorizado, doble ciego, controlado con placebo y adaptativo.<\/p>\n<p>El objetivo era que el f\u00e1rmaco sirviese para administrarse en centros de atenci\u00f3n primaria una vez que el paciente diese positivo en los test de covid-19, evitando un empeoramiento de los s\u00edntomas y la posterior hospitalizaci\u00f3n.<\/p>\n<p>Tras el fallido resultado de esta investigaci\u00f3n, Grifols se\u00f1ala que seguir\u00e1 adelante con sus \u201cm\u00e1s de 20 iniciativas de investigaci\u00f3n para encontrar posibles opciones de tratamiento para los distintos estadios de la covid-19\u201d, algunas de ellas involucrando tambi\u00e9n a plasma sangu\u00edneo.<\/p>\n","protected":false},"excerpt":{"rendered":"<p>Los medicamentos para tratar la covid-19 no funcionaron en los estudios, entre el 95 y el 99 por ciento de los casos, seg\u00fan dijo\u00a0 el m\u00e9dico alem\u00e1n Stefan Kluge, director del centro de Medicina Intensiva de la Cl\u00ednica Universitaria de Hamburgo-Eppendorf.<\/p>\n","protected":false},"author":3,"featured_media":502088,"comment_status":"open","ping_status":"open","sticky":false,"template":"","format":"standard","meta":{"_monsterinsights_skip_tracking":false,"_monsterinsights_sitenote_active":false,"_monsterinsights_sitenote_note":"","_monsterinsights_sitenote_category":0,"footnotes":""},"categories":[877],"tags":[90021,92693,65794,4655,43679,43692],"class_list":["post-502052","post","type-post","status-publish","format-standard","has-post-thumbnail","hentry","category-salud","tag-covid-19","tag-funcionan","tag-mayoria","tag-medicamentos","tag-mundo","tag-salud"],"_links":{"self":[{"href":"https:\/\/www.diarioimagen.net\/index.php?rest_route=\/wp\/v2\/posts\/502052","targetHints":{"allow":["GET"]}}],"collection":[{"href":"https:\/\/www.diarioimagen.net\/index.php?rest_route=\/wp\/v2\/posts"}],"about":[{"href":"https:\/\/www.diarioimagen.net\/index.php?rest_route=\/wp\/v2\/types\/post"}],"author":[{"embeddable":true,"href":"https:\/\/www.diarioimagen.net\/index.php?rest_route=\/wp\/v2\/users\/3"}],"replies":[{"embeddable":true,"href":"https:\/\/www.diarioimagen.net\/index.php?rest_route=%2Fwp%2Fv2%2Fcomments&post=502052"}],"version-history":[{"count":0,"href":"https:\/\/www.diarioimagen.net\/index.php?rest_route=\/wp\/v2\/posts\/502052\/revisions"}],"wp:featuredmedia":[{"embeddable":true,"href":"https:\/\/www.diarioimagen.net\/index.php?rest_route=\/wp\/v2\/media\/502088"}],"wp:attachment":[{"href":"https:\/\/www.diarioimagen.net\/index.php?rest_route=%2Fwp%2Fv2%2Fmedia&parent=502052"}],"wp:term":[{"taxonomy":"category","embeddable":true,"href":"https:\/\/www.diarioimagen.net\/index.php?rest_route=%2Fwp%2Fv2%2Fcategories&post=502052"},{"taxonomy":"post_tag","embeddable":true,"href":"https:\/\/www.diarioimagen.net\/index.php?rest_route=%2Fwp%2Fv2%2Ftags&post=502052"}],"curies":[{"name":"wp","href":"https:\/\/api.w.org\/{rel}","templated":true}]}}