{"id":502132,"date":"2021-04-06T00:08:35","date_gmt":"2021-04-06T05:08:35","guid":{"rendered":"https:\/\/www.diarioimagen.net\/?p=502132"},"modified":"2021-04-07T00:13:39","modified_gmt":"2021-04-07T05:13:39","slug":"administracion-cabal-fincada-en-honestidad-y-transparencia-ofrece-yolanda-ballesteros","status":"publish","type":"post","link":"https:\/\/www.diarioimagen.net\/?p=502132","title":{"rendered":"Administraci\u00f3n cabal, fincada en honestidad y transparencia, ofrece Yolanda Ballesteros"},"content":{"rendered":"<p>&nbsp;<\/p>\n<ul>\n<li><strong><em>Incrementar\u00e1 la oferta de servicios de la Facultad de Qu\u00edmica<\/em><\/strong><\/li>\n<\/ul>\n<p>&nbsp;<\/p>\n<div id=\"attachment_502254\" style=\"width: 470px\" class=\"wp-caption aligncenter\"><a href=\"https:\/\/www.diarioimagen.net\/?attachment_id=502254\" rel=\"attachment wp-att-502254\"><img loading=\"lazy\" decoding=\"async\" aria-describedby=\"caption-attachment-502254\" class=\"size-full wp-image-502254\" src=\"https:\/\/www.diarioimagen.net\/wp-content\/uploads\/2021\/04\/Yolanda1Portada.jpg\" alt=\"\" width=\"460\" height=\"270\" \/><\/a><p id=\"caption-attachment-502254\" class=\"wp-caption-text\">Durante su comparecencia en la Facultad de Qu\u00edmica de la UAEM, Yolanda Ballesteros Sent\u00edes respondi\u00f3 a las inquietudes de los tres sectores de ese organismo acad\u00e9mico.<\/p><\/div>\n<p>&nbsp;<\/p>\n<p><strong>Toluca, Estado de M\u00e9xico.- <\/strong>El tema del manejo de las finanzas en la Universidad Aut\u00f3noma del Estado de M\u00e9xico (UAEM) es un asunto muy sensible que ser\u00e1 prioritario tratar, como una de las primeras acciones que tendr\u00e1n que ejecutarse desde la m\u00e1s alta posici\u00f3n institucional, asegur\u00f3 Yolanda Ballesteros Sent\u00edes, aspirante a ocupar la Rector\u00eda durante el periodo 2021-2025.<\/p>\n<p>Es fundamental estar despachando desde el cuarto torre\u00f3n para saber a cabalidad lo que ha sucedido en el manejo del presupuesto universitario, dijo, porque es dif\u00edcil comprender muchas circunstancias desde escenarios diversos a la Rector\u00eda. No se puede se\u00f1alar a nadie, agreg\u00f3, pero es un deber moral llegar hasta la ra\u00edz para entender lo que ha ocurrido con los recursos de la Universidad en los \u00faltimos a\u00f1os.<\/p>\n<p>Durante su comparecencia en la Facultad de Qu\u00edmica, Ballesteros Sent\u00edes respondi\u00f3 a las inquietudes de los tres sectores de ese organismo acad\u00e9mico, que principalmente expresaron la necesidad de fortalecer las condiciones de los espacios para seguir brindando servicios de calidad a la comunidad, as\u00ed como fortalecer la vinculaci\u00f3n de la Universidad con las empresas y el gobierno.<\/p>\n<p>En este sentido, extern\u00f3 su convicci\u00f3n y se comprometi\u00f3 a iniciar un proceso de gesti\u00f3n con las autoridades correspondientes, as\u00ed como buscar apoyos nacionales e internacionales, lograr m\u00e1s convenios provechosos y contar con los elementos para cubrir lo que llam\u00f3 la \u00abnueva canasta b\u00e1sica\u00bb de la educaci\u00f3n, para alcanzar importantes niveles de competitividad.<\/p>\n<p>Asimismo, asegur\u00f3 que es necesario mejorar las condiciones para la generaci\u00f3n de recursos propios, tanto en lo referente a contar con equipo adecuado que reciba mantenimiento constante, como en lo que tiene que ver con la obtenci\u00f3n de insumos y materiales, adem\u00e1s de que se necesita contar con espacios \u00f3ptimos y plazas suficientes para que, tanto la Facultad de Qu\u00edmica como otros espacios de la UAEM, adem\u00e1s de favorecer el proceso de ense\u00f1anza aprendizaje y la generaci\u00f3n del conocimiento a trav\u00e9s de la investigaci\u00f3n, sigan ofreciendo a la sociedad productos y servicios de alta calidad respaldados por la Ciencia y la Academia.<\/p>\n<p>Los procesos para generar recursos propios tienen que realizarse sin olvidar la esencia misma de la universidad, pero, adem\u00e1s, deben mejorarse, dijo, porque se requiere que satisfagan las necesidades de una instituci\u00f3n que hoy en d\u00eda alberga a un alumnado de alrededor de 90 mil alumnos y cerca de 13 mil profesores y administrativos, que requieren respuestas a una realidad que es muy diferente de la de hace 20 a\u00f1os, y que exige una verdadera simplificaci\u00f3n de procedimientos.<\/p>\n","protected":false},"excerpt":{"rendered":"<p>El tema del manejo de las finanzas en la Universidad Aut\u00f3noma del Estado de M\u00e9xico (UAEM) es un asunto muy sensible que ser\u00e1 prioritario tratar, como una de las primeras acciones que tendr\u00e1n que ejecutarse desde la m\u00e1s alta posici\u00f3n institucional, asegur\u00f3 Yolanda Ballesteros Sent\u00edes, aspirante a ocupar la Rector\u00eda durante el periodo 2021-2025.<\/p>\n","protected":false},"author":3,"featured_media":502254,"comment_status":"open","ping_status":"open","sticky":false,"template":"","format":"standard","meta":{"_monsterinsights_skip_tracking":false,"_monsterinsights_sitenote_active":false,"_monsterinsights_sitenote_note":"","_monsterinsights_sitenote_category":0,"footnotes":""},"categories":[5],"tags":[43675,452,1490,92678],"class_list":["post-502132","post","type-post","status-publish","format-standard","has-post-thumbnail","hentry","category-estado-de-mexico","tag-estado-de-mexico","tag-toluca","tag-universidad-autonoma-del-estado-de-mexico","tag-yolanda-ballesteros-senties"],"_links":{"self":[{"href":"https:\/\/www.diarioimagen.net\/index.php?rest_route=\/wp\/v2\/posts\/502132","targetHints":{"allow":["GET"]}}],"collection":[{"href":"https:\/\/www.diarioimagen.net\/index.php?rest_route=\/wp\/v2\/posts"}],"about":[{"href":"https:\/\/www.diarioimagen.net\/index.php?rest_route=\/wp\/v2\/types\/post"}],"author":[{"embeddable":true,"href":"https:\/\/www.diarioimagen.net\/index.php?rest_route=\/wp\/v2\/users\/3"}],"replies":[{"embeddable":true,"href":"https:\/\/www.diarioimagen.net\/index.php?rest_route=%2Fwp%2Fv2%2Fcomments&post=502132"}],"version-history":[{"count":0,"href":"https:\/\/www.diarioimagen.net\/index.php?rest_route=\/wp\/v2\/posts\/502132\/revisions"}],"wp:featuredmedia":[{"embeddable":true,"href":"https:\/\/www.diarioimagen.net\/index.php?rest_route=\/wp\/v2\/media\/502254"}],"wp:attachment":[{"href":"https:\/\/www.diarioimagen.net\/index.php?rest_route=%2Fwp%2Fv2%2Fmedia&parent=502132"}],"wp:term":[{"taxonomy":"category","embeddable":true,"href":"https:\/\/www.diarioimagen.net\/index.php?rest_route=%2Fwp%2Fv2%2Fcategories&post=502132"},{"taxonomy":"post_tag","embeddable":true,"href":"https:\/\/www.diarioimagen.net\/index.php?rest_route=%2Fwp%2Fv2%2Ftags&post=502132"}],"curies":[{"name":"wp","href":"https:\/\/api.w.org\/{rel}","templated":true}]}}