{"id":502287,"date":"2021-04-07T00:09:48","date_gmt":"2021-04-07T05:09:48","guid":{"rendered":"https:\/\/www.diarioimagen.net\/?p=502287"},"modified":"2021-04-07T23:37:16","modified_gmt":"2021-04-08T04:37:16","slug":"carrera-judicial-clave-de-la-vida-del-pjcdmx-mag-guerra-alvarez","status":"publish","type":"post","link":"https:\/\/www.diarioimagen.net\/?p=502287","title":{"rendered":"Carrera judicial, clave de la vida del PJCDMX: mag. Guerra \u00c1lvarez"},"content":{"rendered":"<p><em>\u00a0<\/em><\/p>\n<ul>\n<li><strong><em>El presidente del \u00f3rgano judicial pronunci\u00f3 un discurso en la sesi\u00f3n del Pleno en la que se impuso la toga a diez nuevos magistrados y magistradas.<\/em><\/strong><\/li>\n<li><strong><em>En el acto en el que estuvo la jefa de Gobierno, Claudia Sheinbaum Pardo, el magistrado dijo que hoy, como nunca antes, la credibilidad de <\/em><em>las instituciones debe elevarse con trabajo, preparaci\u00f3n y resultados<\/em><\/strong><\/li>\n<\/ul>\n<p>&nbsp;<\/p>\n<div id=\"attachment_502397\" style=\"width: 470px\" class=\"wp-caption aligncenter\"><a href=\"https:\/\/www.diarioimagen.net\/?attachment_id=502397\" rel=\"attachment wp-att-502397\"><img loading=\"lazy\" decoding=\"async\" aria-describedby=\"caption-attachment-502397\" class=\"size-full wp-image-502397\" src=\"https:\/\/www.diarioimagen.net\/wp-content\/uploads\/2021\/04\/tribunal.jpg\" alt=\"\" width=\"460\" height=\"270\" \/><\/a><p id=\"caption-attachment-502397\" class=\"wp-caption-text\">El presidente del Poder Judicial de la Ciudad de M\u00e9xico, magistrado Rafael Guerra \u00c1lvarez, encabez\u00f3 la sesi\u00f3n p\u00fablica del Pleno de magistrados y magistradas en la que se impuso la toga a diez nuevos integrantes, cinco hombres y cinco mujeres. Al evento asisti\u00f3 la jefa de Gobierno, Claudia Sheinbaum Pardo.<\/p><\/div>\n<p>&nbsp;<\/p>\n<p>Al encabezar la imposici\u00f3n de toga a 10 magistrados y magistradas reci\u00e9n nombrados por el Congreso local, el presidente del Poder Judicial de la Ciudad de M\u00e9xico (PJCDMX), magistrado Rafael Guerra \u00c1lvarez, asegur\u00f3 que la carrera judicial es la clave de la vida de \u00abnuestra instituci\u00f3n\u00bb, y enfatiz\u00f3 que por ello es tan importante protegerla.<\/p>\n<p>En sesi\u00f3n p\u00fablica del Pleno de magistrados y magistradas, y con la presencia de la jefa de Gobierno, Claudia Sheinbaum Pardo, dio la bienvenida a los nuevos togados, y plante\u00f3 que hoy, como nunca antes, la credibilidad de las instituciones p\u00fablicas debe elevarse con trabajo, preparaci\u00f3n y resultados.<\/p>\n<p>Subray\u00f3 que los reci\u00e9n nombrados son miembros del Poder Judicial, y quienes representan una tradici\u00f3n, permanencia e independencia. A ellos, dijo: \u00abEn nuestras manos se encuentra la posibilidad de consumar las causas superiores como el respeto a los derechos humanos, la igualdad sustantiva, la soberan\u00eda y la independencia de los Poderes de la Uni\u00f3n\u00bb.<\/p>\n<p>El tambi\u00e9n presidente del Consejo de la Judicatura de la Ciudad de M\u00e9xico coment\u00f3 que la justicia es \u00fanica y perfecta; pero \u00abnuestra capacidad de concebirla e impartirla\u00bb, dijo, es siempre perfectible.<\/p>\n<p>Asimismo, destac\u00f3 que esta vez la magistratura del \u00f3rgano judicial capitalino se nutri\u00f3 con el inmenso potencial creador de la mujer mexicana, forjado en la adversidad, el cual se templa en la determinaci\u00f3n y se afila en el conocimiento.<\/p>\n<p>En una sesi\u00f3n realizada de manera h\u00edbrida, ya que para una parte del pleno fue presencial y para otra a distancia, Guerra \u00c1lvarez conmin\u00f3 a las cinco mujeres y a los cinco hombres a atesorar la nueva identidad que los distingue, a significarla en su ejemplo y ejercerla en los hechos.<\/p>\n<p>Los nuevos magistrados son: Eliseo Juan Hern\u00e1ndez Villaverde, Jorge Mart\u00ednez Arregu\u00edn, Griselda Mart\u00ednez Ledesma, Yaopol P\u00e9rez Amaya Jim\u00e9nez, Leticia Rocha Licea, Mar\u00eda de los \u00c1ngeles Rojano Zavalza, Gloria Rosa Santos Mendoza, Jaime Silva Gaxiola, Mar\u00eda del Rosario Tirado Guti\u00e9rrez y Jos\u00e9 Luis Zavaleta Robles. Durante su discurso, Guerra \u00c1lvarez tambi\u00e9n hizo alusi\u00f3n a la reciente ratificaci\u00f3n de la magistrada Rosa Laura S\u00e1nchez Flores, por parte de Congreso capitalino, a quien felicit\u00f3.<\/p>\n","protected":false},"excerpt":{"rendered":"<p>Al encabezar la imposici\u00f3n de toga a 10 magistrados y magistradas reci\u00e9n nombrados por el Congreso local, el presidente del Poder Judicial de la Ciudad de M\u00e9xico (PJCDMX), magistrado Rafael Guerra \u00c1lvarez, asegur\u00f3 que la carrera judicial es la clave de la vida de \u00abnuestra instituci\u00f3n\u00bb, y enfatiz\u00f3 que por ello es tan importante protegerla.<\/p>\n","protected":false},"author":3,"featured_media":502397,"comment_status":"open","ping_status":"open","sticky":false,"template":"","format":"standard","meta":{"_monsterinsights_skip_tracking":false,"_monsterinsights_sitenote_active":false,"_monsterinsights_sitenote_note":"","_monsterinsights_sitenote_category":0,"footnotes":""},"categories":[6],"tags":[72207,87379,87380,79994],"class_list":["post-502287","post","type-post","status-publish","format-standard","has-post-thumbnail","hentry","category-cd-de-mexico","tag-claudia-sheinbaum-pardo","tag-pjcdmx","tag-poder-judicial-de-la-ciudad-de-mexico","tag-rafael-guerra-alvarez"],"_links":{"self":[{"href":"https:\/\/www.diarioimagen.net\/index.php?rest_route=\/wp\/v2\/posts\/502287","targetHints":{"allow":["GET"]}}],"collection":[{"href":"https:\/\/www.diarioimagen.net\/index.php?rest_route=\/wp\/v2\/posts"}],"about":[{"href":"https:\/\/www.diarioimagen.net\/index.php?rest_route=\/wp\/v2\/types\/post"}],"author":[{"embeddable":true,"href":"https:\/\/www.diarioimagen.net\/index.php?rest_route=\/wp\/v2\/users\/3"}],"replies":[{"embeddable":true,"href":"https:\/\/www.diarioimagen.net\/index.php?rest_route=%2Fwp%2Fv2%2Fcomments&post=502287"}],"version-history":[{"count":0,"href":"https:\/\/www.diarioimagen.net\/index.php?rest_route=\/wp\/v2\/posts\/502287\/revisions"}],"wp:featuredmedia":[{"embeddable":true,"href":"https:\/\/www.diarioimagen.net\/index.php?rest_route=\/wp\/v2\/media\/502397"}],"wp:attachment":[{"href":"https:\/\/www.diarioimagen.net\/index.php?rest_route=%2Fwp%2Fv2%2Fmedia&parent=502287"}],"wp:term":[{"taxonomy":"category","embeddable":true,"href":"https:\/\/www.diarioimagen.net\/index.php?rest_route=%2Fwp%2Fv2%2Fcategories&post=502287"},{"taxonomy":"post_tag","embeddable":true,"href":"https:\/\/www.diarioimagen.net\/index.php?rest_route=%2Fwp%2Fv2%2Ftags&post=502287"}],"curies":[{"name":"wp","href":"https:\/\/api.w.org\/{rel}","templated":true}]}}