{"id":502308,"date":"2021-04-07T00:01:11","date_gmt":"2021-04-07T05:01:11","guid":{"rendered":"https:\/\/www.diarioimagen.net\/?p=502308"},"modified":"2021-04-07T04:50:57","modified_gmt":"2021-04-07T09:50:57","slug":"abre-nuevo-restaurante-en-polanco-con-platillos-de-cocina-fusion-y-mixologia","status":"publish","type":"post","link":"https:\/\/www.diarioimagen.net\/?p=502308","title":{"rendered":"Abre nuevo restaurante en Polanco con platillos de cocina-fusi\u00f3n y mixolog\u00eda"},"content":{"rendered":"<h2>De cinco estrellas<\/h2>\n<h5>Victoria Gonz\u00e1lez Prado<\/h5>\n<p>&nbsp;<\/p>\n<ul>\n<li><strong>Hela Spa<em> ofrece oasis de relajaci\u00f3n y tratamientos para el cuerpo y el alma <\/em><\/strong><\/li>\n<li><strong><em>Pruebas r\u00e1pidas de ant\u00edgenos o PCR a precios preferenciales con Viva Aerobus\u00a0<\/em><\/strong><\/li>\n<li><strong>Lynk by CPS<em> incorpora a su lista al <\/em>Costa de Oro Beach Hotel<em>en Mazatl\u00e1n<\/em><\/strong><\/li>\n<\/ul>\n<p>&nbsp;<\/p>\n<p>&nbsp;<\/p>\n<div id=\"attachment_502417\" style=\"width: 310px\" class=\"wp-caption alignleft\"><a href=\"https:\/\/www.diarioimagen.net\/?attachment_id=502417\" rel=\"attachment wp-att-502417\"><img loading=\"lazy\" decoding=\"async\" aria-describedby=\"caption-attachment-502417\" class=\" wp-image-502417\" src=\"https:\/\/www.diarioimagen.net\/wp-content\/uploads\/2021\/04\/turismo.jpg\" alt=\"\" width=\"300\" height=\"400\" \/><\/a><p id=\"caption-attachment-502417\" class=\"wp-caption-text\">Nuevo restaurante en Polanco.<\/p><\/div>\n<p>Concepto con platillos emblem\u00e1ticos de la cocina-fusi\u00f3n internacional, parrilla al carb\u00f3n y exquisita mixolog\u00eda, en ambiente casual y relajado\u00a0 es el del reci\u00e9n abierto <em>Maneiro Prime Bar<\/em>.<\/p>\n<p>El lugar se convierta en predilecto para el precopeo. A la hora de la comida o de la cena, los comensales pueden disfrutar llas recomendaciones del mix\u00f3logo <strong>Emiliano Lara<\/strong>, con una propuesta fresca de autor con aut\u00e9ntico sabor playero. Destacan sus creaciones con inyector de CO<sub>2<\/sub> y c\u00f3cteles ahumados.<\/p>\n<p>Para abrir boca, las creaciones del chef ejecutivo <strong>Said Beltran <\/strong>con influencia de la cocina francesa, espa\u00f1ola, argentina, mexicana y otras, incluye selectos cortes <em>Prime<\/em> al carb\u00f3n\u00a0 servidos en bloques de sal del Himalaya, tacos de pica\u00f1a y tu\u00e9tano, pastas frescas, cocodrilo bites, <em>Magret<\/em> de pato, salsas de la casa y mucho m\u00e1s.<\/p>\n<p>Para acompa\u00f1ar la cava de vinos abarca etiquetas de las principales regiones vin\u00edcolas del mundo incluyendo M\u00e9xico.<\/p>\n<p>Tambi\u00e9n, el restaurante presenta opciones para disfrutar desayunos con pan dulce reci\u00e9n horneado, frutas y jugos de temporada, <em>waffles <\/em>y<em> omelettes.<\/em><\/p>\n<p>El dise\u00f1o est\u00e1 lleno de detalles de vanguardia. En la planta superior resalta la barra de mixolog\u00eda, cobijada por un enorme \u00e1rbol, que forma parte de la armon\u00eda del lugar y reflejo del cuidado y respeto a la naturaleza.<\/p>\n<p>Maderas finas recubren el sitio, l\u00e1mparas de techo en forma de esferas, letreros ne\u00f3n y algunos espejos en sus paredes brindan c\u00e1lido ambientes. Se ubica en Polanco, opera al 30 por ciento de su capacidad de 8:00 A.M a 11:00 P.M., de\u00a0 lunes a domingo.<\/p>\n<p>\u2730\u2730\u2730\u2730\u2730 Reconocido durante cinco a\u00f1os consecutivos como uno de los mejores spas boutiques en M\u00e9xico<em>, Hela Spa,<\/em> est\u00e1 comprometido en ofrecer el tratamiento adecuado de acuerdo a las necesidades de cada persona.<\/p>\n<p>Es un oasis de relajaci\u00f3n y rejuvenecimiento donde puedes disfrutar de un momento de armon\u00eda dedicado a tu cuerpo y mente. Ubicado al interior del hotel Presidente Intercontinental M\u00e9xico City ofrece distintas terapias entre las que destacan: masajes con t\u00e9cnicas n\u00f3rdicas, los m\u00e1s avanzados faciales oxigenantes y de limpieza profunda, tratamientos de depilaci\u00f3n y corporales con ingredientes naturales dise\u00f1ados para renovar tu piel y completar tu rutina de belleza.<\/p>\n<p>\u2730\u2730\u2730\u2730\u2730 Para brindar a los pasajeros pruebas r\u00e1pidas de ant\u00edgenos o PCR a precios preferenciales, Viva Aerobus firm\u00f3 alianza con Laboratorios M\u00e9dicos Polanco\u00a0 disponible en Ciudad de M\u00e9xico, Toluca y Quer\u00e9taro. Laboratorios Ruiz -en Puebla y Tlaxcala- sumando a otro convenio existente con Grupo Diagn\u00f3stico Aries en Ciudad de M\u00e9xico con distintos laboratorios. En Chihuahua los laboratorios Liacsa, en Monterrey y Saltillo, en <em>SwissLab <\/em>y Dr. Moreira.<\/p>\n<p>Si bien estos ex\u00e1menes m\u00e9dicos son requisito para volar a pa\u00edses como Estados Unidos, todos los pasajeros de Viva, sin importar su destino, pueden aprovechar esta iniciativa para cuidar su salud. Los convenios tienen como objetivo contribuir en el cuidado de la salud y bienestar de todos, brindando tranquilidad y confianza a los pasajeros.<\/p>\n<p>Para acceder a la promoci\u00f3n exclusiva, los pasajeros deber\u00e1n llamar a los tel\u00e9fonos de atenci\u00f3n de los laboratorios participantes, disponibles en el sitio <em>web <\/em>de Viva Aerobus,para Grupo Aries y para Laboratorio M\u00e9dico Polanco y en Laboratorios Ruiz deber\u00e1n proporcionar su clave de reservaci\u00f3n, previo a realizar su vuelo, y seguir las indicaciones del personal para agendar su cita.<\/p>\n<p>Ambas pruebas son una opci\u00f3n confiable, \u00e1gil y accesible para todos los viajeros, y se realiza mediante proceso far\u00edngeo y\/o nasofar\u00edngeo. La prueba de ant\u00edgeno se entrega en 20 minutos y la PCR al siguiente d\u00eda, mismos que pueden ser consultados v\u00eda correo electr\u00f3nico o en el sitio web del laboratorio.<\/p>\n<p>Esta alianza es resultado del plan integral de prevenci\u00f3n e higiene, Viva Contigo, que la aerol\u00ednea ha implementado desde el inicio de la pandemia y que contempla procesos adicionales de desinfecci\u00f3n en aeronaves y \u00e1reas comunes,\u00a0\u00a0 distancia segura, uso de cubrebocas, entre muchas otras acciones.<\/p>\n<p>\u2730\u2730\u2730\u2730\u2730 Llevamos un a\u00f1o hablando de Covid, todo gira en torno a la pandemia y pareciera que no existe otro tema. Por\u00a0 fortuna, aunque sea de vez en cuando, hay buenas nuevas.<\/p>\n<p>Les cuento que <em>Lynk by CPS <\/em>inici\u00f3 este a\u00f1o 2021 incorporando a su lista de socios a Costa<em> de Oro Beach Hotel<\/em> en Mazatl\u00e1n, Sinaloa, inmueble ubicado frente al mar, en la Zona Dorada, \u00e1rea de la ciudad considerada el distrito tur\u00edstico\u00a0 donde est\u00e1n algunos de los mejores restaurantes, centros nocturnos, centros comerciales y m\u00e1s.<\/p>\n<p>El hotel cuenta con 229 habitaciones, destacan las que tienen vista al mar, donde se pueden admirar bellos atardeceres y la Isla de Venados. Tambi\u00e9n cuenta con amplias suites y habitaciones tipo estudio.<\/p>\n<p>Por supuesto, el inmueble cumple con todos los protocolos de higiene solicitados por la Secretar\u00eda de Salud adem\u00e1s de la certificaci\u00f3n de la entidad: \u201cDistintivo de Sanidad\u201d. Tambi\u00e9n ha obtenido la Certificaci\u00f3n <em>Covid-19 Higiene Response<\/em> que emite <em>Grupo\u00a0Preverisk<\/em> empresa internacional especializada en<strong>\u00a0<\/strong>gesti\u00f3n y prevenci\u00f3n de riesgos ambientales y satisfacci\u00f3n de\u00a0clientes para la industria tur\u00edstica.<\/p>\n<p>Con \u201cExperiencia Bienestar\u201d, puedes obtener tarifas muy atractivas en programas de tres noches todo incluido. El programa permite participar en actividades programadas, incluyendo alimentaci\u00f3n y bebidas saludables, yoga, actividades en la playa y alberca, paseos en bicicleta, caminata al centro hist\u00f3rico, visita al Faro y m\u00e1s.<\/p>\n<p>El restaurante Adobes del Costa de Oro se especializa en cocina internacional y platillos aut\u00e9nticos de la regi\u00f3n. Ideal para consentir a rom\u00e1nticos exigents con cena frente al mar bajo la luz de la luna.<\/p>\n<p>Para disfrutar del c\u00e1lido clima de Mazatl\u00e1n no hay nada mejor que refrescarte con bebida en el Bar Lago Azul, acompa\u00f1ado de exquisitas botanas.<\/p>\n<p>&nbsp;<\/p>\n<blockquote>\n<p style=\"text-align: right;\">\u201c<strong>El<\/strong> <strong>\u00e1ngel de la fama tiene sus alas hechas de papel&#8230; peri\u00f3dico\u201d.<br \/>\n<\/strong><\/p>\n<\/blockquote>\n<p>&nbsp;<\/p>\n<p><em><span class=\"Apple-converted-space\"><a href=\"mailto:victoriagprado@gmail.com\" target=\"_blank\" rel=\"noopener noreferrer\">victoriagprado@gmail.com<\/a><br \/>\nTwitter: <a href=\"https:\/\/twitter.com\/victoriagprado\" target=\"_blank\" rel=\"noopener noreferrer\">@victoriagprado<\/a><\/span><\/em><\/p>\n","protected":false},"excerpt":{"rendered":"<p>Concepto con platillos emblem\u00e1ticos de la cocina-fusi\u00f3n internacional, parrilla al carb\u00f3n y exquisita mixolog\u00eda, en ambiente casual y relajado  es el del reci\u00e9n abierto <em>Maneiro Prime Bar<\/em>.<\/p>\n","protected":false},"author":3,"featured_media":502416,"comment_status":"open","ping_status":"open","sticky":false,"template":"","format":"standard","meta":{"_monsterinsights_skip_tracking":false,"_monsterinsights_sitenote_active":false,"_monsterinsights_sitenote_note":"","_monsterinsights_sitenote_category":0,"footnotes":""},"categories":[11],"tags":[107,43674,43681,106],"class_list":["post-502308","post","type-post","status-publish","format-standard","has-post-thumbnail","hentry","category-turismo","tag-de-cinco-estrellas","tag-opinion","tag-turismo","tag-victoria-gonzalez-prado"],"_links":{"self":[{"href":"https:\/\/www.diarioimagen.net\/index.php?rest_route=\/wp\/v2\/posts\/502308","targetHints":{"allow":["GET"]}}],"collection":[{"href":"https:\/\/www.diarioimagen.net\/index.php?rest_route=\/wp\/v2\/posts"}],"about":[{"href":"https:\/\/www.diarioimagen.net\/index.php?rest_route=\/wp\/v2\/types\/post"}],"author":[{"embeddable":true,"href":"https:\/\/www.diarioimagen.net\/index.php?rest_route=\/wp\/v2\/users\/3"}],"replies":[{"embeddable":true,"href":"https:\/\/www.diarioimagen.net\/index.php?rest_route=%2Fwp%2Fv2%2Fcomments&post=502308"}],"version-history":[{"count":0,"href":"https:\/\/www.diarioimagen.net\/index.php?rest_route=\/wp\/v2\/posts\/502308\/revisions"}],"wp:featuredmedia":[{"embeddable":true,"href":"https:\/\/www.diarioimagen.net\/index.php?rest_route=\/wp\/v2\/media\/502416"}],"wp:attachment":[{"href":"https:\/\/www.diarioimagen.net\/index.php?rest_route=%2Fwp%2Fv2%2Fmedia&parent=502308"}],"wp:term":[{"taxonomy":"category","embeddable":true,"href":"https:\/\/www.diarioimagen.net\/index.php?rest_route=%2Fwp%2Fv2%2Fcategories&post=502308"},{"taxonomy":"post_tag","embeddable":true,"href":"https:\/\/www.diarioimagen.net\/index.php?rest_route=%2Fwp%2Fv2%2Ftags&post=502308"}],"curies":[{"name":"wp","href":"https:\/\/api.w.org\/{rel}","templated":true}]}}