{"id":502346,"date":"2021-04-07T00:02:19","date_gmt":"2021-04-07T05:02:19","guid":{"rendered":"https:\/\/www.diarioimagen.net\/?p=502346"},"modified":"2021-04-07T01:08:03","modified_gmt":"2021-04-07T06:08:03","slug":"lorenzo-cordova-responde-a-sanchez-cordero-y-defiende-autonomia-del-ine","status":"publish","type":"post","link":"https:\/\/www.diarioimagen.net\/?p=502346","title":{"rendered":"Lorenzo C\u00f3rdova responde a S\u00e1nchez Cordero y defiende autonom\u00eda del INE"},"content":{"rendered":"<h2>La Retaguardia<\/h2>\n<h5>Adriana Moreno Cordero<\/h5>\n<p><em>\u00a0<\/em><\/p>\n<ul>\n<li><em><strong>En la alcald\u00eda Benito Ju\u00e1rez, a Yuyu Tamayo le da flojera ser candidata<\/strong><\/em><\/li>\n<\/ul>\n<p>&nbsp;<\/p>\n<p>\u00bfSer\u00e1 que el presidente <strong>Andr\u00e9s Manuel L\u00f3pez Obrador<\/strong> opt\u00f3 por hacer un <em>impasse<\/em> en el enfrentamiento que \u00e9l mismo arm\u00f3 en contra del Instituto Nacional Electoral y por eso mand\u00f3 en su representaci\u00f3n a la flamante secretaria de Gobernaci\u00f3n<strong>, Olga S\u00e1nchez Cordero<\/strong> al evento en el que inici\u00f3 la impresi\u00f3n de 101.6 millones de boletas electorales que se utilizar\u00e1n en la elecci\u00f3n del ya pr\u00f3ximo 6 de junio?<\/p>\n<p>Sin embargo, la responsable de la pol\u00edtica interna del pa\u00eds, se nota que llevaba la consigna de dar un mensaje de parte del tabasque\u00f1o al consejero-presidente del INE, <strong>Lorenzo C\u00f3rdova<\/strong>. De lo que sobresale de este evento, es que el doctor C\u00f3rdova defendi\u00f3 y bien la independencia y autonom\u00eda del Instituto, al se\u00f1alar que adem\u00e1s de tener la labor de organizar las elecciones, es el \u00e1rbitro de las mismas, as\u00ed que el inquilino de Palacio Nacional no se puede estar dando \u201cba\u00f1os de pureza\u201d para autoerigirse como en el \u00fanico m\u00e1ximo vigilante de los comicios, en este caso, de ya cercano 6 de junio.<\/p>\n<p>En cambio, la titular de la Segob utiliz\u00f3 para cuestionar al titular del INE la misma estrategia que su jefe, tomar cualquier cosa del pasado que pueda servir para atacar al adversario. Por eso, la ministra en retiro dijo que Recuerdo tambi\u00e9n haber escuchado hace algunos a\u00f1os al entonces consejero del INE, <strong>Jos\u00e9 Woldenberg<\/strong>, afirmar que el \u00e1rbitro electoral debe ser discreto, el \u00e1rbitro no busca el aplauso p\u00fablico, sino el cumplimiento de las reglas del juego, la premisa es clara: por definici\u00f3n el \u00e1rbitro es neutral o no es \u00e1rbitro, en pocas palabras, hago m\u00edas lo que en esa ocasi\u00f3n, en 1994, dijo uno de los primeros seis consejeros ciudadanos, y era que el \u00e1rbitro electoral fuera eficiente y discreto, siempre tengo presente estas reflexiones\u201d.<\/p>\n<p>Pues la secretaria S\u00e1nchez Cordero deber\u00eda retomar otras reflexiones del doctor Woldenberg, cuando recientemente, en un art\u00edculo escribi\u00f3 que el INE merec\u00eda una defensa y que su papel lo estaba ejerciendo muy bien. \u00bfPor qu\u00e9 no repar\u00f3 la ministra en retiro en que el primero en que para nada es discreto y menos neutral es L\u00f3pez Obrador? Ella deber\u00eda de saber muy bien que se atribuye facultades que no le corresponden.<\/p>\n<p>Bien por el doctor C\u00f3rdova que le contest\u00f3 a la responsable de la pol\u00edtica interna al subrayar que ser discreto y neutral no significa ser omiso ante las violaciones de la ley. En su discurso, el titular del INE fue muy preciso al se\u00f1alar que hay quienes confunden la aplicaci\u00f3n de la ley con actitudes parciales. El \u00e1rbitro electoral seguir\u00e1 aplicando la ley y garantizando la imparcialidad en el proceso electoral<\/p>\n<p>El INE es un organismo muy celoso de su autonom\u00eda y est\u00e1 m\u00e1s que visto que el presidente quiere destruirlo, algo que no se debe permitir.<\/p>\n<p style=\"text-align: center;\"><strong>Municiones<\/strong><\/p>\n<p>*** Pr\u00f3ximo obituario del PRI en la alcald\u00eda de Benito Ju\u00e1rez. Resulta que la candidata a alcalde del PRI en dicha demarcaci\u00f3n, <strong>Yuyu Tamayo<\/strong>, cercana ni m\u00e1s ni menos que al desaparecido, -porque nadie sabe d\u00f3nde anda, luego de ser se\u00f1alado por acoso-, a <strong>Cuauht\u00e9moc Guti\u00e9rrez<\/strong>, mejor conocido como el \u201cZar de la Basura\u201d, deja \u201ccolgada de la brocha\u201d a la militancia del tricolor en la Ciudad de M\u00e9xico, ya que en sus redes y grupos, anuncia que no har\u00e1 campa\u00f1a, pues para ella es mucho m\u00e1s importante su trabajo en la Iniciativa Privada y no tiene pensado dejarlo. \u00bfAcaso Yuyu sabr\u00e1 que no tiene posibilidades de obtener el triunfo? El problema es que con esta \u201crepartici\u00f3n\u201d de candidaturas, el PRI dej\u00f3 fuera a cuadros femeniles en BJ como por ejemplo, la concejal <strong>Fernanda\u00a0 Bayardo<\/strong> entre otras mujeres que s\u00ed estaban dispuestas a dar la pelea.<\/p>\n<p>*** Sobre el dictamen para regular la cannabis, el presidente de la Mesa Directiva del Senado de la Rep\u00fablica, Eduardo Ram\u00edrez, declar\u00f3: \u201cYo esperar\u00e9 que exista alg\u00fan consenso de los grupos para poder fijar una postura y apuesto mucho a la pol\u00edtica y a la concertaci\u00f3n. A lo mejor es sacar el dictamen tambi\u00e9n como est\u00e1, porque tenemos un t\u00e9rmino perentorio desde la Corte, un resolutivo que lo hace ser con mayor peso constitucional, mayor resoluci\u00f3n jurisdiccional y lo que creo es que hay que apostarle a la pol\u00edtica y en lo que no estemos de acuerdo pueda sufrir modificaciones en la posterioridad\u201d. Por ello, el senador Ram\u00edrez desliz\u00f3 la posibilidad de pedir una nueva pr\u00f3rroga a la Suprema Corte de Justicia de la Naci\u00f3n porque a\u00fan hay puntos que discutir como por ejemplo, uno de tantos que podr\u00edamos mencionar es el consumo de la marihuana en cualquier parte, que sea un espacio abierto. \u201cYo creo que ese es un tema de debate\u201d, sentenci\u00f3 Ram\u00edrez.<\/p>\n<p>*** S\u00ed as\u00ed, con tantos cambios de opini\u00f3n \u201cgobierna\u201d el pa\u00eds, L\u00f3pez Obrador, con raz\u00f3n M\u00e9xico est\u00e1 \u201cen la olla\u201d, como reza un conocido refr\u00e1n. Primero hab\u00eda dicho en su gustad\u00edsima conferencia ma\u00f1anera que como cualquier ciudadano com\u00fan y corriente, ir\u00eda a formarse en cuanto le correspondiera. Hace dos d\u00edas dijo que sus m\u00e9dicos no le recomendaban vacunarse porque ten\u00eda suficientes anticuerpos. En este espacio se consign\u00f3 que esa postura se deb\u00eda a su fe cristiana, que han mostrado estar renuentes a inocularse. Pues ayer, el tabasque\u00f1o cambi\u00f3 de opini\u00f3n y dijo que siempre s\u00ed se vacunar\u00e1 y se aplicar\u00e1\u00a0 la Aztra Zeneca, que por cierto es la que corresponde a las alcald\u00edas: Benito Ju\u00e1rez, Gustavo A. Madero y Cuauht\u00e9moc, esta \u00faltima circunscripci\u00f3n, a donde pertenece Palacio Nacional. Total que el Presidente ya anunci\u00f3 que puede ser dentro de 15 o 20 d\u00edas, cuando se haya concluido con la vacuna a todos los adultos mayores. No, pues qu\u00e9 firmeza la de L\u00f3pez Obrador, con estos desafortunados cambios de opini\u00f3n, lo \u00fanico que hace es confundir a la poblaci\u00f3n, porque lo recomendable es que se vacune pero ya, en vez de estar deshojando la margarita, \u00bfo no?<\/p>\n<p>*** En este mismo orden, el secretario de Salud, el silente Jorge Alcocer, de plano, en su af\u00e1n de ser servil a su jefe, se \u201cavent\u00f3 la puntada\u201d de decir que el Presidente gener\u00f3 muchos anticuerpos que le dieron inmunidad y eso se lo debe, -ojo-, al pueblo \u201cbueno y sabio\u201d. \u00bfQu\u00e9 base cient\u00edfica puede tener esto \u00faltimo? El caso es que no se tiene a\u00fan la medida exacta de cuando dura esa inmunidad natural. Como recuerdan las palabras del titular de Salud -que mejor deber\u00eda quedarse callado, como siempre-, a las de su alumno consentido, <strong>Hugo L\u00f3pez-Gatell<\/strong>, cuando dijo aquello de que L\u00f3pez Obrador no generaba fuerza de contagio. \u00a1No puede ser!<\/p>\n<p>*** Pues el gobernador de Puebla, <strong>Luis Miguel Barbosa Huerta<\/strong>, ya se comprometi\u00f3 a que en ese estado, no se registrar\u00e1 ninguna simulaci\u00f3n en la aplicaci\u00f3n de vacunas contra Covid-19, como aquella foto que se hizo viral el fin de semana por las \u201cex benditas\u201d redes sociales. \u00bfSer\u00e1 que el ex senador tiene tan amarrado el control de la vacunaci\u00f3n?<\/p>\n<p><u><a href=\"mailto:morcora@gmail.com\" target=\"_blank\" rel=\"noopener noreferrer\"><em>morcora@gmail.com<\/em><\/a><\/u><\/p>\n","protected":false},"excerpt":{"rendered":"<p><span style=\"color: #005497;\"><strong>Adriana Moreno Cordero<\/strong><\/span><\/p>\n","protected":false},"author":3,"featured_media":0,"comment_status":"open","ping_status":"open","sticky":false,"template":"","format":"standard","meta":{"_monsterinsights_skip_tracking":false,"_monsterinsights_sitenote_active":false,"_monsterinsights_sitenote_note":"","_monsterinsights_sitenote_category":0,"footnotes":""},"categories":[69370],"tags":[69369,69368,43674],"class_list":["post-502346","post","type-post","status-publish","format-standard","hentry","category-adriana-moreno-cordero","tag-adriana-moreno-cordero","tag-la-retaguardia","tag-opinion"],"_links":{"self":[{"href":"https:\/\/www.diarioimagen.net\/index.php?rest_route=\/wp\/v2\/posts\/502346","targetHints":{"allow":["GET"]}}],"collection":[{"href":"https:\/\/www.diarioimagen.net\/index.php?rest_route=\/wp\/v2\/posts"}],"about":[{"href":"https:\/\/www.diarioimagen.net\/index.php?rest_route=\/wp\/v2\/types\/post"}],"author":[{"embeddable":true,"href":"https:\/\/www.diarioimagen.net\/index.php?rest_route=\/wp\/v2\/users\/3"}],"replies":[{"embeddable":true,"href":"https:\/\/www.diarioimagen.net\/index.php?rest_route=%2Fwp%2Fv2%2Fcomments&post=502346"}],"version-history":[{"count":0,"href":"https:\/\/www.diarioimagen.net\/index.php?rest_route=\/wp\/v2\/posts\/502346\/revisions"}],"wp:attachment":[{"href":"https:\/\/www.diarioimagen.net\/index.php?rest_route=%2Fwp%2Fv2%2Fmedia&parent=502346"}],"wp:term":[{"taxonomy":"category","embeddable":true,"href":"https:\/\/www.diarioimagen.net\/index.php?rest_route=%2Fwp%2Fv2%2Fcategories&post=502346"},{"taxonomy":"post_tag","embeddable":true,"href":"https:\/\/www.diarioimagen.net\/index.php?rest_route=%2Fwp%2Fv2%2Ftags&post=502346"}],"curies":[{"name":"wp","href":"https:\/\/api.w.org\/{rel}","templated":true}]}}