{"id":502347,"date":"2021-04-07T00:04:06","date_gmt":"2021-04-07T05:04:06","guid":{"rendered":"https:\/\/www.diarioimagen.net\/?p=502347"},"modified":"2021-04-07T01:16:20","modified_gmt":"2021-04-07T06:16:20","slug":"politica-informal-y-frivola","status":"publish","type":"post","link":"https:\/\/www.diarioimagen.net\/?p=502347","title":{"rendered":"Pol\u00edtica informal y fr\u00edvola"},"content":{"rendered":"<h2>Punto por punto<\/h2>\n<h5>Augusto Corro<\/h5>\n<p>&nbsp;<\/p>\n<p>Falta mucho para que los pol\u00edticos a la mexicana alcancen la madurez necesaria que los aleje de la informalidad y la frivolidad en su manera de actuar. Los \u00faltimos esc\u00e1ndalos estuvieron a cargo de aspirantes a diputados federales. Hablamos del actor Alfredo Adame y el ex obispo de Ecatepec, On\u00e9simo Cepeda Silva. Del primero se obtuvo una grabaci\u00f3n en la que planteaba el manejo ilegal de millones de pesos que le asignaran para sus gastos de campa\u00f1a; del segundo surgi\u00f3 la sorpresa por sus inquietudes pol\u00edticas, pues las leyes no permiten que los cl\u00e9rigos se dediquen a la grilla.<\/p>\n<p>Adame sali\u00f3 a aclarar su situaci\u00f3n. Dijo que al hablar de ganancias millonarias se refer\u00eda a negocios relacionados con la compra-venta de cubrebocas. Desde luego, nadie le crey\u00f3 su dicho y quiz\u00e1s lo mejor hubiera sido que guardara silencio. Es com\u00fan en M\u00e9xico que el dinero destinado a las campa\u00f1as pol\u00edticas quede en los bolsillos de los candidatos y organizadores. El controvertido actor es militante del partido Redes Sociales Progresistas (RSP) de reciente creaci\u00f3n. Ajeno a la vida pol\u00edtica, Adame es un sujeto proclive a los esc\u00e1ndalos de cualquier clase incluidos los sentimentales.<\/p>\n<p>Si RSP le apostaba al esc\u00e1ndalo de su candidato, pues lo logr\u00f3 con suficiente \u00e9xito. Aunque se tendr\u00e1 que ver en las urnas electorales la respuesta de los votantes al manejo sucio del dinero p\u00fablico para las campa\u00f1as. Como se ve las malas costumbres de los pol\u00edticos contin\u00faan como en los viejos tiempos. De esta manera, si no logran ganar su lugar en San L\u00e1zaro, ya aseguraron recursos econ\u00f3micos para una temporada. Ante la evidencia de la grabaci\u00f3n delatora, a Adame s\u00f3lo le queda la renuncia a su aspiraci\u00f3n pol\u00edtica. No lo va a hacer. Su acci\u00f3n forma parte de la conducta de los \u201cgrillos\u201d mexicanos.<\/p>\n<p>Hace varios d\u00edas surgi\u00f3 la noticia de que el obispo em\u00e9rito de Ecatepec, On\u00e9simo Cepeda Silva, de 84 a\u00f1os, se lanzar\u00eda como candidato a diputado local apoyado por el partido Fuerza por M\u00e9xico, cuyo propietario es Pedro Haces Barba, un sujeto de inclinaciones morenistas y defensor de los trabajadores, seg\u00fan \u00e9l. No pas\u00f3 mucho tiempo para que el cl\u00e9rigo renunciara a sus aspiraciones legislativas. Ni la Iglesia, ni las leyes se lo permit\u00edan. Tambi\u00e9n fue ave de tempestades, pues estuvo involucrado en problemas legales. Siempre estuvo cerca de los hombres del poder.<\/p>\n<p>La informalidad y seriedad pol\u00edticas dif\u00edcilmente desaparecer\u00e1n en M\u00e9xico. Son m\u00faltiples los ejemplos de los saqueadores de los recursos p\u00fablicos. Las organizaciones pol\u00edticas se encuentran obligadas a seleccionar a sus candidatos. No lo hacen. De ah\u00ed que la corrupci\u00f3n, ese mal que afecta a millones de mexicanos, no se termine tan f\u00e1cilmente. Todo mundo habla de los corruptos, pero \u00e9stos no son castigados. Los responsables del saqueo al erario s\u00f3lo son invitados a devolver lo robado y borr\u00f3n y cuenta nueva.<\/p>\n<p>El complejo problema de la corrupci\u00f3n empieza desde la selecci\u00f3n de los candidatos a cargos p\u00fablicos. En los partidos, poco caso hacen las c\u00fapulas del poder para escoger a hombres honrados. Por consigna o por error, o simplemente porque as\u00ed conviene a la organizaci\u00f3n pol\u00edtica, pol\u00edticos de pasados oscuros, por decir lo menos, son los seleccionados para representarla. Este problema se present\u00f3, con mayor \u00e9nfasis en el partido Movimiento de Regeneraci\u00f3n Nacional (Morena), que recibi\u00f3 a \u201cgrillos\u201d que militaron en otros institutos pol\u00edticos.<\/p>\n<p>En el partido guinda se dio luz verde a personajes impresentpara participar en la contienda electoral que tendr\u00e1 como punto culminante el 6 de junio pr\u00f3ximo. La lista de pol\u00edticos con pasado turbio fue aprobada por la jerarqu\u00eda morenista. \u00bfCon esos \u201cgrillos\u201d se buscar\u00e1 acabar con la corrupci\u00f3n? \u00bfUsted qu\u00e9 opina amable lector?<\/p>\n<p><a href=\"mailto:aco2742@hotmail.com\" target=\"_blank\" rel=\"noopener noreferrer\"><em>aco2742@hotmail.com<\/em><\/a><\/p>\n","protected":false},"excerpt":{"rendered":"<p><span style=\"color: #005497;\"><strong>Augusto Corro<\/strong><\/span><\/p>\n","protected":false},"author":3,"featured_media":0,"comment_status":"open","ping_status":"open","sticky":false,"template":"","format":"standard","meta":{"_monsterinsights_skip_tracking":false,"_monsterinsights_sitenote_active":false,"_monsterinsights_sitenote_note":"","_monsterinsights_sitenote_category":0,"footnotes":""},"categories":[157],"tags":[43686,43674,11515],"class_list":["post-502347","post","type-post","status-publish","format-standard","hentry","category-augusto-corro","tag-augusto-corro","tag-opinion","tag-punto-por-punto"],"_links":{"self":[{"href":"https:\/\/www.diarioimagen.net\/index.php?rest_route=\/wp\/v2\/posts\/502347","targetHints":{"allow":["GET"]}}],"collection":[{"href":"https:\/\/www.diarioimagen.net\/index.php?rest_route=\/wp\/v2\/posts"}],"about":[{"href":"https:\/\/www.diarioimagen.net\/index.php?rest_route=\/wp\/v2\/types\/post"}],"author":[{"embeddable":true,"href":"https:\/\/www.diarioimagen.net\/index.php?rest_route=\/wp\/v2\/users\/3"}],"replies":[{"embeddable":true,"href":"https:\/\/www.diarioimagen.net\/index.php?rest_route=%2Fwp%2Fv2%2Fcomments&post=502347"}],"version-history":[{"count":0,"href":"https:\/\/www.diarioimagen.net\/index.php?rest_route=\/wp\/v2\/posts\/502347\/revisions"}],"wp:attachment":[{"href":"https:\/\/www.diarioimagen.net\/index.php?rest_route=%2Fwp%2Fv2%2Fmedia&parent=502347"}],"wp:term":[{"taxonomy":"category","embeddable":true,"href":"https:\/\/www.diarioimagen.net\/index.php?rest_route=%2Fwp%2Fv2%2Fcategories&post=502347"},{"taxonomy":"post_tag","embeddable":true,"href":"https:\/\/www.diarioimagen.net\/index.php?rest_route=%2Fwp%2Fv2%2Ftags&post=502347"}],"curies":[{"name":"wp","href":"https:\/\/api.w.org\/{rel}","templated":true}]}}