{"id":502360,"date":"2021-04-07T00:03:39","date_gmt":"2021-04-07T05:03:39","guid":{"rendered":"https:\/\/www.diarioimagen.net\/?p=502360"},"modified":"2021-04-07T01:24:06","modified_gmt":"2021-04-07T06:24:06","slug":"obispo-y-actor-linguistas","status":"publish","type":"post","link":"https:\/\/www.diarioimagen.net\/?p=502360","title":{"rendered":"Obispo y actor, \u201cling\u00fcistas\u201d"},"content":{"rendered":"<h2>Espacio Electoral<\/h2>\n<h5>Eleazar Flores<\/h5>\n<p>&nbsp;<\/p>\n<p><strong>ON\u00c9SIMO Y ADAME-.<\/strong> Sin la menor duda que la pol\u00edtica enloquece, pero resulta que a muchos les pasa hasta antes de entrar a ella, siendo \u00e9stos los casos del obispo retirado On\u00e9simo Cepeda y el actor Alfredo Adame.<\/p>\n<p>Apenas en su intentona de entrar al poder, el obispo \u201cense\u00f1a el cobre\u201d no s\u00f3lo en su lenguaje al pendejear y ofrecer \u201cno robar mucho\u201d y el segundo, en revelar en un audio que se va a \u201cchingar x millones de pesos\u201d.<\/p>\n<p>Ambos, apenas aspirantes a pol\u00edticos, lo hacen con el apoyo de distintos partidos, el ex obispo de Ecatepec, en cuyo ministerio fue calificado como el \u201cObispo de \u00e9lite\u201d o de los ricos, lo hace con la bandera de \u201cFuerza por M\u00e9xico\u201d y el segundo, por el partido\u00a0Redes Sociales Progresistas.<\/p>\n<p>Como partidos, de los cuatro no se hace uno bueno, pero s\u00cd muchos \u201cpartidos moleros\u201d, empleando el lenguaje de otro \u201cacad\u00e9mico\u201d del espa\u00f1ol, el tozudo Ricardo \u201cTuca\u201d Ferreti; ahora que como nuevos \u201ccuadros pol\u00edticos\u201d de dichas divisas, ni On\u00e9simo ni Alfredo gozan de buena fama p\u00fablica.<\/p>\n<p>Con decirle que en una parejera de personalidades opuestas entre \u201cEl jefe\u201d Diego Fern\u00e1dez de Cevallos y el Obispo On\u00e9simo aqu\u00e9l sale perdiendo por la peor fama del segundo. En tanto, a Alfredo Adame se le sigue recordando por sus bravuconadas peleoneras con alg\u00fan actor desconocido, como pronto ser\u00e1 Adame.<\/p>\n<p>El Obispo en receso argumenta entrar a la pol\u00edtica porque ya est\u00e1 cansado de que tanto pendejo gobierne al pa\u00eds, adem\u00e1s\u00a0 que varios pol\u00edticos roban mucho, \u201cyo prometo no robar o robar poquito\u201d, dice don On\u00e9simo. Imag\u00ednense lo que hac\u00eda con las limosnas que las parroquias de su Obispado le reportaban mensualmente.<\/p>\n<p>Es un secreto de estado que las parroquias env\u00edan a su Di\u00f3cesis respectiva equis porcentaje de las limosnas al mes, las Di\u00f3cesis a la Arquidi\u00f3cesis y las Arquidi\u00f3cesis al Vaticano y as\u00ed sobrevive el poder m\u00e1s antiguo del mundo. Verdad o mentira nunca sabremos \u201cla neta\u201d, invocando el lenguaje de los dos personajes aqu\u00ed descritos.<\/p>\n<p>En cuanto a Adame. Trat\u00f3 de explicar a Ciro G\u00f3mez que le hab\u00edan alterado la grabaci\u00f3n, pues ciertamente hablaba de millones, pero dice que no se refer\u00eda a pesos, posiblemente a art\u00edculos de otra \u00edndole.<\/p>\n<p>Ciertamente, este espacio ya dedic\u00f3 muchas l\u00edneas al Obispo en receso y al actor, pero no crea que son los \u00fanicos \u201cblanquitos en el frijol negro\u201d. Los hay para dar, prestar y empe\u00f1ar, como el del \u201ctoro\u201d guerrerense, F\u00e9lix Salgado Macedonio.<\/p>\n<p>\u00bfAlguna autoridad competente investiga de d\u00f3nde sale tanto dinero para financiar a los inconformes que sitiaron las oficinas del INE? , ya que todo eso cuesta y mucho.<\/p>\n<p><em><a href=\"mailto:elefa44@gmail.com\" target=\"_blank\" rel=\"noopener noreferrer\">elefa44@gmail.com<\/a><\/em><\/p>\n","protected":false},"excerpt":{"rendered":"<p><span style=\"color: #005497;\"><strong>Eleazar Flores<\/strong><\/span><\/p>\n","protected":false},"author":3,"featured_media":0,"comment_status":"open","ping_status":"open","sticky":false,"template":"","format":"standard","meta":{"_monsterinsights_skip_tracking":false,"_monsterinsights_sitenote_active":false,"_monsterinsights_sitenote_note":"","_monsterinsights_sitenote_category":0,"footnotes":""},"categories":[81743],"tags":[81744,81776,43674],"class_list":["post-502360","post","type-post","status-publish","format-standard","hentry","category-eleazar-flores","tag-eleazar-flores","tag-espacio-electoral","tag-opinion"],"_links":{"self":[{"href":"https:\/\/www.diarioimagen.net\/index.php?rest_route=\/wp\/v2\/posts\/502360","targetHints":{"allow":["GET"]}}],"collection":[{"href":"https:\/\/www.diarioimagen.net\/index.php?rest_route=\/wp\/v2\/posts"}],"about":[{"href":"https:\/\/www.diarioimagen.net\/index.php?rest_route=\/wp\/v2\/types\/post"}],"author":[{"embeddable":true,"href":"https:\/\/www.diarioimagen.net\/index.php?rest_route=\/wp\/v2\/users\/3"}],"replies":[{"embeddable":true,"href":"https:\/\/www.diarioimagen.net\/index.php?rest_route=%2Fwp%2Fv2%2Fcomments&post=502360"}],"version-history":[{"count":0,"href":"https:\/\/www.diarioimagen.net\/index.php?rest_route=\/wp\/v2\/posts\/502360\/revisions"}],"wp:attachment":[{"href":"https:\/\/www.diarioimagen.net\/index.php?rest_route=%2Fwp%2Fv2%2Fmedia&parent=502360"}],"wp:term":[{"taxonomy":"category","embeddable":true,"href":"https:\/\/www.diarioimagen.net\/index.php?rest_route=%2Fwp%2Fv2%2Fcategories&post=502360"},{"taxonomy":"post_tag","embeddable":true,"href":"https:\/\/www.diarioimagen.net\/index.php?rest_route=%2Fwp%2Fv2%2Ftags&post=502360"}],"curies":[{"name":"wp","href":"https:\/\/api.w.org\/{rel}","templated":true}]}}