{"id":502363,"date":"2021-04-07T00:11:24","date_gmt":"2021-04-07T05:11:24","guid":{"rendered":"https:\/\/www.diarioimagen.net\/?p=502363"},"modified":"2021-04-07T01:27:39","modified_gmt":"2021-04-07T06:27:39","slug":"el-unico-enganado-es-el-enano-del-tapanco","status":"publish","type":"post","link":"https:\/\/www.diarioimagen.net\/?p=502363","title":{"rendered":"El \u00fanico enga\u00f1ado es el enano del tapanco"},"content":{"rendered":"<h2>\u00cdndice pol\u00edtico<\/h2>\n<h5>Francisco Rodr\u00edguez<\/h5>\n<p>&nbsp;<\/p>\n<p>Sin <em>Blancanieves<\/em>, los enanos siguen con su fiesta interminable. Otra vez enga\u00f1ando al respetable p\u00fablico con sus ocurrencias y zarandajas. Pero cada vez son m\u00e1s peligrosas, m\u00e1s letales. Ahora salen con el cuento bufo de que los est\u00edmulos fiscales de Joe Biden por 1.9 billones de d\u00f3lares nos lanzar\u00e1 al estrellato. Somos muy ricos, dicen. Y las elecciones tocan a la puerta.<\/p>\n<p>Aparte de que otra enanita por ah\u00ed dice que esta vez Biden nos regalar\u00e1 vacunas de AstraZeneca, porque ya dieciocho pa\u00edses serios en el mundo dejaron de aplicarla por sus efectos mortales de trombosis. Vaya consuelo. Lo \u00fanico que hace, aparte de atentar contra el pueblo, es reconocer que jam\u00e1s compraron una sola dosis.<\/p>\n<p>La cantidad que va a meter el imperio en su recuperaci\u00f3n, equivalente a casi el doble de nuestro producto nacional bruto en a\u00f1os, la aplicar\u00e1n en doce meses all\u00e1. Aqu\u00ed no metieron un solo quinto en la recuperaci\u00f3n de las peque\u00f1as y medianas empresas cuando se necesitaba.<\/p>\n<p>Aqu\u00ed, la pandemia lo \u00fanico que hizo fue acelerar la corrupci\u00f3n en materia de compras de medicamentos en general, en la distribuci\u00f3n del producto regalado, en el manejo del ox\u00edgeno y los hospitales, en la aplicaci\u00f3n de las pocas vacunas regaladas, etc\u00e9tera. Y ahora vienen a decir que nos van a regalar las que provocan muertes.<\/p>\n<p style=\"text-align: center;\"><strong>El titular de Hacienda, aburrido de decir mentiras<\/strong><\/p>\n<p>La cantidad estratosf\u00e9rica que va a invertir el imperio en su recuperaci\u00f3n s\u00f3lo podr\u00eda ayudar a la econom\u00eda nacional en el caso de que el aparato productivo no estuviera desmantelado, en el caso de que las actividades productivas estuvieran en pleno apogeo. No es el caso, desafortunadamente.<\/p>\n<p>Las \u00fanicas actividades que podr\u00e1n ser incentivadas son la exportaci\u00f3n de autom\u00f3viles y la exportaci\u00f3n de algunos productos agropecuarios que maneja la \u00e9lite de los agricultores de siempre. Hasta las remesas est\u00e1n en jaque, toda vez que los paisanos migrantes que recibir\u00e1n los est\u00edmulos son alrededor de seis millones de exiliados productivos. Los dem\u00e1s, no.<\/p>\n<p>La pandemia vino \u201ccomo anillo al dedo\u201d s\u00f3lo para beneficiar a los ganones de siempre. Para todos los dem\u00e1s, lo \u00fanico que va a causar es un fen\u00f3meno de inflaci\u00f3n y devaluaci\u00f3n, toda vez que no est\u00e1 preparado el aparato productivo para una inyecci\u00f3n de ese tama\u00f1o.<\/p>\n<p>Debemos tomar en cuenta que, para una econom\u00eda catat\u00f3nica, esos flujos de inversi\u00f3n a trav\u00e9s de est\u00edmulos fiscales nada m\u00e1s no llegar\u00e1n, vendr\u00e1n a causar un da\u00f1o mayor. Pero los enanos est\u00e1n de fiesta, solos ya ricos, brincamos la vara, hay que festejar que con ese dinero hasta podremos bajar las tasas de inter\u00e9s de los cr\u00e9ditos, dice el secretario Herrera, aburrido de decir mentiras.<\/p>\n<p style=\"text-align: center;\"><strong>Otra vez fallaron las amenazas de las \u201cma\u00f1aneras\u201d<\/strong><\/p>\n<p>Ya para entonces, la amenaza de una reforma fiscal regresiva como la que se pensaba entre las huestes de Ram\u00edrez Cu\u00e9llar no ser\u00e1 necesaria. Otra vez fallaron las amenazas de las \u201cma\u00f1aneras\u201d. Los que estaban asustados, ahora se regodean en las burlas para el \u00fanico enga\u00f1ado, el enano del tapanco. Al que siempre enga\u00f1an dici\u00e9ndole que ya est\u00e1 la f\u00f3rmula para arrasar en las elecciones intermedias. \u00a1Gulp!<\/p>\n<p>Hasta el pleito con las calificadoras de riesgos de inversi\u00f3n pas\u00f3 a la historia \u00f1o\u00f1a. Ya no habr\u00e1 necesidad de nada, somos ricos, dicen los enanitos de la carpa bufa. As\u00ed es que los que hablan de que gracias al impulso econ\u00f3mico estadounidense creeremos arriba del cinco por ciento o seis, simplemente est\u00e1n piraos.<\/p>\n<p>Aqu\u00ed seguiremos con las diversiones del a\u00f1o: a falta de vacunas compradas, se ech\u00f3 a andar el asunto de la Auditor\u00eda, para la distracci\u00f3n. A falta de las razones para elevar a Salgado Macedonio, el desafuero fallido del gobernador de Tamaulipas. A falta de distractores a modo, la aprobaci\u00f3n\u00a0<em>fast track<\/em>\u00a0de la ley el\u00e9ctrica, fallida tambi\u00e9n.<\/p>\n<p>A falta de apoyo para la ley el\u00e9ctrica, el embate contra el Poder Judicial y cualquier autonom\u00eda que se respete. A falta otra vez de vacunas, el fuero presidencial, la caja chica, los ataques a las autonom\u00edas del INE, de los organismos aut\u00f3nomos constitucionales, pero nada pega.<\/p>\n<p style=\"text-align: center;\"><strong>Los indecisos se la van a cobrar <em>ca\u00f1\u00f3n<\/em> a Morena<\/strong><\/p>\n<p>La raz\u00f3n es la falta de confianza y de certidumbre hacia el que dice que manda en Palacio Nacional. Un tipo sin fuerza, sin estatura, sin informaci\u00f3n, que revela el gobierno de un hombre solito, un enano del tapanco que quiere imponer la Corte de los Milagros. S\u00f3lo se encarcela al que tenga la raz\u00f3n.<\/p>\n<p>Un tipo solito que corre contra el reloj, que revela en su desesperaci\u00f3n que sus \u00edndices de aprobaci\u00f3n o de popularidad no son reales. Que sus candidatos impresentables est\u00e1n siendo rebasados porque \u00e9l insiste en poner la plana, en influir en todo, sin que nadie le diga que sus intervenciones descocadas s\u00f3lo producen efectos negativos.<\/p>\n<p>A estas alturas del partido, de las quince gubernaturas en juego, s\u00f3lo est\u00e1n para Morena las que se pueden salvar milagrosamente: Tlaxcala y Colima. En todas las dem\u00e1s, incluyendo Sinaloa, de Guzm\u00e1n Loera, la oposici\u00f3n va al frente. Los indecisos, los que no han querido por cu\u00e1l partido van a votar, se las cobrar\u00e1n ca\u00f1\u00f3n.<\/p>\n<p>Si acaso se ganara Nayarit, entre los tres estados se producir\u00eda un pu\u00f1ado de diez diputados federales que bien podr\u00edan caber en un elevador. Ese grado de derrota es el que espera a Morena.<\/p>\n<p style=\"text-align: center;\"><strong>Tambi\u00e9n es inexplicable el manejo del sem\u00e1foro sanitario<\/strong><\/p>\n<p>Una acuciosa investigaci\u00f3n del ingeniero Ignacio Romero Ruiz arroj\u00f3 la verdad sobre el proceso de vacunaci\u00f3n. Pregunt\u00e1ndose c\u00f3mo es posible que a falta de vacunas, 21 estados est\u00e1n en sem\u00e1foro amarillo, 8 en naranja y 3 en verde, que el n\u00famero de contagios va a la baja, cuando s\u00f3lo han sido vacunadas tres o cuatro millones de personas, el Romero llega a una conclusi\u00f3n que, por donde se le vea, es terror\u00edfica:<\/p>\n<p>Desde luego que no se debe a la vacunaci\u00f3n, tampoco a que gran parte de la poblaci\u00f3n se confin\u00f3 en sus hogares, en realidad el n\u00famero de contagios es de entre 40 y 60 millones de mexicanos, que han contra\u00eddo el virus y est\u00e1 construyendo lo que se denomina inmunidad de reba\u00f1o.<\/p>\n<p>Angela Merkel, opina, declar\u00f3 al comienzo de la pandemia que se iba a contagiar el 80% de la poblaci\u00f3n mundial, pero que un 90% de los contagiados apenas se dar\u00edan cuenta del contagio y ser\u00edan portadores asintom\u00e1ticos. Lo que pasa es que no se puede dar marcha atr\u00e1s a la gran maquinaria productiva de los laboratorios.<\/p>\n<p>Tan f\u00e1cil que ser\u00eda que el gobiernito aceptara esta investigaci\u00f3n seria, en vez de avergonzarnos con andar pidiendo limosnas de vacunas letales, inservibles, o andar en un proceso de vacunaci\u00f3n que nadie sabe, a falta de monitoreo y de alguna cartilla, si la segunda dosis corresponder\u00e1 a la primera que le inyectaron.<\/p>\n<p style=\"text-align: center;\"><strong>\u00bfHabr\u00e1 un \u201cmala copa\u201d que rete al causante de todo?<\/strong><\/p>\n<p>Esto huele a genocidio.<\/p>\n<p>Todo por las impertinencias del enano del tapanco en que todos paguemos las cuentas de la cantina.<\/p>\n<p>No faltar\u00e1 un \u201cmala copa\u201d que le exija dar la cara y salir a defenderse cuerpo a cuerpo, para darnos cuenta qui\u00e9n es este tipo bufo.<\/p>\n<p>\u00bfNo cree usted?<\/p>\n<p><em><strong>\u00cdndice Flam\u00edgero:<\/strong><\/em> Mientras que AMLO acusa a los medios de participar en un montaje para perjudicarlo y dice que el de la jeringa sin vacuna aplicada a varios adultos mayores -todos los d\u00edas conocemos un nuevo caso- es un hecho aislado, un aguzado observador, lector cotidiano de estas letras, me env\u00eda el siguiente comentario: \u201cAyer me coment\u00f3 un amigo que, entre el <em>narco<\/em>, est\u00e1n traficando las vacunas Covid-19. Los precios van desde 25.000.00 a 75.000.00 por cada una de las vacunas. Ah\u00ed podr\u00edan parar las vacunas simuladas que supuestamente ponen las enfermeras, toda vez que el <em>narco <\/em>tiene CURP, pero no tiene INE de identificaci\u00f3n, por lo tanto no entrar\u00eda en ning\u00fan esquema de vacunaci\u00f3n, ya que no cuenta con identificaci\u00f3n oficial vigente\u201d. \u00bfSer\u00e1?<\/p>\n<p><em><u><a href=\"http:\/\/www.indicepolitico.com\" target=\"_blank\" rel=\"noopener noreferrer\">www.indicepolitico.com<\/a><\/u><u><br \/>\n<\/u><a href=\"mailto:indicepolitico@gmail.com\" target=\"_blank\" rel=\"noopener noreferrer\">indicepolitico@gmail.com<\/a><\/em><br \/>\n<em><a href=\"https:\/\/twitter.com\/indicepolitico?lang=es\" target=\"_blank\" rel=\"noopener noreferrer\">@IndicePolitico<\/a><\/em><br \/>\n<em><u><a href=\"https:\/\/twitter.com\/pacorodriguez\" target=\"_blank\" rel=\"noopener noreferrer\">@pacorodriguez<\/a><\/u><\/em><\/p>\n","protected":false},"excerpt":{"rendered":"<p><span style=\"color: #005497;\"><strong>Francisco Rodr\u00edguez<\/strong><\/span><br \/>\n<br \/>\nSin <em>Blancanieves<\/em>, los enanos siguen con su fiesta interminable. Otra vez enga\u00f1ando al respetable p\u00fablico con sus ocurrencias y zarandajas. Pero cada vez son m\u00e1s peligrosas, m\u00e1s letales. Ahora salen con el cuento bufo de que los est\u00edmulos fiscales de Joe Biden por 1.9 billones de d\u00f3lares nos lanzar\u00e1 al estrellato. Somos muy ricos, dicen. Y las elecciones tocan a la puerta.<\/p>\n","protected":false},"author":3,"featured_media":0,"comment_status":"open","ping_status":"open","sticky":false,"template":"","format":"standard","meta":{"_monsterinsights_skip_tracking":false,"_monsterinsights_sitenote_active":false,"_monsterinsights_sitenote_note":"","_monsterinsights_sitenote_category":0,"footnotes":""},"categories":[549],"tags":[43689,550,43674],"class_list":["post-502363","post","type-post","status-publish","format-standard","hentry","category-francisco-rodriguez","tag-francisco-rodriguez","tag-indice-politico","tag-opinion"],"_links":{"self":[{"href":"https:\/\/www.diarioimagen.net\/index.php?rest_route=\/wp\/v2\/posts\/502363","targetHints":{"allow":["GET"]}}],"collection":[{"href":"https:\/\/www.diarioimagen.net\/index.php?rest_route=\/wp\/v2\/posts"}],"about":[{"href":"https:\/\/www.diarioimagen.net\/index.php?rest_route=\/wp\/v2\/types\/post"}],"author":[{"embeddable":true,"href":"https:\/\/www.diarioimagen.net\/index.php?rest_route=\/wp\/v2\/users\/3"}],"replies":[{"embeddable":true,"href":"https:\/\/www.diarioimagen.net\/index.php?rest_route=%2Fwp%2Fv2%2Fcomments&post=502363"}],"version-history":[{"count":0,"href":"https:\/\/www.diarioimagen.net\/index.php?rest_route=\/wp\/v2\/posts\/502363\/revisions"}],"wp:attachment":[{"href":"https:\/\/www.diarioimagen.net\/index.php?rest_route=%2Fwp%2Fv2%2Fmedia&parent=502363"}],"wp:term":[{"taxonomy":"category","embeddable":true,"href":"https:\/\/www.diarioimagen.net\/index.php?rest_route=%2Fwp%2Fv2%2Fcategories&post=502363"},{"taxonomy":"post_tag","embeddable":true,"href":"https:\/\/www.diarioimagen.net\/index.php?rest_route=%2Fwp%2Fv2%2Ftags&post=502363"}],"curies":[{"name":"wp","href":"https:\/\/api.w.org\/{rel}","templated":true}]}}