{"id":502488,"date":"2021-04-08T00:06:08","date_gmt":"2021-04-08T05:06:08","guid":{"rendered":"https:\/\/www.diarioimagen.net\/?p=502488"},"modified":"2021-04-08T05:19:10","modified_gmt":"2021-04-08T10:19:10","slug":"seguimiento-a-estrategia-de-vacunacion-contra-covid-en-edomex","status":"publish","type":"post","link":"https:\/\/www.diarioimagen.net\/?p=502488","title":{"rendered":"Seguimiento a estrategia de vacunaci\u00f3n contra Covid en Edom\u00e9x"},"content":{"rendered":"<p>&nbsp;<\/p>\n<h3 style=\"text-align: center;\">Segunda dosis del biol\u00f3gico en 16 municipios m\u00e1s<\/h3>\n<p>&nbsp;<\/p>\n<ul>\n<li><em><strong>Se inform\u00f3 que contin\u00faa la campa\u00f1a de inmunizaci\u00f3n en Ecatepec<\/strong> <\/em><\/li>\n<\/ul>\n<p>&nbsp;<\/p>\n<div id=\"attachment_502584\" style=\"width: 470px\" class=\"wp-caption aligncenter\"><a href=\"https:\/\/www.diarioimagen.net\/?attachment_id=502584\" rel=\"attachment wp-att-502584\"><img loading=\"lazy\" decoding=\"async\" aria-describedby=\"caption-attachment-502584\" class=\"size-full wp-image-502584\" src=\"https:\/\/www.diarioimagen.net\/wp-content\/uploads\/2021\/04\/DEL-MAZO.jpg\" alt=\"\" width=\"460\" height=\"270\" \/><\/a><p id=\"caption-attachment-502584\" class=\"wp-caption-text\">Informa el gobernador del Estado de M\u00e9xico que se revisan los avances de la estrategia de vacunaci\u00f3n, la cual dio inicio el mi\u00e9rcoles en 21 municipios.<\/p><\/div>\n<p>&nbsp;<\/p>\n<p><strong>Toluca, Estado de M\u00e9xico.- <\/strong>El gobernador del Estado de M\u00e9xico inform\u00f3 a trav\u00e9s de redes sociales que se llev\u00f3 a cabo una reuni\u00f3n de coordinaci\u00f3n para dar seguimiento a la estrategia de vacunaci\u00f3n contra la Covid-19 en la entidad.<\/p>\n<p>\u201cEn reuni\u00f3n para revisar los avances de la #EstrategiaDeVacunaci\u00f3n en el #Edom\u00e9x\u201d, escribi\u00f3 el mandatario mexiquense.<\/p>\n<p>Durante la reuni\u00f3n se puntualiz\u00f3 que este mi\u00e9rcoles 7 de abril inici\u00f3 la vacunaci\u00f3n contra Covid-19 a adultos de 60 a\u00f1os de edad o mayores de los municipios de Cocotitl\u00e1n, Temamatla, Tenango del Aire, Jilotzingo, Almoloya del R\u00edo, Calimaya, Capulhuac, Chapultepec, Joquicingo, Mexicaltzingo, Ray\u00f3n, San Antonio la Isla, Tenango del Valle, Tianguistenco, Xalatlaco, San Mart\u00edn de las Pir\u00e1mides, Atenco, Chiconcuac, Tezoyuca, Ocoyoacac y Otzolotepec.<\/p>\n<p>Se precis\u00f3 que el viernes concluye la aplicaci\u00f3n de la primera dosis de la vacuna contra Covid-19 a adultos mayores de los 125 municipios del Estado de M\u00e9xico, mientras que contin\u00faa la aplicaci\u00f3n de segundas dosis en Ecatepec.<\/p>\n<p>Asimismo, se detall\u00f3 que ya se complet\u00f3 la aplicaci\u00f3n de la segunda dosis de la vacuna en Amecameca, Ayapango, Juchitepec, Tepetlixpa y Tlalmanalco.<\/p>\n<p>Mientras que el s\u00e1bado 10 de abril contin\u00faa la estrategia de vacunaci\u00f3n y se aplicar\u00e1 segunda dosis del biol\u00f3gico en 16 municipios: Chiautla, Xonacatl\u00e1n, Texcaltitl\u00e1n, Sultepec, Malinalco, Zumpahuac\u00e1n, Tenancingo, Ixtapan de la Sal, Tonatico, Zacualpan, Villa Guerrero, Luvianos, San Sim\u00f3n de Guerrero, Temascaltepec, Tejupilco y Valle de Bravo.<\/p>\n<p>Tambi\u00e9n se inform\u00f3 que la pr\u00f3xima semana se dar\u00e1 a conocer la estrategia para los adultos mayores que no hayan podido asistir en los d\u00edas que les correspond\u00eda vacunarse.<\/p>\n","protected":false},"excerpt":{"rendered":"<p>El gobernador del Estado de M\u00e9xico inform\u00f3 a trav\u00e9s de redes sociales que se llev\u00f3 a cabo una reuni\u00f3n de coordinaci\u00f3n para dar seguimiento a la estrategia de vacunaci\u00f3n contra la Covid-19 en la entidad.<\/p>\n","protected":false},"author":3,"featured_media":502584,"comment_status":"open","ping_status":"open","sticky":false,"template":"","format":"standard","meta":{"_monsterinsights_skip_tracking":false,"_monsterinsights_sitenote_active":false,"_monsterinsights_sitenote_note":"","_monsterinsights_sitenote_category":0,"footnotes":""},"categories":[5],"tags":[43675,46334,452,2643],"class_list":["post-502488","post","type-post","status-publish","format-standard","has-post-thumbnail","hentry","category-estado-de-mexico","tag-estado-de-mexico","tag-estrategia","tag-toluca","tag-vacunacion"],"_links":{"self":[{"href":"https:\/\/www.diarioimagen.net\/index.php?rest_route=\/wp\/v2\/posts\/502488","targetHints":{"allow":["GET"]}}],"collection":[{"href":"https:\/\/www.diarioimagen.net\/index.php?rest_route=\/wp\/v2\/posts"}],"about":[{"href":"https:\/\/www.diarioimagen.net\/index.php?rest_route=\/wp\/v2\/types\/post"}],"author":[{"embeddable":true,"href":"https:\/\/www.diarioimagen.net\/index.php?rest_route=\/wp\/v2\/users\/3"}],"replies":[{"embeddable":true,"href":"https:\/\/www.diarioimagen.net\/index.php?rest_route=%2Fwp%2Fv2%2Fcomments&post=502488"}],"version-history":[{"count":0,"href":"https:\/\/www.diarioimagen.net\/index.php?rest_route=\/wp\/v2\/posts\/502488\/revisions"}],"wp:featuredmedia":[{"embeddable":true,"href":"https:\/\/www.diarioimagen.net\/index.php?rest_route=\/wp\/v2\/media\/502584"}],"wp:attachment":[{"href":"https:\/\/www.diarioimagen.net\/index.php?rest_route=%2Fwp%2Fv2%2Fmedia&parent=502488"}],"wp:term":[{"taxonomy":"category","embeddable":true,"href":"https:\/\/www.diarioimagen.net\/index.php?rest_route=%2Fwp%2Fv2%2Fcategories&post=502488"},{"taxonomy":"post_tag","embeddable":true,"href":"https:\/\/www.diarioimagen.net\/index.php?rest_route=%2Fwp%2Fv2%2Ftags&post=502488"}],"curies":[{"name":"wp","href":"https:\/\/api.w.org\/{rel}","templated":true}]}}