{"id":502498,"date":"2021-04-08T00:01:43","date_gmt":"2021-04-08T05:01:43","guid":{"rendered":"https:\/\/www.diarioimagen.net\/?p=502498"},"modified":"2021-04-08T05:54:39","modified_gmt":"2021-04-08T10:54:39","slug":"la-sociedad-votara-el-proximo-6-de-junio-por-la-mejor-propuesta-eduardo-villasenor","status":"publish","type":"post","link":"https:\/\/www.diarioimagen.net\/?p=502498","title":{"rendered":"La sociedad votar\u00e1 el pr\u00f3ximo 6 de junio por la\u00a0mejor propuesta: Eduardo Villase\u00f1or\u00a0"},"content":{"rendered":"<p>&nbsp;<\/p>\n<ul>\n<li><strong><em>Apoyo a Iv\u00e1n Rodr\u00edguez, aspirante panista por el Distrito 22<\/em><\/strong><\/li>\n<\/ul>\n<p>&nbsp;<\/p>\n<div id=\"attachment_502616\" style=\"width: 310px\" class=\"wp-caption alignleft\"><a href=\"https:\/\/www.diarioimagen.net\/?attachment_id=502616\" rel=\"attachment wp-att-502616\"><img loading=\"lazy\" decoding=\"async\" aria-describedby=\"caption-attachment-502616\" class=\" wp-image-502616\" src=\"https:\/\/www.diarioimagen.net\/wp-content\/uploads\/2021\/04\/naucalpan-4.jpg\" alt=\"\" width=\"300\" height=\"350\" \/><\/a><p id=\"caption-attachment-502616\" class=\"wp-caption-text\">Eduardo Villase\u00f1or, l\u00edder social y empresario naucalpense.<\/p><\/div>\n<p><strong>Naucalpan, Estado de M\u00e9xico<\/strong>.- La sociedad ya abri\u00f3 los ojos y sabr\u00e1, el pr\u00f3ximo 6 de junio, por qui\u00e9nes votar\u00e1n y, desde luego, que ser\u00e1 por aquellos que presenten las mejores propuestas. Ya se cansaron de falsas propuestas y promesas. Atr\u00e1s qued\u00f3 el no mentir, no enga\u00f1ar y no robar. Hoy son tiempos de hablar con la verdad y trabajar en favor de los mexiquenses.<\/p>\n<p>En entrevista virtual, asegur\u00f3 lo anterior el l\u00edder social y empresario Eduardo Villase\u00f1or, al tiempo de destacar que \u201choy al pueblo de M\u00e9xico no se le enga\u00f1a con propuestas enga\u00f1osas. Hoy se requiere de tomar en cuenta a aquellos que hablan con la verdad como es el caso del candidato del PAN, Iv\u00e1n Rodr\u00edguez, por el Distrito 22\u201d, afirm\u00f3.<\/p>\n<p>Por otra parte, el tambi\u00e9n pol\u00edtico mexiquense, destac\u00f3 que \u201cno se vale que la oposici\u00f3n recurra a artima\u00f1as pol\u00edticas para \u201cbajar\u201d a qui\u00e9n est\u00e1 mejor posicionado para representar a los naucalpenses en la opci\u00f3n de diputados\u201d.<\/p>\n<p>Eduardo Villase\u00f1or, record\u00f3 que \u201cah\u00ed est\u00e1n las iniciativas propuestas por el diputado Iv\u00e1n Rodr\u00edguez, qui\u00e9n en todo momento busca y buscar\u00e1 crear Leyes en beneficio de los habitantes del Estado de M\u00e9xico\u201d.<\/p>\n<p>El empresario mexiquense, puntualiz\u00f3 que \u201clas y los naucalpenses necesitan escuchar propuestas que vayan acordes a las demandas ciudadanas como son en temas de salud, seguridad, y bienestar social, entre otras cosas y vemos que Iv\u00e1n Rodr\u00edguez, es un hombre que se preocupa y ocupa por ello\u201d, dijo.<\/p>\n<p>Finalmente, el empresario hizo un llamado a los diversos actores pol\u00edticos, presentar con responsabilidad, sus propuestas, toda vez que \u201cse debe de actuar y pensar siempre en el beneficio ciudadano, no s\u00f3lo del Estado de M\u00e9xico, si no del pa\u00eds\u201d, concluy\u00f3.<\/p>\n","protected":false},"excerpt":{"rendered":"<p>La sociedad ya abri\u00f3 los ojos y sabr\u00e1, el pr\u00f3ximo 6 de junio, por qui\u00e9nes votar\u00e1n y, desde luego, que ser\u00e1 por aquellos que presenten las mejores propuestas. Ya se cansaron de falsas propuestas y promesas. Atr\u00e1s qued\u00f3 el no mentir, no enga\u00f1ar y no robar. Hoy son tiempos de hablar con la verdad y trabajar en favor de los mexiquenses.<\/p>\n","protected":false},"author":3,"featured_media":502617,"comment_status":"open","ping_status":"open","sticky":false,"template":"","format":"standard","meta":{"_monsterinsights_skip_tracking":false,"_monsterinsights_sitenote_active":false,"_monsterinsights_sitenote_note":"","_monsterinsights_sitenote_category":0,"footnotes":""},"categories":[5],"tags":[43675,970,29280,9341],"class_list":["post-502498","post","type-post","status-publish","format-standard","has-post-thumbnail","hentry","category-estado-de-mexico","tag-estado-de-mexico","tag-naucalpan","tag-propuesta","tag-voto"],"_links":{"self":[{"href":"https:\/\/www.diarioimagen.net\/index.php?rest_route=\/wp\/v2\/posts\/502498","targetHints":{"allow":["GET"]}}],"collection":[{"href":"https:\/\/www.diarioimagen.net\/index.php?rest_route=\/wp\/v2\/posts"}],"about":[{"href":"https:\/\/www.diarioimagen.net\/index.php?rest_route=\/wp\/v2\/types\/post"}],"author":[{"embeddable":true,"href":"https:\/\/www.diarioimagen.net\/index.php?rest_route=\/wp\/v2\/users\/3"}],"replies":[{"embeddable":true,"href":"https:\/\/www.diarioimagen.net\/index.php?rest_route=%2Fwp%2Fv2%2Fcomments&post=502498"}],"version-history":[{"count":0,"href":"https:\/\/www.diarioimagen.net\/index.php?rest_route=\/wp\/v2\/posts\/502498\/revisions"}],"wp:featuredmedia":[{"embeddable":true,"href":"https:\/\/www.diarioimagen.net\/index.php?rest_route=\/wp\/v2\/media\/502617"}],"wp:attachment":[{"href":"https:\/\/www.diarioimagen.net\/index.php?rest_route=%2Fwp%2Fv2%2Fmedia&parent=502498"}],"wp:term":[{"taxonomy":"category","embeddable":true,"href":"https:\/\/www.diarioimagen.net\/index.php?rest_route=%2Fwp%2Fv2%2Fcategories&post=502498"},{"taxonomy":"post_tag","embeddable":true,"href":"https:\/\/www.diarioimagen.net\/index.php?rest_route=%2Fwp%2Fv2%2Ftags&post=502498"}],"curies":[{"name":"wp","href":"https:\/\/api.w.org\/{rel}","templated":true}]}}