{"id":502507,"date":"2021-04-08T00:02:44","date_gmt":"2021-04-08T05:02:44","guid":{"rendered":"https:\/\/www.diarioimagen.net\/?p=502507"},"modified":"2021-04-08T00:37:30","modified_gmt":"2021-04-08T05:37:30","slug":"en-casos-salgado-moron-tepjf-actuara-por-consigna","status":"publish","type":"post","link":"https:\/\/www.diarioimagen.net\/?p=502507","title":{"rendered":"En casos Salgado-Mor\u00f3n, \u00bfTEPJF actuar\u00e1 por consigna?"},"content":{"rendered":"<h2>La Retaguardia<\/h2>\n<h5>Adriana Moreno Cordero<\/h5>\n<p>&nbsp;<\/p>\n<ul>\n<li><strong><em>El programa Exatl\u00f3n, de TV Azteca, fen\u00f3meno de la televisi\u00f3n<\/em><\/strong><\/li>\n<\/ul>\n<p>&nbsp;<\/p>\n<p>El dirigente nacional de Morena, <strong>Mario Mart\u00edn Delgado<\/strong>, anunci\u00f3 que muy probablemente para ma\u00f1ana viernes, el Tribunal Electoral del Poder Judicial de la Federaci\u00f3n, podr\u00eda resolver sobre las candidaturas de <strong>F\u00e9lix Salgado Macedonio<\/strong> y <strong>Ra\u00fal Mor\u00f3n<\/strong> y manifest\u00f3 su confianza de que la resoluci\u00f3n ser\u00e1 en sentido positivo. De esta manera, los tres distinguidos morenistas aprovecharon para seguir con sus ataques en contra del Instituto Nacional Electoral y por lo que se ve, por consigna directa de Palacio Nacional, insistir en su desaparici\u00f3n.<\/p>\n<p>Si en ese sentido resuelve el m\u00e1ximo tribunal electoral, entonces estar\u00eda confirm\u00e1ndose que dicho \u00f3rgano es fiel al presidente <strong>Andr\u00e9s Manuel L\u00f3pez Obrador<\/strong> y por ello, ni de lejos se atrever\u00e1n a seguirle la contra, pero ah\u00ed est\u00e1 el beneficio de la duda.<\/p>\n<p>En esta historia en la que los morenistas se empe\u00f1an en aparecer como los buenos y los consejeros del INE, los malos, en una visi\u00f3n bastante simplista, result\u00f3 pat\u00e9tico que el impresentable de Salgado Macedonio se atreva a decir que el Instituto Nacional Electoral \u201cse prostituy\u00f3\u201d, porque le retiraron la candidatura a \u00e9l y a <strong>\u00a0<\/strong>Mor\u00f3n, quien no se ha visto tan beligerante como el senador con licencia. Es m\u00e1s, Salgado y sus seguidores a los que plant\u00f3, tanto a las afueras del INE, como del TEPJF, dejaron el mensaje de que podr\u00edan tomar las armas en caso de que al frustrado actor no le devuelvan su candidatura. Pues, \u00bfde cu\u00e1nto habr\u00e1 sido la paga?<\/p>\n<p>Varias cuestiones habr\u00eda que aclararle al controvertido guerrerense. En primer lugar, las acusaciones en su contra por violaci\u00f3n, autom\u00e1ticamente al que prostituyen es a \u00e9l, as\u00ed que no puede usar como slogan de campa\u00f1a que es \u201camigo de las mujeres\u201d. En segundo lugar, resultan muy osadas y delicadas sus amenazas que de que levantar\u00e1 en armas si no lo hacen de nueva cuenta candidato; habr\u00eda que preguntarle: \u00bfen la v\u00edspera de las elecciones del ya pr\u00f3ximo 6 de junio intentar incendiar al pa\u00eds?, no parece ser lo m\u00e1s conveniente.<\/p>\n<p>Tampoco puede Salgado Macedonio estarle \u201chaciendo al h\u00e9roe\u201d, cuando hasta a lo interno de su partido, Morena, hay muchos que lo cuestionan y se han pronunciado en contra de su candidatura. Adem\u00e1s, para armar sus plantones, utiliza a gente experta en el tema, desde aquellos d\u00edas en que L\u00f3pez Obrador ofreci\u00f3 disculpas por tapar la avenida Paseo de la Reforma porque, -seg\u00fan \u00e9l-, le hab\u00edan robado la elecci\u00f3n de 2006. Con esa costumbre que tiene el mandatario de echar mano del pasado, deber\u00eda de refrescarse la memoria de la manera m\u00e1s amplia posible y no s\u00f3lo a conveniencia.<\/p>\n<p>Finalmente, lo m\u00e1s probable es que desde Palacio Nacional ya se arma la estrategia para que el TEPJF facilite el camino de Salgado Macedonio y Ra\u00fal Mor\u00f3n; lo haga r\u00e1pido y por consigna del\u00a0 presidente.<\/p>\n<p style=\"text-align: center;\"><strong>Municiones<\/strong><\/p>\n<p>*** Sin duda, el programa <strong>Exatl\u00f3n<\/strong> es el fen\u00f3meno de la televisi\u00f3n. Como se recordar\u00e1, el pasado domingo se transmiti\u00f3 en medio de una gran expectaci\u00f3n, la final de la cuarta temporada de <strong>Exatl\u00f3n<\/strong>, el exitoso programa de TV Azteca, magistralmente conducido por <strong>Antonio Rosique<\/strong> que, con sus emotivos mensajes inspiradores, tanto a participantes como a televidentes, la transmisi\u00f3n super\u00f3 en audiencia a su competencia, al registrar casi 11 millones de televidentes. A diferencia de temporadas pasadas, esta final fue totalmente en vivo y cont\u00f3 con la presencia de <strong>Ricardo Salinas Pliego<\/strong>, quien sigui\u00f3 con atenci\u00f3n el evento y desde sus redes sociales comparti\u00f3 fotos y videos del detr\u00e1s de las c\u00e1maras del programa. A lo largo de siete meses millones de espectadores acompa\u00f1aron a excelentes deportistas en sus luchas y batallas, no s\u00f3lo en los circuitos de competencia, sino en sus sentimientos y emociones, por el esfuerzo que implica dejar la comodidad de la vida cotidiana por el firme deseo de alcanzar un sue\u00f1o. Y son justo esas emociones las que conectan y muy bien con el p\u00fablico, a la vez que provocan que la audiencia sintonice el programa. Esta es la forma en la que TV Azteca cumple con su objetivo de hacer la mejor televisi\u00f3n y llevar a los hogares de M\u00e9xico no s\u00f3lo programas de entretenimiento, sino de calidad que enaltecen los valores m\u00e1s nobles del ser humanos \u00a1Felicidades por un logro m\u00e1s!<\/p>\n<p>*** Becton Dickinson, (BD),\u00a0 se sum\u00f3 al D\u00eda Mundial de la Salud que se conmemor\u00f3 ayer. <strong>Jos\u00e9 Antonio Duarte Garc\u00eda<\/strong>, Medial Affairs Manager de BD, se\u00f1al\u00f3 que \u201cla Covid-19, puso en evidencia que algunas personas pueden tener una vida m\u00e1s saludable y un mayor acceso a los servicios de salud que otras, por ello, es importante que los gobiernos y las instituciones sigan trabajando para garantizar el derecho a la salud, que la poblaci\u00f3n se sensibilice sobre la importancia del autocuidado y que la industria contin\u00fae desarrollando tecnolog\u00eda para el diagn\u00f3stico y seguimiento de enfermedades de origen cr\u00f3nico agudo e infeccioso\u201d. En este sentido, BD se comprometi\u00f3 a seguir trabajando con el gobierno, las instituciones y los proveedores de salud para ayudar a mejorar los resultados, reducir los costos, aumentar la eficiencia, mejorar la seguridad y ampliar el acceso a la atenci\u00f3n sanitaria de los mexicanos.<\/p>\n<p>*** Tal parece que al flamante secretario de Salud, <strong>Jorge Alcocer<\/strong>, no le bast\u00f3 con las loas que le dispens\u00f3 ni m\u00e1s ni menos que al presidente L\u00f3pez Obrador. Primero, dijo que al inquilino de Palacio Nacional el \u201cpueblo sabio y bueno\u201d le hab\u00eda regalado la inmunidad. Ayer, Alcocer asever\u00f3 que en las elecciones de 2018, M\u00e9xico hab\u00eda elegido \u201cdemocr\u00e1ticamente a un estadista\u2026 L\u00f3pez Obrador es el ejemplo de c\u00f3mo se debe poner pie firme a las desigualdades\u201d. Como dijo la senadora <strong>Lilly T\u00e9llez<\/strong> y en eso coincidimos much\u00edsimos, el tabasque\u00f1o dista mucho, pero mucho de ser un estadista. De mes\u00edas ya se cree Dios, el Ejecutivo. Am\u00e9n.<\/p>\n<p>*** En eso de que en la administraci\u00f3n de la llamada Cuarta Transformaci\u00f3n no habr\u00e1 ni un solo montaje, seg\u00fan dijo L\u00f3pez Obrador, nadie se la cree. Sino, que le pregunten a <strong>P\u00edo L\u00f3pez Obrador, Felipa Obrador<\/strong>, la prima consentida; <strong>Manuel Bartlett<\/strong>, la flamante Irma Er\u00e9ndira Sandoval y su enamorado esposo <strong>John Ackerman<\/strong>, esos son protegidos de la cuarta, \u00bfo no? Adem\u00e1s, todo sea por callar a <strong>Carlos Loret de Mola<\/strong>, que ha sabido sacarle todos \u201csus trapitos al sol\u201d a esta s\u00f3rdida administraci\u00f3n y se ha convertido en la voz de quienes reprobamos la actual administraci\u00f3n. Qu\u00e9 miedo tiene el Presidente de que le saquen m\u00e1s de estos \u201ctrapitos\u201d.<\/p>\n<p>*** Con raz\u00f3n, cuando Movimiento Ciudadano la hizo candidata a una diputaci\u00f3n local por Veracruz, <strong>Paquita la del Barrio<\/strong>, dijo que no sab\u00eda ni ten\u00eda la m\u00e1s remota idea de lo que estaba haciendo ah\u00ed y carec\u00eda de la m\u00e1s m\u00ednima idea de lo que era la pol\u00edtica. Como parte de su campa\u00f1a o qui\u00e9n sabe de qu\u00e9, <strong>Francisca Viveros Barradas<\/strong> difundi\u00f3 un video dentro de la gustada secci\u00f3n \u201cLos Consejos de Paquita\u201d, sobre c\u00f3mo cuidar la mollera de los beb\u00e9s. De pena ajena.<\/p>\n<p><u><a href=\"mailto:morcora@gmail.com\" target=\"_blank\" rel=\"noopener noreferrer\"><em>morcora@gmail.com<\/em><\/a><\/u><\/p>\n","protected":false},"excerpt":{"rendered":"<p><span style=\"color: #005497;\"><strong>Adriana Moreno Cordero<\/strong><\/span><\/p>\n","protected":false},"author":3,"featured_media":0,"comment_status":"open","ping_status":"open","sticky":false,"template":"","format":"standard","meta":{"_monsterinsights_skip_tracking":false,"_monsterinsights_sitenote_active":false,"_monsterinsights_sitenote_note":"","_monsterinsights_sitenote_category":0,"footnotes":""},"categories":[69370],"tags":[69369,69368,43674],"class_list":["post-502507","post","type-post","status-publish","format-standard","hentry","category-adriana-moreno-cordero","tag-adriana-moreno-cordero","tag-la-retaguardia","tag-opinion"],"_links":{"self":[{"href":"https:\/\/www.diarioimagen.net\/index.php?rest_route=\/wp\/v2\/posts\/502507","targetHints":{"allow":["GET"]}}],"collection":[{"href":"https:\/\/www.diarioimagen.net\/index.php?rest_route=\/wp\/v2\/posts"}],"about":[{"href":"https:\/\/www.diarioimagen.net\/index.php?rest_route=\/wp\/v2\/types\/post"}],"author":[{"embeddable":true,"href":"https:\/\/www.diarioimagen.net\/index.php?rest_route=\/wp\/v2\/users\/3"}],"replies":[{"embeddable":true,"href":"https:\/\/www.diarioimagen.net\/index.php?rest_route=%2Fwp%2Fv2%2Fcomments&post=502507"}],"version-history":[{"count":0,"href":"https:\/\/www.diarioimagen.net\/index.php?rest_route=\/wp\/v2\/posts\/502507\/revisions"}],"wp:attachment":[{"href":"https:\/\/www.diarioimagen.net\/index.php?rest_route=%2Fwp%2Fv2%2Fmedia&parent=502507"}],"wp:term":[{"taxonomy":"category","embeddable":true,"href":"https:\/\/www.diarioimagen.net\/index.php?rest_route=%2Fwp%2Fv2%2Fcategories&post=502507"},{"taxonomy":"post_tag","embeddable":true,"href":"https:\/\/www.diarioimagen.net\/index.php?rest_route=%2Fwp%2Fv2%2Ftags&post=502507"}],"curies":[{"name":"wp","href":"https:\/\/api.w.org\/{rel}","templated":true}]}}