{"id":502640,"date":"2021-04-09T00:02:21","date_gmt":"2021-04-09T05:02:21","guid":{"rendered":"https:\/\/www.diarioimagen.net\/?p=502640"},"modified":"2021-04-09T02:04:57","modified_gmt":"2021-04-09T07:04:57","slug":"tultepec-concluye-pavimentacion-en-la-colonia-san-marcos","status":"publish","type":"post","link":"https:\/\/www.diarioimagen.net\/?p=502640","title":{"rendered":"Tultepec concluye pavimentaci\u00f3n en la colonia San Marcos"},"content":{"rendered":"<p><strong>\u00a0<\/strong><\/p>\n<p><a href=\"https:\/\/www.diarioimagen.net\/?attachment_id=502739\" rel=\"attachment wp-att-502739\"><img loading=\"lazy\" decoding=\"async\" class=\"aligncenter size-full wp-image-502739\" src=\"https:\/\/www.diarioimagen.net\/wp-content\/uploads\/2021\/04\/tultepec-1.jpg\" alt=\"\" width=\"460\" height=\"270\" \/><\/a><\/p>\n<p>&nbsp;<\/p>\n<p><strong>Tultepec, Estado de M\u00e9xico. &#8211;<\/strong> De acuerdo al plan de pavimentaci\u00f3n de calles que se realiza en el territorio municipal, la Direcci\u00f3n de Obras P\u00fablicas concluy\u00f3 la pavimentaci\u00f3n de la calle Pericos, en la colonia San Marcos.<\/p>\n","protected":false},"excerpt":{"rendered":"<p>De acuerdo al plan de pavimentaci\u00f3n de calles que se realiza en el territorio municipal, la Direcci\u00f3n de Obras P\u00fablicas concluy\u00f3 la pavimentaci\u00f3n de la calle Pericos, en la colonia San Marcos.<\/p>\n","protected":false},"author":3,"featured_media":502739,"comment_status":"open","ping_status":"open","sticky":false,"template":"","format":"standard","meta":{"_monsterinsights_skip_tracking":false,"_monsterinsights_sitenote_active":false,"_monsterinsights_sitenote_note":"","_monsterinsights_sitenote_category":0,"footnotes":""},"categories":[5],"tags":[43675,5935,3802],"class_list":["post-502640","post","type-post","status-publish","format-standard","has-post-thumbnail","hentry","category-estado-de-mexico","tag-estado-de-mexico","tag-san-marcos","tag-tultepec"],"_links":{"self":[{"href":"https:\/\/www.diarioimagen.net\/index.php?rest_route=\/wp\/v2\/posts\/502640","targetHints":{"allow":["GET"]}}],"collection":[{"href":"https:\/\/www.diarioimagen.net\/index.php?rest_route=\/wp\/v2\/posts"}],"about":[{"href":"https:\/\/www.diarioimagen.net\/index.php?rest_route=\/wp\/v2\/types\/post"}],"author":[{"embeddable":true,"href":"https:\/\/www.diarioimagen.net\/index.php?rest_route=\/wp\/v2\/users\/3"}],"replies":[{"embeddable":true,"href":"https:\/\/www.diarioimagen.net\/index.php?rest_route=%2Fwp%2Fv2%2Fcomments&post=502640"}],"version-history":[{"count":0,"href":"https:\/\/www.diarioimagen.net\/index.php?rest_route=\/wp\/v2\/posts\/502640\/revisions"}],"wp:featuredmedia":[{"embeddable":true,"href":"https:\/\/www.diarioimagen.net\/index.php?rest_route=\/wp\/v2\/media\/502739"}],"wp:attachment":[{"href":"https:\/\/www.diarioimagen.net\/index.php?rest_route=%2Fwp%2Fv2%2Fmedia&parent=502640"}],"wp:term":[{"taxonomy":"category","embeddable":true,"href":"https:\/\/www.diarioimagen.net\/index.php?rest_route=%2Fwp%2Fv2%2Fcategories&post=502640"},{"taxonomy":"post_tag","embeddable":true,"href":"https:\/\/www.diarioimagen.net\/index.php?rest_route=%2Fwp%2Fv2%2Ftags&post=502640"}],"curies":[{"name":"wp","href":"https:\/\/api.w.org\/{rel}","templated":true}]}}