{"id":502641,"date":"2021-04-09T00:03:41","date_gmt":"2021-04-09T05:03:41","guid":{"rendered":"https:\/\/www.diarioimagen.net\/?p=502641"},"modified":"2021-04-09T02:06:13","modified_gmt":"2021-04-09T07:06:13","slug":"pugnara-ana-balderas-por-abastecimiento-de-medicamentos-para-enfermos-cronicos","status":"publish","type":"post","link":"https:\/\/www.diarioimagen.net\/?p=502641","title":{"rendered":"Pugnar\u00e1 Ana Balderas por abastecimiento de medicamentos para enfermos cr\u00f3nicos"},"content":{"rendered":"<p>&nbsp;<\/p>\n<ul>\n<li><strong><em>Recorrido casa por casa en Atizap\u00e1n<\/em><\/strong><\/li>\n<\/ul>\n<p>&nbsp;<\/p>\n<div id=\"attachment_502743\" style=\"width: 470px\" class=\"wp-caption aligncenter\"><a href=\"https:\/\/www.diarioimagen.net\/?attachment_id=502743\" rel=\"attachment wp-att-502743\"><img loading=\"lazy\" decoding=\"async\" aria-describedby=\"caption-attachment-502743\" class=\"size-full wp-image-502743\" src=\"https:\/\/www.diarioimagen.net\/wp-content\/uploads\/2021\/04\/atizapan-1.jpg\" alt=\"\" width=\"460\" height=\"270\" \/><\/a><p id=\"caption-attachment-502743\" class=\"wp-caption-text\">La candidata de la Coalici\u00f3n Va por M\u00e9xico a diputada federal por el Distrito 14, Ana Balderas Trejo, realiz\u00f3 un recorrido casa por casa por el municipio de Atizap\u00e1n.<\/p><\/div>\n<p>&nbsp;<\/p>\n<p><strong>Atizap\u00e1n, Estado de M\u00e9xico<\/strong>.- Ana Balderas Trejo, candidata de la Coalici\u00f3n Va por M\u00e9xico a diputada federal por el Distrito 14, realiz\u00f3 un recorrido casa por casa por el municipio de Atizap\u00e1n de Zaragoza, uno de los tres que forman parte del distrito correspondiente al Estado de M\u00e9xico.<\/p>\n<p>Fueron m\u00e1s de 8 horas los que se llev\u00f3 la postulada por los partidos Revolucionario Institucional (PRI), Acci\u00f3n Nacional (PAN) y de la Revoluci\u00f3n Democr\u00e1tica (PRD) dialogando con los vecinos de la colonia Pe\u00f1itas, quienes le dieron un excelente recibimiento y le expusieron los principales problemas que necesitan ser atendidos. En compa\u00f1\u00eda de su equipo y respetando a cabalidad las reglas sanitarias para evitar la propagaci\u00f3n del Covid19, Balderas Trejo escuch\u00f3 los requerimientos de los habitantes de las calles Granada, Fresa, Roble, Azalea, Dalias, Jos\u00e9 Picasso o Las Flores.<\/p>\n<p>De manera personal les habl\u00f3 a fondo de su inter\u00e9s por legislar a favor de que regrese el abastecimiento de medicamentos a pacientes que padecen enfermedades cr\u00f3nicas, dificultad agravada con el actual r\u00e9gimen. En algunas casos, transe\u00fantes sobre las Avenida Adolfo L\u00f3pez Mateos, Tecoloapan y Azalea, reconocieron a quien fue su presidenta municipal en el trienio 2016-2018 y comprometieron su voto por la Coalici\u00f3n Va por M\u00e9xico, ya que, se\u00f1alaron, \u201ccon usted nos fue muy bien a los atizapenses\u201d.<\/p>\n<p>La candidata a Diputada Federal se comprometi\u00f3 a trabajar para que sus principales carencias sean atendidas.<\/p>\n<p>\u201cTenemos que demostrar de qu\u00e9 somos capaces unidos\u201d, refiri\u00f3 a una comunidad que mostr\u00f3 inter\u00e9s en temas centrales de la agenda de Balderas Trejo: erradicar el maltrato animal y ejercer presi\u00f3n para que se legisle en favor de la equidad de g\u00e9nero.<\/p>\n<p>En ese recorrido tocando y charlando con madres y padres residentes de las calles Margaritas, Camelia, Azares, Prolongaci\u00f3n Magnolia o Manzanillo, la abanderada de la Coalici\u00f3n Va por M\u00e9xico inst\u00f3 a la ciudadan\u00eda a analizar muy bien su voto el pr\u00f3ximo 6 de junio \u201csi quieres que las cosas cambien. Piensa bien qu\u00e9 es lo que quieres para M\u00e9xico, para tu comunidad, para tu familia\u201d. \u201cEste 6 de junio, la mejor opci\u00f3n es la Alianza Va por M\u00e9xico\u201d, repiti\u00f3 una y otra vez la abanderada del PAN, PRI y PRD.<\/p>\n","protected":false},"excerpt":{"rendered":"<p>Ana Balderas Trejo, candidata de la Coalici\u00f3n Va por M\u00e9xico a diputada federal por el Distrito 14, realiz\u00f3 un recorrido casa por casa por el municipio de Atizap\u00e1n de Zaragoza, uno de los tres que forman parte del distrito correspondiente al Estado de M\u00e9xico.<\/p>\n","protected":false},"author":3,"featured_media":502743,"comment_status":"open","ping_status":"open","sticky":false,"template":"","format":"standard","meta":{"_monsterinsights_skip_tracking":false,"_monsterinsights_sitenote_active":false,"_monsterinsights_sitenote_note":"","_monsterinsights_sitenote_category":0,"footnotes":""},"categories":[5],"tags":[969,92721,43675],"class_list":["post-502641","post","type-post","status-publish","format-standard","has-post-thumbnail","hentry","category-estado-de-mexico","tag-atizapan","tag-enfermos-cronicos","tag-estado-de-mexico"],"_links":{"self":[{"href":"https:\/\/www.diarioimagen.net\/index.php?rest_route=\/wp\/v2\/posts\/502641","targetHints":{"allow":["GET"]}}],"collection":[{"href":"https:\/\/www.diarioimagen.net\/index.php?rest_route=\/wp\/v2\/posts"}],"about":[{"href":"https:\/\/www.diarioimagen.net\/index.php?rest_route=\/wp\/v2\/types\/post"}],"author":[{"embeddable":true,"href":"https:\/\/www.diarioimagen.net\/index.php?rest_route=\/wp\/v2\/users\/3"}],"replies":[{"embeddable":true,"href":"https:\/\/www.diarioimagen.net\/index.php?rest_route=%2Fwp%2Fv2%2Fcomments&post=502641"}],"version-history":[{"count":0,"href":"https:\/\/www.diarioimagen.net\/index.php?rest_route=\/wp\/v2\/posts\/502641\/revisions"}],"wp:featuredmedia":[{"embeddable":true,"href":"https:\/\/www.diarioimagen.net\/index.php?rest_route=\/wp\/v2\/media\/502743"}],"wp:attachment":[{"href":"https:\/\/www.diarioimagen.net\/index.php?rest_route=%2Fwp%2Fv2%2Fmedia&parent=502641"}],"wp:term":[{"taxonomy":"category","embeddable":true,"href":"https:\/\/www.diarioimagen.net\/index.php?rest_route=%2Fwp%2Fv2%2Fcategories&post=502641"},{"taxonomy":"post_tag","embeddable":true,"href":"https:\/\/www.diarioimagen.net\/index.php?rest_route=%2Fwp%2Fv2%2Ftags&post=502641"}],"curies":[{"name":"wp","href":"https:\/\/api.w.org\/{rel}","templated":true}]}}