{"id":502642,"date":"2021-04-09T00:04:30","date_gmt":"2021-04-09T05:04:30","guid":{"rendered":"https:\/\/www.diarioimagen.net\/?p=502642"},"modified":"2021-04-09T02:07:16","modified_gmt":"2021-04-09T07:07:16","slug":"durante-proceso-electoral-suteym-es-y-sera-respetuoso-e-institucional-palomares","status":"publish","type":"post","link":"https:\/\/www.diarioimagen.net\/?p=502642","title":{"rendered":"Durante proceso electoral, SUTEyM es y ser\u00e1 respetuoso e institucional: Palomares\u00a0"},"content":{"rendered":"<p>&nbsp;<\/p>\n<ul>\n<li><strong><em>\u201cNos mantenemos al margen del proselitismo\u201d<\/em><\/strong><\/li>\n<\/ul>\n<p>&nbsp;<\/p>\n<div id=\"attachment_502746\" style=\"width: 470px\" class=\"wp-caption aligncenter\"><a href=\"https:\/\/www.diarioimagen.net\/?attachment_id=502746\" rel=\"attachment wp-att-502746\"><img loading=\"lazy\" decoding=\"async\" aria-describedby=\"caption-attachment-502746\" class=\"size-full wp-image-502746\" src=\"https:\/\/www.diarioimagen.net\/wp-content\/uploads\/2021\/04\/naucalpan-5.jpg\" alt=\"\" width=\"460\" height=\"270\" \/><\/a><p id=\"caption-attachment-502746\" class=\"wp-caption-text\">Tom\u00e1s Palomares Parra, secretario general del SUTEyM en Naucalpan, expres\u00f3 que est\u00e1n al servicio del trabajador, no de alg\u00fan partido.<\/p><\/div>\n<p>&nbsp;<\/p>\n<p><strong>Naucalpan, Estado de M\u00e9xico<\/strong>.- Ante el inicio de los procesos electorales de este a\u00f1o, el Sindicato \u00danico de Trabajadores del Estado y sus Municipios (SUTEyM) es y ser\u00e1 una instituci\u00f3n apartidista. Siempre se maneja de manera respetuosa hacia quienes contender\u00e1n en las elecciones y nosotros nos mantenemos al margen de cualquier proselitismo, porque como se ha comprobado trabajamos con el gobierno de cualquier expresi\u00f3n partidista como ya lo hemos hecho con el PRI, con el PAN y ahora, con Morena.<\/p>\n<p>Afirm\u00f3 lo anterior Tom\u00e1s Palomares Parra, secretario general de ese gremio sindical en esta localidad, al tiempo de expresar que \u201cdefinitivamente, tenemos que ser respetuosos de los procesos que se avecinan. pues somos un gremio de trabajadores, de servidores p\u00fablicos, que servimos a la ciudadan\u00eda y no a ning\u00fan partido pol\u00edtico en particular\u201d, dijo.<\/p>\n<p>Palomares Parra destac\u00f3 que los trabajadores sindicalizados tienen sus propias simpat\u00edas personales y a nadie se le pide o exige votar por equis o tal color partidista, ellos (los trabajadores) tienen sus propias convicciones.<\/p>\n<p>El dirigente del SUTEyM, afirm\u00f3 que \u201clos suteymistas, tendr\u00e1n que hacer una reflexi\u00f3n profunda de las propuestas que presenten los diversos actores y partidos pol\u00edticos y sin duda que el pr\u00f3ximo 6 de junio votar\u00e1n por quienes as\u00ed les convengan\u201d, asegur\u00f3.<\/p>\n<p>Por otra parte, Tom\u00e1s Palomares, asegur\u00f3 que los suteymistas decidir\u00e1n en la urna el pr\u00f3ximo 6 de junio por qui\u00e9n quieren ser gobernados a partir del pr\u00f3ximo a\u00f1o y dej\u00f3 en claro que a ning\u00fan trabajador sindicalizado se le obliga votar por tal o cual partido pol\u00edtico.<\/p>\n<p>\u201cLos compa\u00f1eros ir\u00e1n con el candidato que mejor les parezca y que sea su mejor opci\u00f3n y en ese sentido somos y seremos muy respetuosos de la determinaci\u00f3n que tomen cada uno de los agremiados al SUTEyM\u201d, afirm\u00f3.<\/p>\n<p>Finalmente, Tom\u00e1s Palomares reconoci\u00f3 que \u201csin embrago, por supuesto que existen condiciones especiales sobre todo en lo que concierne a la contienda por las diputaciones locales en donde un distinguido suteymista y l\u00edder social, participar\u00e1 en ella y seguramente el coraz\u00f3n de los compa\u00f1eros y sus familias ya est\u00e1 definido y es algo que no se puede impedir\u201d, concluy\u00f3.<\/p>\n","protected":false},"excerpt":{"rendered":"<p>Ante el inicio de los procesos electorales de este a\u00f1o, el Sindicato \u00danico de Trabajadores del Estado y sus Municipios (SUTEyM) es y ser\u00e1 una instituci\u00f3n apartidista. Siempre se maneja de manera respetuosa hacia quienes contender\u00e1n en las elecciones y nosotros nos mantenemos al margen de cualquier proselitismo, porque como se ha comprobado trabajamos con el gobierno de cualquier expresi\u00f3n partidista como ya lo hemos hecho con el PRI, con el PAN y ahora, con Morena.<\/p>\n","protected":false},"author":3,"featured_media":502746,"comment_status":"open","ping_status":"open","sticky":false,"template":"","format":"standard","meta":{"_monsterinsights_skip_tracking":false,"_monsterinsights_sitenote_active":false,"_monsterinsights_sitenote_note":"","_monsterinsights_sitenote_category":0,"footnotes":""},"categories":[5],"tags":[43675,970,2572,56429],"class_list":["post-502642","post","type-post","status-publish","format-standard","has-post-thumbnail","hentry","category-estado-de-mexico","tag-estado-de-mexico","tag-naucalpan","tag-suteym","tag-tomas-palomares-parra"],"_links":{"self":[{"href":"https:\/\/www.diarioimagen.net\/index.php?rest_route=\/wp\/v2\/posts\/502642","targetHints":{"allow":["GET"]}}],"collection":[{"href":"https:\/\/www.diarioimagen.net\/index.php?rest_route=\/wp\/v2\/posts"}],"about":[{"href":"https:\/\/www.diarioimagen.net\/index.php?rest_route=\/wp\/v2\/types\/post"}],"author":[{"embeddable":true,"href":"https:\/\/www.diarioimagen.net\/index.php?rest_route=\/wp\/v2\/users\/3"}],"replies":[{"embeddable":true,"href":"https:\/\/www.diarioimagen.net\/index.php?rest_route=%2Fwp%2Fv2%2Fcomments&post=502642"}],"version-history":[{"count":0,"href":"https:\/\/www.diarioimagen.net\/index.php?rest_route=\/wp\/v2\/posts\/502642\/revisions"}],"wp:featuredmedia":[{"embeddable":true,"href":"https:\/\/www.diarioimagen.net\/index.php?rest_route=\/wp\/v2\/media\/502746"}],"wp:attachment":[{"href":"https:\/\/www.diarioimagen.net\/index.php?rest_route=%2Fwp%2Fv2%2Fmedia&parent=502642"}],"wp:term":[{"taxonomy":"category","embeddable":true,"href":"https:\/\/www.diarioimagen.net\/index.php?rest_route=%2Fwp%2Fv2%2Fcategories&post=502642"},{"taxonomy":"post_tag","embeddable":true,"href":"https:\/\/www.diarioimagen.net\/index.php?rest_route=%2Fwp%2Fv2%2Ftags&post=502642"}],"curies":[{"name":"wp","href":"https:\/\/api.w.org\/{rel}","templated":true}]}}