{"id":502650,"date":"2021-04-09T00:01:38","date_gmt":"2021-04-09T05:01:38","guid":{"rendered":"https:\/\/www.diarioimagen.net\/?p=502650"},"modified":"2021-04-09T02:39:20","modified_gmt":"2021-04-09T07:39:20","slug":"manana-sabado-iberia-usara-por-primera-vez-el-iata-travel-pass-de-montevideo-a-madrid","status":"publish","type":"post","link":"https:\/\/www.diarioimagen.net\/?p=502650","title":{"rendered":"Ma\u00f1ana s\u00e1bado, Iberia, usar\u00e1 por primera vez el <em>IATA Travel Pass<\/em> de Montevideo a Madrid"},"content":{"rendered":"<h2>De cinco estrellas<\/h2>\n<h5>Victoria Gonz\u00e1lez Prado<\/h5>\n<p>&nbsp;<\/p>\n<ul>\n<li><strong><em>72 por ciento de la comunidad viajera mexicana deposita sus ilusiones en las vacunas volver a viajar<\/em><\/strong><\/li>\n<li><strong><em>Se realiz\u00f3 el primer vuelo especial con tripulaci\u00f3n y pasajeros vacunados de <\/em>Qatar Airways<\/strong><\/li>\n<\/ul>\n<p>&nbsp;<\/p>\n<div id=\"attachment_502754\" style=\"width: 470px\" class=\"wp-caption aligncenter\"><a href=\"https:\/\/www.diarioimagen.net\/?attachment_id=502754\" rel=\"attachment wp-att-502754\"><img loading=\"lazy\" decoding=\"async\" aria-describedby=\"caption-attachment-502754\" class=\"size-full wp-image-502754\" src=\"https:\/\/www.diarioimagen.net\/wp-content\/uploads\/2021\/04\/turismo-1.jpg\" alt=\"\" width=\"460\" height=\"270\" \/><\/a><p id=\"caption-attachment-502754\" class=\"wp-caption-text\">Por primera vez se usar\u00e1 el IATA Travel Pass.<\/p><\/div>\n<p>&nbsp;<\/p>\n<p>Iberia ser\u00e1 la primera aerol\u00ednea en utilizar en las rutas entre Europa y Am\u00e9rica Latina el <em>IATA Travel Pass<\/em>, que empezar\u00e1 a funcionar ma\u00f1ana s\u00e1bado, 10 de abril, en el vuelo de Montevideo, Uruguay.<\/p>\n<p>El <em>IATA Travel Pass<\/em> brinda marco de consistencia, predictibilidad y seguridad a nivel mundial con doble objetivo: por un lado, simplificar la experiencia de los viajeros e incentivar los viajes y, de otro, agilizar los tr\u00e1mites de comprobaci\u00f3n de los requerimientos sanitarios.<\/p>\n<p>Esta <em>App <\/em>permite almacenar, gestionar y certificar la documentaci\u00f3n sanitaria requerida por los diferentes pa\u00edses para viajar, esto es, los certificados de pruebas Covid-19 y, en un siguiente paso, tambi\u00e9n de vacunaci\u00f3n.<\/p>\n<p>As\u00ed, los clientes del vuelo IB6011 Madrid-Montevideo, ser\u00e1n pioneros en comprobar el funcionamiento de esta\u00a0 aplicaci\u00f3n. Iberia les ha invitado a trav\u00e9s de correo electr\u00f3nico a que accedan a la p\u00e1gina espec\u00edfica de iberia.com, donde podr\u00e1n completar el formulario<\/p>\n<p>Deber\u00e1n crear su cuenta en la <em>App<\/em> y vincular su pasaporte. Reservar cita en alguno de los laboratorios o centros colaboradores para realizar su prueba Covid-19. Tras recibir los resultados de dicha prueba, IATA confirmar\u00e1 que los clientes cumplen con todos los requisitos documentales sanitarios exigidos en su lugar de destino.<\/p>\n<p>Finalmente, en el aeropuerto s\u00f3lo tendr\u00e1n que mostrar el mensaje de confirmaci\u00f3n de <em>IATA Travel Pass:<\/em> \u201cOK para viajar\u201d, lo que mejorar\u00e1 su experiencia de viaje pues evita tener que llevar esta documentaci\u00f3n en papel. Los clientes tendr\u00e1n que aportar el resto de documentaci\u00f3n (DNI, pasaporte, visado&#8230;) para poder viajar.<\/p>\n<p>Informaci\u00f3n <em>IATA TravelPass<\/em> en https:\/\/www.iata.org\/en\/pressroom\/travel-pass-mediakit\/<\/p>\n<p>Las restricciones sanitarias y los continuos cambios en las normativas por Covid-19 han aumentado la complejidad de los requisitos sanitarios exigidos para viajar. En el entorno actual, la tecnolog\u00eda juega papel clave para reanudar los viajes seguros, facilitar la movilidad de las personas y reactivar el transporte a\u00e9reo.<\/p>\n<p><em>IATA Travel Pass <\/em>es soluci\u00f3n global que incorpora varias funciones: registro mundial de requisitos sanitarios: permite a los pasajeros encontrar informaci\u00f3n precisa sobre su viaje y las pruebas Covid-19 requeridas.<\/p>\n<p>Los pasajeros podr\u00e1n acceder al listado de laboratorios en su lugar de origen para reservar cita. Obtendr\u00e1n certificados de pruebas y vacunaci\u00f3n: compartir\u00e1n de forma segura los certificados de pruebas Covid-19 y\/o de vacunaci\u00f3n.<\/p>\n<p>La <em>App<\/em> para pasajeros: recopila y verifica en \u00fanica aplicaci\u00f3n los certificados de las pruebas Covid-19 y\/o de vacunaci\u00f3n para que el cliente pueda mostrarla en el aeropuerto brindando experiencia m\u00e1s segura y sin contacto.<\/p>\n<p>\u2730\u2730\u2730\u2730\u2730 De acuerdo con reciente estudio de <em>Booking.com<\/em> 72 por ciento de la comunidad viajera mexicana ha depositado sus ilusiones en las vacunas de Covid-19 para poder explorar nuevamente M\u00e9xico y el mundo; pues 66 por ciento de los encuestados asegur\u00f3 que el haber tenido restricciones de salir durante 2020, s\u00f3lo caus\u00f3 que los viajes se convirtieran en prioridad para este a\u00f1o.<\/p>\n<p>La importancia de las vacunas ser\u00e1 vital para la comunidad viajera, ya que 64 por ciento se\u00f1al\u00f3 que no viajar\u00e1 internacionalmente hasta que se haya puesto la vacuna, lo que aumenta 69 por ciento entre los mayores de 55 a\u00f1os. Adem\u00e1s,\u00a0 62 por ciento s\u00f3lo viajar\u00e1 a pa\u00edses que hayan implementado programas de vacunaci\u00f3n. Sin embargo, la incertidumbre persiste y 33 po ciento se mantiene esc\u00e9ptico sobre si una vacuna realmente ayudar\u00e1 a que los viajes sean m\u00e1s seguros.<\/p>\n<p>Tras el impacto que la Covid-19 ha tenido en la industria de viajes, 96 por ciento de la comunidad viajera mexicana piensa que la industria necesita apoyo para volver a ponerse de pie y est\u00e1 consciente de que mucho depende de los viajeros.<\/p>\n<p>16 por ciento de la comunidad mexicana planea usar cr\u00e9dito o vales de viajes cancelados en lugar de solicitar reembolso y el mismo n\u00famero comprar\u00e1 vales para familiares y amigos para que los usen cuando sea seguro viajar de nuevo. Mientras tanto, 28 por ciento desea reservar alojamientos independientes o alojamientos en o cerca de su ciudad para apoyar a las empresas locales (15 por ciento).<\/p>\n<p>Entre las medidas sanitarias, est\u00e1n: viajar si se demuestra que han recibido la vacuna (70 por ciento) y usar cubrebocas cuando viaje (88 por ciento), de hecho, 65 por ciento apoyar\u00eda que se prohibiera viajar sin mascarilla.<\/p>\n<p>Adem\u00e1s, algunos viajeros mexicanos buscar\u00e1n evitar conglomeraciones, 74 por ciento se\u00f1al\u00f3 que estar\u00eda dispuesto a viajar s\u00f3lo en peque\u00f1os grupos de dos a seis personas. Adem\u00e1s, 45 por ciento planea elegir destinos menos frecuentados.<\/p>\n<p>\u2730\u2730\u2730\u2730\u2730 <em>Qatar Airways<\/em>\u00a0 oper\u00f3 el primer vuelo del mundo con tripulaci\u00f3n y pasajeros vacunados contra Covid-19 y, al momento de documentar su equipaje, fueron atentidos tambi\u00e9n por personal vacunado.<\/p>\n<p>El vuelo especial se realiz\u00f3 en el avi\u00f3n m\u00e1s sustentable y tecnol\u00f3gicamente avanzado de la aerol\u00ednea, el <em>Airbus A350-1000<\/em>, avi\u00f3n que neutraliza las emisiones de carbono, de acuerdo con las responsabilidades ambientales de la aerol\u00ednea.<\/p>\n<p>Siendo el vuelo con tripulaci\u00f3n y pasajeros vacunados se siguieron todos los protocolos implementados por la aerol\u00ednea para garantizar los m\u00e1s altos est\u00e1ndares de seguridad e higiene a bordo, incluida su \u00faltima innovaci\u00f3n, el primer <em>Zero-Touch<\/em> del mundo, tecnolog\u00eda de entretenimiento a bordo.<\/p>\n<p>El director ejecutivo de <em>Qatar Airways Group<\/em>, su Excelencia <strong>Akbar Al Baker<\/strong> dijo: \u201cel vuelo especial demuestra que la pr\u00f3xima etapa en la recuperaci\u00f3n de los viajes internacionales no est\u00e1 muy lejos. Estamos orgullosos de continuar liderando la industria operando el primer vuelo con una tripulaci\u00f3n y pasajeros completamente vacunados en el mundo, brindando una luz de esperanza para el futuro de la aviaci\u00f3n internacional\u201d.<\/p>\n<p>La compa\u00f1\u00eda a\u00e9rea en su versi\u00f3n de carga tambi\u00e9n ha jugado un papel vital en nuestra red de destinos. Desde el inicio de la pandemia, ha ayudado a transportar m\u00e1s de 500 mil toneladas de suministros m\u00e9dicos y ha entregado cerca de 20 millones de dosis de vacunas Covid-19 a m\u00e1s de 20 pa\u00edses\u201d.<\/p>\n<p>La compa\u00f1\u00eda a\u00e9rea ha sido galardonada en numerosas ocasiones y la \u00fanica reconocida cinco veces como \u201cAerol\u00ednea <em>Skytrax<\/em> del a\u00f1o\u201d y, el Aeropuerto Internacional de Hamad\u00a0 hogar y centro de <em>Qatar Airways<\/em>, fue clasificado como el \u201cMejor aeropuerto de Medio Oriente\u201d por sexto a\u00f1o consecutivo y el \u201cTercer mejor aeropuerto del mundo\u201d en los premios <em>Skytrax World Airport Awards 2020.<\/em><\/p>\n<p>&nbsp;<\/p>\n<blockquote>\n<p style=\"text-align: right;\">\u201c<strong>El<\/strong> <strong>\u00e1ngel de la fama tiene sus alas hechas de papel&#8230; peri\u00f3dico\u201d.<br \/>\n<\/strong><\/p>\n<\/blockquote>\n<p>&nbsp;<\/p>\n<p><em><span class=\"Apple-converted-space\"><a href=\"mailto:victoriagprado@gmail.com\" target=\"_blank\" rel=\"noopener noreferrer\">victoriagprado@gmail.com<\/a><br \/>\nTwitter: <a href=\"https:\/\/twitter.com\/victoriagprado\" target=\"_blank\" rel=\"noopener noreferrer\">@victoriagprado<\/a><\/span><\/em><\/p>\n","protected":false},"excerpt":{"rendered":"<p>Iberia ser\u00e1 la primera aerol\u00ednea en utilizar en las rutas entre Europa y Am\u00e9rica Latina el IATA Travel Pass, que empezar\u00e1 a funcionar ma\u00f1ana s\u00e1bado, 10 de abril, en el vuelo de Montevideo, Uruguay.<\/p>\n","protected":false},"author":3,"featured_media":502754,"comment_status":"open","ping_status":"open","sticky":false,"template":"","format":"standard","meta":{"_monsterinsights_skip_tracking":false,"_monsterinsights_sitenote_active":false,"_monsterinsights_sitenote_note":"","_monsterinsights_sitenote_category":0,"footnotes":""},"categories":[11],"tags":[107,43674,43681,106],"class_list":["post-502650","post","type-post","status-publish","format-standard","has-post-thumbnail","hentry","category-turismo","tag-de-cinco-estrellas","tag-opinion","tag-turismo","tag-victoria-gonzalez-prado"],"_links":{"self":[{"href":"https:\/\/www.diarioimagen.net\/index.php?rest_route=\/wp\/v2\/posts\/502650","targetHints":{"allow":["GET"]}}],"collection":[{"href":"https:\/\/www.diarioimagen.net\/index.php?rest_route=\/wp\/v2\/posts"}],"about":[{"href":"https:\/\/www.diarioimagen.net\/index.php?rest_route=\/wp\/v2\/types\/post"}],"author":[{"embeddable":true,"href":"https:\/\/www.diarioimagen.net\/index.php?rest_route=\/wp\/v2\/users\/3"}],"replies":[{"embeddable":true,"href":"https:\/\/www.diarioimagen.net\/index.php?rest_route=%2Fwp%2Fv2%2Fcomments&post=502650"}],"version-history":[{"count":0,"href":"https:\/\/www.diarioimagen.net\/index.php?rest_route=\/wp\/v2\/posts\/502650\/revisions"}],"wp:featuredmedia":[{"embeddable":true,"href":"https:\/\/www.diarioimagen.net\/index.php?rest_route=\/wp\/v2\/media\/502754"}],"wp:attachment":[{"href":"https:\/\/www.diarioimagen.net\/index.php?rest_route=%2Fwp%2Fv2%2Fmedia&parent=502650"}],"wp:term":[{"taxonomy":"category","embeddable":true,"href":"https:\/\/www.diarioimagen.net\/index.php?rest_route=%2Fwp%2Fv2%2Fcategories&post=502650"},{"taxonomy":"post_tag","embeddable":true,"href":"https:\/\/www.diarioimagen.net\/index.php?rest_route=%2Fwp%2Fv2%2Ftags&post=502650"}],"curies":[{"name":"wp","href":"https:\/\/api.w.org\/{rel}","templated":true}]}}