{"id":502674,"date":"2021-04-09T00:04:56","date_gmt":"2021-04-09T05:04:56","guid":{"rendered":"https:\/\/www.diarioimagen.net\/?p=502674"},"modified":"2021-04-08T23:35:40","modified_gmt":"2021-04-09T04:35:40","slug":"grilla-sin-cambios","status":"publish","type":"post","link":"https:\/\/www.diarioimagen.net\/?p=502674","title":{"rendered":"\u201cGrilla\u201d, sin cambios"},"content":{"rendered":"<h2>Punto por punto<\/h2>\n<h5>Augusto Corro<\/h5>\n<p>&nbsp;<\/p>\n<p>Los partidos pol\u00edticos decidieron continuar con su manera tradicional de hacer \u201cgrilla\u201d. El \u201cdedazo\u201d, la consigna y \u201ceste ser\u00e1 candidato porque as\u00ed lo orden\u00f3 el jefe\u201d, se repitieron como malos ejemplos.<\/p>\n<p>En el partido Movimiento Regeneraci\u00f3n Nacional (Morena) no s\u00f3lo aceptaron las candidaturas oscuras de sus representantes, sino que las apoyaron con encuestas a modo. Se respet\u00f3 la consigna.<\/p>\n<p>Uno de los beneficiados directos de esa pol\u00edtica es el senador con licencia, F\u00e9lix Salgado Macedonio, el <em>Toro sin cerca<\/em>, como candidato a la gubernatura de Guerrero, quien desde el principio estuvo descalificado.<\/p>\n<p>Volvi\u00f3 a funcionar la consigna como pr\u00e1ctica inevitable de la pol\u00edtica a la mexicana, en la que se buscan tambi\u00e9n los votos sin importar la autoridad moral de los aspirantes a cargos de elecci\u00f3n popular.<\/p>\n<p>Se esperaba que los aspirantes a cargos de representaci\u00f3n popular fueran poseedores de expedientes limpios. A las jerarqu\u00edas de los diferentes partidos no les interes\u00f3. El caso de Salgado Macedonio as\u00ed lo muestra.<\/p>\n<p>A pesar de por lo menos cinco acusaciones en contra del llamado <em>Toro sin cerca<\/em> por violaciones sexuales a cinco mujeres, se respet\u00f3 la consigna y fue ungido como aspirante al gobierno guerrerense.<\/p>\n<p>Las manifestaciones de protesta contra la candidatura del morenista empezaron desde la precampa\u00f1a. En el partido las militantes son las principales opositoras a Salgado Macedonio, pero no tienen el suficiente poder para evitar la consigna.<\/p>\n<p>Sin duda, la asignaci\u00f3n de candidaturas en el partido guinda dej\u00f3 a un sinn\u00famero de inconformes. Morena se convirti\u00f3 en el atractivo n\u00famero uno para que los \u201carribistas\u201d y \u201cparacaidistas\u201d desarrollaran su \u201cgrilla\u201d.<\/p>\n<p>En muchos casos, la gente nueva que lleg\u00f3 al citado partido tuvo m\u00e1s oportunidades para obtener su pase a la contienda electoral, que aquellos con m\u00e9ritos propios para alcanzar una candidatura.<\/p>\n<p>La lucha interna se da en todas partes. Los morenistas, desplazados tarde o temprano, ser\u00e1n un obst\u00e1culo para el desarrollo de los proyectos de Morena. Sin duda, ser\u00e1 dif\u00edcil mantener la unidad en esa organizaci\u00f3n pol\u00edtica.<\/p>\n<p>El proceso de la selecci\u00f3n de candidatos estuvo lleno de errores. No se investig\u00f3 a fondo la historia pol\u00edtica de los aspirantes que en muchos de los casos tienen cuentas pendientes con la justicia.<\/p>\n<p style=\"text-align: center;\"><strong>En el PAN<\/strong><\/p>\n<p>La oposici\u00f3n poco ganar\u00e1 en las pr\u00f3ximas elecciones del 6 de junio. El Partido Acci\u00f3n Nacional (PAN) se encuentra sin posibilidades de un lograr un triunfo arrollador, no cuenta con l\u00edderes que lo lleven a la victoria.<\/p>\n<p>Su dirigente, Marko Cort\u00e9s, no encontr\u00f3 la f\u00f3rmula para hacerse indispensable. Sus discursos a nadie convencen, aunque logr\u00f3 la alianza con otros partidos para hacer frente a la aplanadora morenista.<\/p>\n<p>Los panistas tuvieron la oportunidad de cambiar el rumbo del pa\u00eds durante los sexenios que ganaron la silla presidencial, pero no pudieron hacer los cambios que exig\u00eda el pa\u00eds y se perdieron dos sexenios.<\/p>\n<p>La crisis pol\u00edtica que viven los partidos, incluido Morena, los oblig\u00f3 a seleccionar a sus candidatos con las pr\u00e1cticas de la \u201cgrilla\u201d del pasado. Se opt\u00f3 por beneficiar a los familiares o amigos de los jerarcas.<\/p>\n<p style=\"text-align: center;\"><strong>En el PRI<\/strong><\/p>\n<p>En el Partido Revolucionario Institucional (PRI) los candidatos surgieron de las familias que se apoderaron del instituto pol\u00edtico desde hace muchos a\u00f1os. Se trata de apellidos de personas que no quieren soltar el poder.<\/p>\n<p>Los <em>dinosaurios<\/em> que tanto da\u00f1o le hicieron al partido no se dan por vencidos, pero sin encontrar la f\u00f3rmula para regresar a su pasado de \u201cdictadura perfecta\u201d, como la calific\u00f3 Mario Vargas Llosa.<\/p>\n<p>Los partidos opositores en su desesperaci\u00f3n por detener el avance de Morena se aliaron en la coalici\u00f3n Va por M\u00e9xico (PAN, PRI y PRD) sin doctrina pol\u00edtica, ni principios. Buscan vencer al obradorismo por sus errores. \u00bfLes funcionar\u00e1? \u00bfUsted qu\u00e9 opina amable lector?<\/p>\n<p><a href=\"mailto:aco2742@hotmail.com\" target=\"_blank\" rel=\"noopener noreferrer\"><em>aco2742@hotmail.com<\/em><\/a><\/p>\n","protected":false},"excerpt":{"rendered":"<p><span style=\"color: #005497;\"><strong>Augusto Corro<\/strong><\/span><\/p>\n","protected":false},"author":3,"featured_media":0,"comment_status":"open","ping_status":"open","sticky":false,"template":"","format":"standard","meta":{"_monsterinsights_skip_tracking":false,"_monsterinsights_sitenote_active":false,"_monsterinsights_sitenote_note":"","_monsterinsights_sitenote_category":0,"footnotes":""},"categories":[157],"tags":[43686,43674,11515],"class_list":["post-502674","post","type-post","status-publish","format-standard","hentry","category-augusto-corro","tag-augusto-corro","tag-opinion","tag-punto-por-punto"],"_links":{"self":[{"href":"https:\/\/www.diarioimagen.net\/index.php?rest_route=\/wp\/v2\/posts\/502674","targetHints":{"allow":["GET"]}}],"collection":[{"href":"https:\/\/www.diarioimagen.net\/index.php?rest_route=\/wp\/v2\/posts"}],"about":[{"href":"https:\/\/www.diarioimagen.net\/index.php?rest_route=\/wp\/v2\/types\/post"}],"author":[{"embeddable":true,"href":"https:\/\/www.diarioimagen.net\/index.php?rest_route=\/wp\/v2\/users\/3"}],"replies":[{"embeddable":true,"href":"https:\/\/www.diarioimagen.net\/index.php?rest_route=%2Fwp%2Fv2%2Fcomments&post=502674"}],"version-history":[{"count":0,"href":"https:\/\/www.diarioimagen.net\/index.php?rest_route=\/wp\/v2\/posts\/502674\/revisions"}],"wp:attachment":[{"href":"https:\/\/www.diarioimagen.net\/index.php?rest_route=%2Fwp%2Fv2%2Fmedia&parent=502674"}],"wp:term":[{"taxonomy":"category","embeddable":true,"href":"https:\/\/www.diarioimagen.net\/index.php?rest_route=%2Fwp%2Fv2%2Fcategories&post=502674"},{"taxonomy":"post_tag","embeddable":true,"href":"https:\/\/www.diarioimagen.net\/index.php?rest_route=%2Fwp%2Fv2%2Ftags&post=502674"}],"curies":[{"name":"wp","href":"https:\/\/api.w.org\/{rel}","templated":true}]}}