{"id":502675,"date":"2021-04-09T00:03:51","date_gmt":"2021-04-09T05:03:51","guid":{"rendered":"https:\/\/www.diarioimagen.net\/?p=502675"},"modified":"2021-04-08T23:36:36","modified_gmt":"2021-04-09T04:36:36","slug":"comicios-en-sudamerica","status":"publish","type":"post","link":"https:\/\/www.diarioimagen.net\/?p=502675","title":{"rendered":"Comicios en Sudam\u00e9rica"},"content":{"rendered":"<h2>Espacio Electoral<\/h2>\n<h5>Eleazar Flores<\/h5>\n<p>&nbsp;<\/p>\n<p><strong>DE TODO-.<\/strong> Mientras en M\u00e9xico nos distraen los ataques del poder a la prensa, al INE y dem\u00e1s, en cuatro pa\u00edses hermanos de Sudam\u00e9rica se aprestan a acudir a las urnas este domingo para cambiar a sus gobernantes.<\/p>\n<p>Ecuador, Per\u00fa, Bolivia son los pa\u00edses cuya ciudadan\u00eda podr\u00e1 elegir presidente, vicepresidentes, parlamentarios nacionales y andinos y alcaldes. Chile que ten\u00eda programadas sus elecciones este fin de semana las pospuso para mayo.<\/p>\n<p><strong>ECUADOR-.<\/strong> Como le anticip\u00e9 el 7 de febrero, los ecuatorianos se fueron a la segunda vuelta, pues de los nueve aspirantes a la presidencia de la rep\u00fablica s\u00f3lo quedaron dos, Andr\u00e9s Arauz y Guillermo Lasso.<\/p>\n<p>De los 17.4 millones de habitantes, Ecuador tiene un padr\u00f3n de 13 millones de los cuales se calcula que 10.6 millones acudan a las urnas. Tambi\u00e9n cobra inter\u00e9s elegir a parlamentarios locales y al parlamento andino. El 24 de mayo es el cambio de presidente.<\/p>\n<p><strong>PER\u00da-.<\/strong> \u201cEl pa\u00eds m\u00e1s semejante a M\u00e9xico\u201d seg\u00fan me platic\u00f3 en Polotitl\u00e1n el escritor Fernando Ben\u00edtez en los lejanos setenta, es Per\u00fa, que el domingo elegir\u00e1 presidente, dos vicepresidentes, diputados y representantes al parlamento andino, adem\u00e1s de alcaldes.<\/p>\n<p>Los tres punteros a la presidencia son Yonhy Lescano con 10%, Ver\u00f3nica Mendoza y Hernaldo de Soto con 9% cada uno, por lo que de haber una segunda\u00a0 vuelta ser\u00eda el 4 de junio<\/p>\n<p>Per\u00fa tiene 33 millones de habitantes y un padr\u00f3n de 25.2 millones de votantes y como en M\u00e9xico, la mayor\u00eda son mujeres.<\/p>\n<p><strong>BOLIVIA-.<\/strong> Con\u00a0 presidente electo en la persona de Luis Arce Catacora, af\u00edn a Evo Morales que tambi\u00e9n ya visit\u00f3 nuestro pa\u00eds y se entrevist\u00f3 con el padre de la Cuarta Transformaci\u00f3n, podr\u00e1 ratificar su mayor\u00eda el domingo cuando se elijan diputados y alcaldes de los 336 municipios de los cu\u00e1les 240 ya est\u00e1n escriturados para el MAS, s\u00ed, el Movimiento al Socialismo, de Evo Morales.<\/p>\n<p>De los 11 millones de bolivianos 7.1 millones integran el padr\u00f3n de los cuales se calcula la participaci\u00f3n de 6.1 millones<\/p>\n<p><strong>CHILE-.<\/strong> Anta\u00f1o ejemplo casi de todo, el pa\u00eds andino hoy enfrenta problemas no s\u00f3lo por la pandemia, sino tambi\u00e9n por la crisis pol\u00edtica, producto de la inconformidad mayoritaria, de entre la que destaca la presencia juvenil que rechaz\u00f3 abiertamente el pago de cuotas en educaci\u00f3n superior.<\/p>\n<p>Por esas y muchas cosas m\u00e1s, los paisanos del americanista Carlos Reynoso pospusieron sus elecciones programadas inicialmente para este 10 y 11 de reprogramadas para el 15 y 16 de mayo.<\/p>\n<p>De los 19.3 millones de chilenos, 14.7 millones podr\u00e1n participar en sus elecciones generales, municipales y regionales, seg\u00fan dio a conocer el presidente Sebasti\u00e1n Pi\u00f1eira, obligado a crear una nueva Constituci\u00f3n.<\/p>\n<p><em><a href=\"mailto:elefa44@gmail.com\" target=\"_blank\" rel=\"noopener noreferrer\">elefa44@gmail.com<\/a><\/em><\/p>\n","protected":false},"excerpt":{"rendered":"<p><span style=\"color: #005497;\"><strong>Eleazar Flores<\/strong><\/span><\/p>\n","protected":false},"author":3,"featured_media":0,"comment_status":"open","ping_status":"open","sticky":false,"template":"","format":"standard","meta":{"_monsterinsights_skip_tracking":false,"_monsterinsights_sitenote_active":false,"_monsterinsights_sitenote_note":"","_monsterinsights_sitenote_category":0,"footnotes":""},"categories":[81743],"tags":[81744,81776,43674],"class_list":["post-502675","post","type-post","status-publish","format-standard","hentry","category-eleazar-flores","tag-eleazar-flores","tag-espacio-electoral","tag-opinion"],"_links":{"self":[{"href":"https:\/\/www.diarioimagen.net\/index.php?rest_route=\/wp\/v2\/posts\/502675","targetHints":{"allow":["GET"]}}],"collection":[{"href":"https:\/\/www.diarioimagen.net\/index.php?rest_route=\/wp\/v2\/posts"}],"about":[{"href":"https:\/\/www.diarioimagen.net\/index.php?rest_route=\/wp\/v2\/types\/post"}],"author":[{"embeddable":true,"href":"https:\/\/www.diarioimagen.net\/index.php?rest_route=\/wp\/v2\/users\/3"}],"replies":[{"embeddable":true,"href":"https:\/\/www.diarioimagen.net\/index.php?rest_route=%2Fwp%2Fv2%2Fcomments&post=502675"}],"version-history":[{"count":0,"href":"https:\/\/www.diarioimagen.net\/index.php?rest_route=\/wp\/v2\/posts\/502675\/revisions"}],"wp:attachment":[{"href":"https:\/\/www.diarioimagen.net\/index.php?rest_route=%2Fwp%2Fv2%2Fmedia&parent=502675"}],"wp:term":[{"taxonomy":"category","embeddable":true,"href":"https:\/\/www.diarioimagen.net\/index.php?rest_route=%2Fwp%2Fv2%2Fcategories&post=502675"},{"taxonomy":"post_tag","embeddable":true,"href":"https:\/\/www.diarioimagen.net\/index.php?rest_route=%2Fwp%2Fv2%2Ftags&post=502675"}],"curies":[{"name":"wp","href":"https:\/\/api.w.org\/{rel}","templated":true}]}}