{"id":502692,"date":"2021-04-09T00:15:41","date_gmt":"2021-04-09T05:15:41","guid":{"rendered":"https:\/\/www.diarioimagen.net\/?p=502692"},"modified":"2021-04-08T23:50:39","modified_gmt":"2021-04-09T04:50:39","slug":"el-peor-oficio-la-politica","status":"publish","type":"post","link":"https:\/\/www.diarioimagen.net\/?p=502692","title":{"rendered":"El peor oficio, la pol\u00edtica"},"content":{"rendered":"<h2>Por la Derecha..!<\/h2>\n<h5>Luis \u00c1ngel Garc\u00eda<\/h5>\n<p>&nbsp;<\/p>\n<p>La exigencia de la Revoluci\u00f3n Mexicana fue el sufragio efectivo, no reelecci\u00f3n. Noventa a\u00f1os despu\u00e9s, la ciudadanizaci\u00f3n de los comicios hizo posible el respeto al voto y a la representaci\u00f3n popular. Se desterr\u00f3 la tentaci\u00f3n de perpetuarse en el poder y evit\u00f3 el ascenso de gobiernos espurios. Sin embargo, la evoluci\u00f3n de nuestra democracia abri\u00f3 las puertas para repetir en cargos legislativos o municipales, como si nuestros dirigentes tuvieran que ser premiados por funciones que han quedado a deber.<\/p>\n<p>En apoyo a nuestro sistema pluripartidista, el gobierno apertura la asignaci\u00f3n de congresistas de mayor\u00eda relativa, con lo cual la oposici\u00f3n tuvo acceso a las C\u00e1maras y ahora a la reelecci\u00f3n, igual que los ediles. La l\u00f3gica de crear una carrera parlamentaria o alentar la repetici\u00f3n municipal contraviene el esp\u00edritu antirreeleccionista del movimiento social de 1910. El fantasma del porfiriato ronda nuevamente los campos de la democracia.<\/p>\n<p>La pol\u00edtica en M\u00e9xico se ha desprestigiado y ha agotado las generaciones de tribunos o verdaderos servidores p\u00fablicos. Ahora arriban a los cargos como pago de favores, por feudos o cuotas de poder. El elector vota por partidos porque no conoce a sus candidatos, quienes ya electos olvidan a sus representantes y dejan de cumplir con su obligaci\u00f3n de hacer leyes, de gestionar, de proponer y aprobar presupuestos y ser contrapeso del Ejecutivo; se han convertido en oficial\u00eda de parte y, salvo honrosas excepciones, son <em>levantadedos<\/em>. En los ayuntamientos no es distinta la cosa, muchos ediles son improvisados que desconocen la administraci\u00f3n municipal o son subordinados de los gobernadores que poco hacen por su gente.<\/p>\n<p>Por eso llama la atenci\u00f3n que 187 de quinientos diputados pretendan reelegirse, as\u00ed como casi la mitad de los alcaldes de la CDMX y cientos de presidentes municipales en todo el pa\u00eds. Es curioso que muchas de las propuestas de campa\u00f1a de los que quieren repetir son nuevos ofrecimientos y no la continuidad de las acciones positivas durante su gesti\u00f3n, si es que las tuvieron. Esperemos que los votantes no se dejen engatusar por estos remedos de pol\u00edticos que han desprestigiado la funci\u00f3n p\u00fablica.<\/p>\n<p>Distamos mucho de contar con legisladores como <em>El Le\u00f3n del Senado<\/em>, Edward M. Kennedy, de la dinast\u00eda de pol\u00edticos dem\u00f3cratas <em>gringos<\/em>, quien fue representante cameral por Massachusetts casi medio siglo, reelecto nueve veces, con el reconocimiento de sus votantes y de sus pares.<\/p>\n<p>Un viejo chiste recrea un di\u00e1logo entre diputados mexicanos:<\/p>\n<p>\u00ac En las pr\u00f3ximas vacaciones quiere estar tranquilo e ir a un lugar donde la gente no me conozca<\/p>\n<p>\u00ac Regresa a tu Distrito, le respondi\u00f3 su colega.<\/p>\n<p>Creo que hay mucha desfachatez de algunos candidatos para suponer que sus representados quieren que se queden en el cargo. Sin embargo, le apuestan a la maquinaria electoral de sus partidos para poder ganar. Algunos lo lograr\u00e1n, en detrimento de la ciudadan\u00eda, la cual no ve qui\u00e9n ni c\u00f3mo resolver\u00e1 sus necesidades de salud, empleo, seguridad, agua, educaci\u00f3n, transporte, servicios o recreaci\u00f3n. La crisis econ\u00f3mica y la pandemia parecen no preocupar a los pol\u00edticos.<\/p>\n<p>La reelecci\u00f3n es una gran tentaci\u00f3n para megal\u00f3manos, aut\u00f3cratas o dictadores. Aun para\u00a0 dem\u00f3cratas es una debilidad la ambici\u00f3n de poder, el propio Ju\u00e1rez dur\u00f3 m\u00e1s tiempo en la silla presidencial que Santa Anna en sus once periodos al frente del Ejecutivo. La dictadura de D\u00edaz, revestida de \u201cdemocr\u00e1ticas\u201d reelecciones, no es la \u00fanica intentona por perpetuarse en la Presidencia. Por ello debemos ser cuidadosos e impedir, con nuestro voto, esos arrebatos\u00a0 carnales de l\u00edderes que creen est\u00e1n destinados a dirigir por siempre los destinos de los ciudadanos. No demos por muertos a esos politiquillos que quieren emular a Edward Kennedy en el Congreso o en la administraci\u00f3n p\u00fablica.<\/p>\n","protected":false},"excerpt":{"rendered":"<p><span style=\"color: #005497;\"><strong>Luis \u00c1ngel Garc\u00eda<\/strong><\/span><br \/>\n<br \/>\nLa exigencia de la Revoluci\u00f3n Mexicana fue el sufragio efectivo, no reelecci\u00f3n. Noventa a\u00f1os despu\u00e9s, la ciudadanizaci\u00f3n de los comicios hizo posible el respeto al voto y a la representaci\u00f3n popular. Se desterr\u00f3 la tentaci\u00f3n de perpetuarse en el poder y evit\u00f3 el ascenso de gobiernos espurios.<\/p>\n","protected":false},"author":3,"featured_media":0,"comment_status":"open","ping_status":"open","sticky":false,"template":"","format":"standard","meta":{"_monsterinsights_skip_tracking":false,"_monsterinsights_sitenote_active":false,"_monsterinsights_sitenote_note":"","_monsterinsights_sitenote_category":0,"footnotes":""},"categories":[92115],"tags":[92117,43674,92116],"class_list":["post-502692","post","type-post","status-publish","format-standard","hentry","category-luis-angel-garcia","tag-luis-angel-garcia","tag-opinion","tag-por-la-derecha"],"_links":{"self":[{"href":"https:\/\/www.diarioimagen.net\/index.php?rest_route=\/wp\/v2\/posts\/502692","targetHints":{"allow":["GET"]}}],"collection":[{"href":"https:\/\/www.diarioimagen.net\/index.php?rest_route=\/wp\/v2\/posts"}],"about":[{"href":"https:\/\/www.diarioimagen.net\/index.php?rest_route=\/wp\/v2\/types\/post"}],"author":[{"embeddable":true,"href":"https:\/\/www.diarioimagen.net\/index.php?rest_route=\/wp\/v2\/users\/3"}],"replies":[{"embeddable":true,"href":"https:\/\/www.diarioimagen.net\/index.php?rest_route=%2Fwp%2Fv2%2Fcomments&post=502692"}],"version-history":[{"count":0,"href":"https:\/\/www.diarioimagen.net\/index.php?rest_route=\/wp\/v2\/posts\/502692\/revisions"}],"wp:attachment":[{"href":"https:\/\/www.diarioimagen.net\/index.php?rest_route=%2Fwp%2Fv2%2Fmedia&parent=502692"}],"wp:term":[{"taxonomy":"category","embeddable":true,"href":"https:\/\/www.diarioimagen.net\/index.php?rest_route=%2Fwp%2Fv2%2Fcategories&post=502692"},{"taxonomy":"post_tag","embeddable":true,"href":"https:\/\/www.diarioimagen.net\/index.php?rest_route=%2Fwp%2Fv2%2Ftags&post=502692"}],"curies":[{"name":"wp","href":"https:\/\/api.w.org\/{rel}","templated":true}]}}