{"id":502831,"date":"2021-04-12T00:01:52","date_gmt":"2021-04-12T05:01:52","guid":{"rendered":"https:\/\/www.diarioimagen.net\/?p=502831"},"modified":"2021-04-12T02:50:25","modified_gmt":"2021-04-12T07:50:25","slug":"movimientos-estrategicos-en-gerencias-generales-en-ciudad-de-mexico-y-el-sureste-anuncio-grupo-presidente","status":"publish","type":"post","link":"https:\/\/www.diarioimagen.net\/?p=502831","title":{"rendered":"Movimientos estrat\u00e9gicos en gerencias generales en Ciudad de M\u00e9xico y el sureste, anunci\u00f3 Grupo Presidente"},"content":{"rendered":"<h2>De cinco estrellas<\/h2>\n<h5>Victoria Gonz\u00e1lez Prado<\/h5>\n<p>&nbsp;<\/p>\n<ul>\n<li><strong><em>Riviera Nayarit, en abril, contin\u00faa recibiendo m\u00e1s vuelos nacionales e internacionales<\/em><\/strong><\/li>\n<li><strong><em>Arriba al puerto de Acapulco el crucero <\/em>Regatta<em> que realizar\u00e1 trabajos de mantenimiento<\/em><\/strong><\/li>\n<li><strong>Radisson Hotel Panama City Beach-Oceanfront<em> abri\u00f3 en el destino costero de La Florida<\/em><\/strong><\/li>\n<li><strong><em>La Asociaci\u00f3n Colombiana de Agencias de Viajes y Turismo da a conocer la nueva fecha de la <\/em>Vitrina Tur\u00edstica<\/strong><\/li>\n<\/ul>\n<p>&nbsp;<\/p>\n<div id=\"attachment_502923\" style=\"width: 470px\" class=\"wp-caption aligncenter\"><a href=\"https:\/\/www.diarioimagen.net\/?attachment_id=502923\" rel=\"attachment wp-att-502923\"><img loading=\"lazy\" decoding=\"async\" aria-describedby=\"caption-attachment-502923\" class=\"size-full wp-image-502923\" src=\"https:\/\/www.diarioimagen.net\/wp-content\/uploads\/2021\/04\/turismo-2.jpg\" alt=\"\" width=\"460\" height=\"270\" \/><\/a><p id=\"caption-attachment-502923\" class=\"wp-caption-text\">Guillermo Valencia y \u00c1lvaro Rey.<\/p><\/div>\n<p>&nbsp;<\/p>\n<p><strong>\u00c1lvaro Rey<\/strong> se ha hecho cargo de la gerencia general regional de los hoteles Presidente InterContinental Polanco y Santa Fe, reemplazando a <strong>Guillermo Valencia<\/strong>, quien toma la gerencia general regional de los hoteles <em>Presidente InterContinental Cozumel Resort &amp; Spa<\/em>, el hotel de Canc\u00fan y el <em>Courtyard by Marriott Merida<\/em>.<\/p>\n<p>Egresado de <em>Les Roches Switzerland<\/em>, universidad especializada en Direcci\u00f3n Hotelera y Turismo, <strong>\u00c1lvaro<\/strong> cuenta con amplia trayectoria en <em>InterContinental Hotels Group <\/em>(IHG). Ha trabajado como gerente general en los hoteles InterContinental Medell\u00edn y Cali en Colombia; Maracaibo, Venezuela; Amman, Jordania; S\u00e3o Paulo, Brasil; Buenos Aires, Argentina; Sidney, Australia y en Londres, Inglaterra.<\/p>\n<p>Ocup\u00f3 tambi\u00e9n dos posiciones estrat\u00e9gicas para IHG como <em>Area General Manager<\/em> para <em>InterContinental Hotels London<\/em> y como Area General Manager para London &amp; Franchise Hotels Europe.<\/p>\n<p>Por su parte, <strong>Guillermo<\/strong>, originario de Manizales Colombia, graduado de la Escuela de Hoteler\u00eda de Santa Cruz de Tenerife, Islas Canarias, Espa\u00f1a. Obtuvo diploma profesional de la Escuela Oficial de Turismo de Espa\u00f1a en Madrid. En 1992 inici\u00f3 su carrera en el hotel en Medell\u00edn, y de ah\u00ed en adelante llev\u00f3 la gerencia general de los hoteles en Guyana, Venezuela; Cali y Medell\u00edn, Colomiba; Jamaica, Montego Bay y Aruba.<\/p>\n<p>Estuvo en la gerencia general regional de los hoteles de Grupo Presidente en el sureste: Cozumel y M\u00e9rida. En 2012, toma las riendas del hotel Presidente InterContinental Ciudad de M\u00e9xico Polanco, donde desempe\u00f1\u00f3 brillante labor. En enero de 2021 retoma la gerencia general regional de los hoteles del Sureste.<\/p>\n<p>\u2730\u2730\u2730\u2730\u2730 De acuerdo con datos proporcionados por el Grupo Aeroportuario del Pac\u00edfico (GAP)<strong>,<\/strong> operador de la terminal a\u00e9rea en la Riviera Nayarit, en abril estar\u00e1n volando a la regi\u00f3n 14 aerol\u00edneas -siete nacionales y siete internacionales-, con promedio de 56 vuelos diarios para un total de 389 por semana. La proyecci\u00f3n para el resto del mes es de mil 556 vuelos, 9 por ciento de incremento con respecto a marzo.<\/p>\n<p>De las rutas nacionales destaca Aerolitoral\/Aerom\u00e9xico que ofrecen 44 vuelos por semana, ocho m\u00e1s que en el mes de marzo. TAR increment\u00f3 a 32 frecuencias semanales, el doble del mes pasado.<\/p>\n<p>Se reanudan las rutas internacionales de Las Vegas con <em>Frontier,<\/em> dos frecuencias semanales; <em>Southwest Airlines,<\/em> tres frecuencias desde Santa Ana, y <em>Alaska Airlines<\/em>, dos frecuencias desde Portland y una adicional desde San Francisco.<\/p>\n<p><strong>Marc Murphy<\/strong>, director general de la Oficina de Visitantes y Convenciones de la Riviera Nayarit dijo: \u201cvemos que la Riviera Nayarit se mantiene entre los destinos preferidos por los viajeros nacionales e internacionales. Pese a la crisis global la demanda que se genera en la regi\u00f3n se ve reflejada en el n\u00famero de vuelos y en la creciente llegada de pasajeros\u201d.<\/p>\n<p>A partir de mayo, regresa <em>TUI Airways<\/em> con rutas de Londres y Manchester, los d\u00edas mi\u00e9rcoles y domingo, respectivamente.<\/p>\n<p>Seg\u00fan datos de la Secretar\u00eda de Turismo federal, Reino Unido es el tercer mercado m\u00e1s importante de turismo hacia M\u00e9xico, despu\u00e9s de Estados Unidos y Canad\u00e1.<\/p>\n<p>Tambi\u00e9n, a partir de mayo, <em>Air Canada<\/em> retoma la ruta Toronto-M\u00e9xico con una frecuencia semanal; <em>Air Transat<\/em> anunci\u00f3 operaciones hasta mediados de junio, durante el verano.<\/p>\n<p>Riviera Nayarit es destino seguro, hoteles y restaurantes est\u00e1n siguiendo todos los protocolos sanitarios establecidos por la Secretar\u00eda de Salud del gobierno federal y operan a su capacidad permitida; el acceso a las playas es limitado. S\u00e9 turista responsable, utiliza el cubrebocas y cuida tu distancia.<\/p>\n<p>\u2730\u2730\u2730\u2730\u2730 Hace unos d\u00edas, arrib\u00f3 al puerto de Acapulco el crucero <em>Regatta<\/em> de la naviera <em>Oceania Cruises<\/em> con 101 tripulantes, quienes permanecer\u00e1n a bordo. Se espera que el buque tenga estad\u00eda de dos a tres semanas en las que realizar\u00e1n trabajos de mantenimiento. La naviera realiza los tr\u00e1mites correspondientes para atracar en el muelle de la terminal Mar\u00edtima.<\/p>\n<p>\u2730\u2730\u2730\u2730\u2730 La Vitrina Tur\u00edstica de Anato har\u00e1 por primera vez un evento virtual del 5 al 8 de mayo, previo al evento presencial que acaba de cambiar, la edici\u00f3n n\u00famero 40 se realizar\u00e1 en el recinto ferial de Corferias, en Bogot\u00e1, del 16 al 18 de junio de manera presencial.<\/p>\n<p>\u2730\u2730\u2730\u2730\u2730 El Radisson Hotel Panama City Beach-Oceanfront abri\u00f3 sus puertas frente a las costas del Golfo de M\u00e9xico -a s\u00f3lo 25 minutos en auto del Aeropuerto Internacional<em> Northwest Florida Beaches-<\/em> y logra equilibrio perfecto entre lujo y aventura para quienes visitan este destino costero de La Florida.<\/p>\n<p>Las habitaciones y <em>penthouse<\/em> con hidromasaje, <em>suites<\/em> del \u00faltimo piso y las suites de dos dormitorios est\u00e1n entre la gama de opciones de alojamiento disponibles. Cuenta con piscina, <em>Fitness Center<\/em>, estacionamiento de cortes\u00eda y <em>wi-fi <\/em>gratuito en todo el recinto.<\/p>\n<p>El restaurante <em>Barefoot Hide-A-Way<\/em>, lugar para desayunar, comer y cenar en el interior o al aire libre invita a saborear la cocina local y deliciosos platos de pescados y mariscos.<\/p>\n<p><strong>Aly El-Bassuni<\/strong>, director de Operaciones de <em>Radisson Hotel Group America<\/em>s, dijo: \u201ceste hotel ejemplifica todo lo que deben incluir unas vacaciones, desde lujo hasta relajaci\u00f3n y, por supuesto, algo de aventura\u201d.<\/p>\n<p>Para garantizar la seguridad y tranquilidad de los hu\u00e9spedes desde la llegada hasta la salida se practica el <em>Radisson Hotels Americas Safety Protocol<\/em>, protocolos de limpieza y desinfecci\u00f3n a profundidad y en asociaci\u00f3n con SGS, empresa l\u00edder mundial en inspecci\u00f3n, verificaci\u00f3n, pruebas y certificaci\u00f3n.<\/p>\n<p>El hotel es la base ideal para todo tipo de aventuras. A las puertas se encuentra el sistema de transporte p\u00fablico <em>Bay Town Trolley,<\/em> que se puede utilizar para acceder c\u00f3modamente a las atracciones cercanas: el <em>Gulf World Marine Park<\/em> y el parque acu\u00e1tico <em>Shipwreck Island, <\/em>entre otros.<\/p>\n<p>&nbsp;<\/p>\n<blockquote>\n<p style=\"text-align: right;\">\u201c<strong>El<\/strong> <strong>\u00e1ngel de la fama tiene sus alas hechas de papel&#8230; peri\u00f3dico\u201d.<br \/>\n<\/strong><\/p>\n<\/blockquote>\n<p>&nbsp;<\/p>\n<p><em><span class=\"Apple-converted-space\"><a href=\"mailto:victoriagprado@gmail.com\" target=\"_blank\" rel=\"noopener noreferrer\">victoriagprado@gmail.com<\/a><br \/>\nTwitter: <a href=\"https:\/\/twitter.com\/victoriagprado\" target=\"_blank\" rel=\"noopener noreferrer\">@victoriagprado<\/a><\/span><\/em><\/p>\n","protected":false},"excerpt":{"rendered":"<p><strong>\u00c1lvaro Rey<\/strong> se ha hecho cargo de la gerencia general regional de los hoteles Presidente InterContinental Polanco y Santa Fe, reemplazando a <strong>Guillermo Valencia<\/strong>, quien toma la gerencia general regional de los hoteles <em>Presidente InterContinental Cozumel Resort &#038; Spa<\/em>, el hotel de Canc\u00fan y el <em>Courtyard by Marriott Merida<\/em>.<\/p>\n","protected":false},"author":3,"featured_media":502923,"comment_status":"open","ping_status":"open","sticky":false,"template":"","format":"standard","meta":{"_monsterinsights_skip_tracking":false,"_monsterinsights_sitenote_active":false,"_monsterinsights_sitenote_note":"","_monsterinsights_sitenote_category":0,"footnotes":""},"categories":[11],"tags":[12894,43705,43674],"class_list":["post-502831","post","type-post","status-publish","format-standard","has-post-thumbnail","hentry","category-turismo","tag-capsulas-de-la-salud","tag-elsa-rodriguez-osorio","tag-opinion"],"_links":{"self":[{"href":"https:\/\/www.diarioimagen.net\/index.php?rest_route=\/wp\/v2\/posts\/502831","targetHints":{"allow":["GET"]}}],"collection":[{"href":"https:\/\/www.diarioimagen.net\/index.php?rest_route=\/wp\/v2\/posts"}],"about":[{"href":"https:\/\/www.diarioimagen.net\/index.php?rest_route=\/wp\/v2\/types\/post"}],"author":[{"embeddable":true,"href":"https:\/\/www.diarioimagen.net\/index.php?rest_route=\/wp\/v2\/users\/3"}],"replies":[{"embeddable":true,"href":"https:\/\/www.diarioimagen.net\/index.php?rest_route=%2Fwp%2Fv2%2Fcomments&post=502831"}],"version-history":[{"count":0,"href":"https:\/\/www.diarioimagen.net\/index.php?rest_route=\/wp\/v2\/posts\/502831\/revisions"}],"wp:featuredmedia":[{"embeddable":true,"href":"https:\/\/www.diarioimagen.net\/index.php?rest_route=\/wp\/v2\/media\/502923"}],"wp:attachment":[{"href":"https:\/\/www.diarioimagen.net\/index.php?rest_route=%2Fwp%2Fv2%2Fmedia&parent=502831"}],"wp:term":[{"taxonomy":"category","embeddable":true,"href":"https:\/\/www.diarioimagen.net\/index.php?rest_route=%2Fwp%2Fv2%2Fcategories&post=502831"},{"taxonomy":"post_tag","embeddable":true,"href":"https:\/\/www.diarioimagen.net\/index.php?rest_route=%2Fwp%2Fv2%2Ftags&post=502831"}],"curies":[{"name":"wp","href":"https:\/\/api.w.org\/{rel}","templated":true}]}}