{"id":502997,"date":"2021-04-13T00:03:45","date_gmt":"2021-04-13T05:03:45","guid":{"rendered":"https:\/\/www.diarioimagen.net\/?p=502997"},"modified":"2021-04-13T03:53:17","modified_gmt":"2021-04-13T08:53:17","slug":"comenzo-campana-ivan-rodriguez-rivera-candidato-a-diputado-federal-por-el-distrito-22","status":"publish","type":"post","link":"https:\/\/www.diarioimagen.net\/?p=502997","title":{"rendered":"Comenz\u00f3 campa\u00f1a Iv\u00e1n Rodr\u00edguez Rivera, candidato a diputado federal por el Distrito 22"},"content":{"rendered":"<p>&nbsp;<\/p>\n<ul>\n<li><strong><em>Escucha a vecinos y comerciantes de Naucalpan<\/em><\/strong><\/li>\n<\/ul>\n<p>&nbsp;<\/p>\n<div id=\"attachment_503102\" style=\"width: 470px\" class=\"wp-caption aligncenter\"><a href=\"https:\/\/www.diarioimagen.net\/?attachment_id=503102\" rel=\"attachment wp-att-503102\"><img loading=\"lazy\" decoding=\"async\" aria-describedby=\"caption-attachment-503102\" class=\"size-full wp-image-503102\" src=\"https:\/\/www.diarioimagen.net\/wp-content\/uploads\/2021\/04\/naucalpan1.jpg\" alt=\"\" width=\"460\" height=\"270\" \/><\/a><p id=\"caption-attachment-503102\" class=\"wp-caption-text\">El panista Iv\u00e1n Rodr\u00edguez inici\u00f3 campa\u00f1a para diputado federal por el Distrito 22 de Naucalpan.<\/p><\/div>\n<p>&nbsp;<\/p>\n<p><strong>Naucalpan, Estado de M\u00e9xico<\/strong>.\u2013 Iv\u00e1n Rodr\u00edguez inici\u00f3 campa\u00f1a para diputado federal por el Distrito 22 de Naucalpan; ser\u00e1n dos meses de intensa actividad pol\u00edtica en la que estoy convencido que Acci\u00f3n Nacional es la mejor opci\u00f3n para sacar adelante al pa\u00eds de esta crisis de salud, econ\u00f3mica y de seguridad en la que Morena nos tiene sumergidos, expres\u00f3.<\/p>\n<p>Durante esta semana recorri\u00f3 distintos puntos del municipio, saludando y escuchando a vecinos y comerciantes sobre cuales consideran los principales problemas de su entorno social y as\u00ed construir juntos las posibles soluciones.<\/p>\n<p>El Covid-19 nos obligar\u00e1 a regresar a nuestros or\u00edgenes como panista. Cuando entr\u00e9 a Acci\u00f3n Nacional hace m\u00e1s de 20 a\u00f1os, as\u00ed hac\u00edamos campa\u00f1a: calle por calle y casa por casa. As\u00ed se conquistaban los corazones de la gente y as\u00ed lo volveremos a hacer ahora, se\u00f1al\u00f3.<\/p>\n","protected":false},"excerpt":{"rendered":"<p>Iv\u00e1n Rodr\u00edguez inici\u00f3 campa\u00f1a para diputado federal por el Distrito 22 de Naucalpan; ser\u00e1n dos meses de intensa actividad pol\u00edtica en la que estoy convencido que Acci\u00f3n Nacional es la mejor opci\u00f3n para sacar adelante al pa\u00eds de esta crisis de salud, econ\u00f3mica y de seguridad en la que Morena nos tiene sumergidos, expres\u00f3.<\/p>\n","protected":false},"author":3,"featured_media":503102,"comment_status":"open","ping_status":"open","sticky":false,"template":"","format":"standard","meta":{"_monsterinsights_skip_tracking":false,"_monsterinsights_sitenote_active":false,"_monsterinsights_sitenote_note":"","_monsterinsights_sitenote_category":0,"footnotes":""},"categories":[5],"tags":[6664,43675,92746,970],"class_list":["post-502997","post","type-post","status-publish","format-standard","has-post-thumbnail","hentry","category-estado-de-mexico","tag-candidato","tag-estado-de-mexico","tag-ivan-rodriguez-rivera","tag-naucalpan"],"_links":{"self":[{"href":"https:\/\/www.diarioimagen.net\/index.php?rest_route=\/wp\/v2\/posts\/502997","targetHints":{"allow":["GET"]}}],"collection":[{"href":"https:\/\/www.diarioimagen.net\/index.php?rest_route=\/wp\/v2\/posts"}],"about":[{"href":"https:\/\/www.diarioimagen.net\/index.php?rest_route=\/wp\/v2\/types\/post"}],"author":[{"embeddable":true,"href":"https:\/\/www.diarioimagen.net\/index.php?rest_route=\/wp\/v2\/users\/3"}],"replies":[{"embeddable":true,"href":"https:\/\/www.diarioimagen.net\/index.php?rest_route=%2Fwp%2Fv2%2Fcomments&post=502997"}],"version-history":[{"count":0,"href":"https:\/\/www.diarioimagen.net\/index.php?rest_route=\/wp\/v2\/posts\/502997\/revisions"}],"wp:featuredmedia":[{"embeddable":true,"href":"https:\/\/www.diarioimagen.net\/index.php?rest_route=\/wp\/v2\/media\/503102"}],"wp:attachment":[{"href":"https:\/\/www.diarioimagen.net\/index.php?rest_route=%2Fwp%2Fv2%2Fmedia&parent=502997"}],"wp:term":[{"taxonomy":"category","embeddable":true,"href":"https:\/\/www.diarioimagen.net\/index.php?rest_route=%2Fwp%2Fv2%2Fcategories&post=502997"},{"taxonomy":"post_tag","embeddable":true,"href":"https:\/\/www.diarioimagen.net\/index.php?rest_route=%2Fwp%2Fv2%2Ftags&post=502997"}],"curies":[{"name":"wp","href":"https:\/\/api.w.org\/{rel}","templated":true}]}}