{"id":503036,"date":"2021-04-13T00:04:55","date_gmt":"2021-04-13T05:04:55","guid":{"rendered":"https:\/\/www.diarioimagen.net\/?p=503036"},"modified":"2021-04-13T02:26:52","modified_gmt":"2021-04-13T07:26:52","slug":"el-acuerdo-migratorio","status":"publish","type":"post","link":"https:\/\/www.diarioimagen.net\/?p=503036","title":{"rendered":"El acuerdo migratorio"},"content":{"rendered":"<h2>Punto por punto<\/h2>\n<h5>Augusto Corro<\/h5>\n<p>&nbsp;<\/p>\n<p>Estados Unidos asegur\u00f3 acuerdos para que M\u00e9xico, Honduras y Guatemala estrechen sus fronteras y frenen el flujo migratorio.<\/p>\n<p>Los gobiernos de los citados pa\u00edses latinoamericanos aprobaron enviar m\u00e1s tropas a sus fronteras con el prop\u00f3sito de proteger a ni\u00f1os migrantes.\u00a0 Como se inform\u00f3 en este espacio, miles de ni\u00f1os se encuentran detenidos en EU en espera de ser deportados.<\/p>\n<p>Con la interpretaci\u00f3n de que el gobierno de Joe Biden podr\u00eda aplicar leyes menos rigoristas a los indocumentados, creci\u00f3 el n\u00famero de migrantes.<\/p>\n<p>Las autoridades centroamericanas y mexicanas poco o nada hacen para evitar la gente abandone sus lugares de origen.<\/p>\n<p>Los pa\u00edses se encuentran sometidos a complejos problemas econ\u00f3micos que mantienen en la pobreza extrema a miles de personas.<\/p>\n<p>Y no solamente eso, tambi\u00e9n los habitantes de esas regiones son v\u00edctimas de la violencia del crimen organizado que los obliga a huir para salvar la vida.<\/p>\n<p>A todo lo anterior debe sumarse los da\u00f1os que dejan los huracanes que cada a\u00f1o da\u00f1an la econom\u00eda raqu\u00edtica de esas naciones.<\/p>\n<p>Todo mundo sabe que las inversiones econ\u00f3micas son necesarias para levantar las econom\u00edas que se encuentran en crisis, afectadas a\u00fan m\u00e1s por la pandemia de la Covid-19.<\/p>\n<p>Pero como se presta poco inter\u00e9s al drama de los indocumentados, el asunto de las inversiones a la fecha solo aparece en los discursos demag\u00f3gicos de los pol\u00edticos.<\/p>\n<p>La crisis en las fronteras de los pa\u00edses mencionados continuar\u00e1. Dif\u00edcilmente podr\u00e1 superarse con la supuesta buena voluntad de resolver los conflictos.<\/p>\n<p>Los m\u00e1s afectados de la crisis son los ni\u00f1os migrantes sin papeles y sin los permisos para radicar en Estados Unidos.\u00a0 Para empezar los menores son separados de sus padres y ah\u00ed es cuando empieza la violaci\u00f3n a los derechos humanos.<\/p>\n<p>En otros casos, los ni\u00f1os ya pasaron por el amargo trato que les dieron los grupos criminales, los polleros, que los abandonan en los desiertos, o en lugares fronterizos, sin protecci\u00f3n alguna.<\/p>\n<p>Lo complejo del problema es que no se ve alguna luz en la densa oscuridad social que viven miles de indocumentados, que solo buscan mejores condiciones de vida, lejos de la pobreza y la violencia extremas.<\/p>\n<p style=\"text-align: center;\"><strong>El coronavirus<\/strong><\/p>\n<p>La canciller alemana, Angela Merkel, pidi\u00f3 ayer una acci\u00f3n conjunta global en la lucha contra la Covid-19. Dijo que la pandemia no concluir\u00e1 \u201chasta que se le ofrezca la vacuna a la \u00faltima persona\u201d.<\/p>\n<p>Sin duda, el pronunciamiento de Merkel es muy importante en momentos en que todos los pa\u00edses ricos y pobres pelean por la adquisici\u00f3n de vacunas contra el coronavirus.<\/p>\n<p>La canciller tambi\u00e9n se\u00f1al\u00f3 que facilitar el acceso a la vacuna a todos los pa\u00edses es de \u201cinter\u00e9s global\u201d.<\/p>\n<p>Advirti\u00f3 que la comunidad internacional no superar\u00e1 la crisis sanitaria y econ\u00f3mica hasta que se haya vencido al virus en todos los pa\u00edses.<\/p>\n<p>Por otra parte, la Organizaci\u00f3n Mundial de la Salud (OMS) se\u00f1al\u00f3 que \u201cestamos en un punto cr\u00edtico\u201d con los contagios que aumentan exponencialmente. Dijo que no es la situaci\u00f3n en la que queremos estar 16 meses despu\u00e9s del inicio de la pandemia, cuando disponemos de medidas de control eficaces.<\/p>\n<p>Se\u00f1al\u00f3 que la \u00faltima semana fue la cuarta con el n\u00famero m\u00e1s alto de infecciones confirmadas desde que empez\u00f3 la pandemia, con 4.4 millones de casos reportados a nivel mundial en siete d\u00edas, frente a medio mill\u00f3n hace un a\u00f1o.<\/p>\n<p>Seg\u00fan la OMS, en la semana anterior los casos de contagio del coronavirus aumentaron 9% y los decesos 5%.Adem\u00e1s del planteamiento de Merkel de realizar una acci\u00f3n global contra el coronavirus, tambi\u00e9n es importante que los gobiernos vigilen el cumplimiento de las medidas sanitarias.<\/p>\n<p>No es posible que en plena pandemia, en muchos pa\u00edses la poblaci\u00f3n vive como si ya no hubiera contagios.<\/p>\n<p>Esa gente, sin precauci\u00f3n alguna,\u00a0 concurre a restaurantes, centros nocturnos, tiendas, organiza reuniones familiares con exceso de invitados. \u00bfUsted qu\u00e9 opina amable lector?<\/p>\n<p><a href=\"mailto:aco2742@hotmail.com\" target=\"_blank\" rel=\"noopener noreferrer\"><em>aco2742@hotmail.com<\/em><\/a><\/p>\n","protected":false},"excerpt":{"rendered":"<p><span style=\"color: #005497;\"><strong>Augusto Corro<\/strong><\/span><\/p>\n","protected":false},"author":3,"featured_media":0,"comment_status":"open","ping_status":"open","sticky":false,"template":"","format":"standard","meta":{"_monsterinsights_skip_tracking":false,"_monsterinsights_sitenote_active":false,"_monsterinsights_sitenote_note":"","_monsterinsights_sitenote_category":0,"footnotes":""},"categories":[157],"tags":[43686,43674,11515],"class_list":["post-503036","post","type-post","status-publish","format-standard","hentry","category-augusto-corro","tag-augusto-corro","tag-opinion","tag-punto-por-punto"],"_links":{"self":[{"href":"https:\/\/www.diarioimagen.net\/index.php?rest_route=\/wp\/v2\/posts\/503036","targetHints":{"allow":["GET"]}}],"collection":[{"href":"https:\/\/www.diarioimagen.net\/index.php?rest_route=\/wp\/v2\/posts"}],"about":[{"href":"https:\/\/www.diarioimagen.net\/index.php?rest_route=\/wp\/v2\/types\/post"}],"author":[{"embeddable":true,"href":"https:\/\/www.diarioimagen.net\/index.php?rest_route=\/wp\/v2\/users\/3"}],"replies":[{"embeddable":true,"href":"https:\/\/www.diarioimagen.net\/index.php?rest_route=%2Fwp%2Fv2%2Fcomments&post=503036"}],"version-history":[{"count":0,"href":"https:\/\/www.diarioimagen.net\/index.php?rest_route=\/wp\/v2\/posts\/503036\/revisions"}],"wp:attachment":[{"href":"https:\/\/www.diarioimagen.net\/index.php?rest_route=%2Fwp%2Fv2%2Fmedia&parent=503036"}],"wp:term":[{"taxonomy":"category","embeddable":true,"href":"https:\/\/www.diarioimagen.net\/index.php?rest_route=%2Fwp%2Fv2%2Fcategories&post=503036"},{"taxonomy":"post_tag","embeddable":true,"href":"https:\/\/www.diarioimagen.net\/index.php?rest_route=%2Fwp%2Fv2%2Ftags&post=503036"}],"curies":[{"name":"wp","href":"https:\/\/api.w.org\/{rel}","templated":true}]}}