{"id":503049,"date":"2021-04-13T00:08:56","date_gmt":"2021-04-13T05:08:56","guid":{"rendered":"https:\/\/www.diarioimagen.net\/?p=503049"},"modified":"2021-04-13T02:39:36","modified_gmt":"2021-04-13T07:39:36","slug":"un-ano-de-altavoz-turismo","status":"publish","type":"post","link":"https:\/\/www.diarioimagen.net\/?p=503049","title":{"rendered":"Un a\u00f1o de <em>Altavoz Turismo<\/em>"},"content":{"rendered":"<h2>Detr\u00e1s del Poder<\/h2>\n<h5>Jos\u00e9 Antonio L\u00f3pez Sosa<\/h5>\n<p>&nbsp;<\/p>\n<p>Hace un a\u00f1o, tres periodistas que nos dedicamos a la industria tur\u00edstica decidimos probar suerte con un programa transmitido por Facebook live, donde tanto Marco Daniel Guzm\u00e1n, Edgar Morales, <em>El Castor,<\/em> y este reportero nos dedicamos dos veces por semana a analizar e informar con relaci\u00f3n a la industria tur\u00edstica en el pa\u00eds.<\/p>\n<p>El turismo en general, no est\u00e1 preparado para un periodismo serio y de fondo, como el que hemos hecho a lo largo de este a\u00f1o, se tiene la idea que el periodismo tur\u00edstico se limita a la promoci\u00f3n, a lo que denominan <em>soft news <\/em>y a una suerte de notas sociales, donde las caras lindas del sector aparezcan entre aplausos y buenas cr\u00edticas.<\/p>\n<p>Hemos tenido de todo a lo largo de un a\u00f1o: mucho apoyo, cr\u00edticas constructivas y destructivas, retroalimentaci\u00f3n, filtraciones, caras largas y cortas, buenos y malos augurios, en fin, pero lo que m\u00e1s hemos tenido es informaci\u00f3n veraz y comunicaci\u00f3n de empresarios y autoridades del sector tur\u00edstico.<\/p>\n<p>Vivimos una coyuntura muy complicada por la pandemia y por el desinter\u00e9s de las autoridades federales en el sector, sin embargo hay una fuerte clase empresarial que est\u00e1 sacando adelante al sector.<\/p>\n<p>Las redes sociales tambi\u00e9n est\u00e1n jugando un papel importante, desde los eternos vendedores de humo (con cientos de miles de seguidores), hasta la interacci\u00f3n real de quienes viajan o usan los servicios tur\u00edsticos del pa\u00eds.<\/p>\n<p>En un a\u00f1o estamos satisfechos con lo logrado, hay mucho por delante y estoy seguro que el equipo que hemos aquilatado, junto con Sara Rivas y Lorena Bracho, tiene \u00e1reas de oportunidad muy interesantes.<\/p>\n<p>Enhorabuena a mis colegas por este a\u00f1o de <em>Altavoz Turismo<\/em>, seguimos en vivo los jueves y domingos a trav\u00e9s de FaceBook live y en nuestro naciente sitio www. altavozturismo.com<\/p>\n<p><em><a href=\"http:\/\/www.lopezsosa.com\" target=\"_blank\" rel=\"noopener\">www.lopezsosa.com<\/a><\/em><br \/>\n<em><a href=\"mailto:joseantonio@lopezsosa.com\" target=\"_blank\" rel=\"noopener\">joseantonio@lopezsosa.com<\/a><\/em><br \/>\n<em><a href=\"http:\/\/twitter.com\/joseantonio1977\" target=\"_blank\" rel=\"noopener\">@joseantonio197<\/a><\/em><\/p>\n","protected":false},"excerpt":{"rendered":"<p><span style=\"color: #005497;\"><strong>Jos\u00e9 Antonio L\u00f3pez Sosa<\/strong><\/span><\/p>\n","protected":false},"author":3,"featured_media":0,"comment_status":"open","ping_status":"open","sticky":false,"template":"","format":"standard","meta":{"_monsterinsights_skip_tracking":false,"_monsterinsights_sitenote_active":false,"_monsterinsights_sitenote_note":"","_monsterinsights_sitenote_category":0,"footnotes":""},"categories":[637],"tags":[638,43690,43674],"class_list":["post-503049","post","type-post","status-publish","format-standard","hentry","category-jose-antonio-lopez-sosa","tag-detras-del-poder","tag-jose-antonio-lopez-sosa","tag-opinion"],"_links":{"self":[{"href":"https:\/\/www.diarioimagen.net\/index.php?rest_route=\/wp\/v2\/posts\/503049","targetHints":{"allow":["GET"]}}],"collection":[{"href":"https:\/\/www.diarioimagen.net\/index.php?rest_route=\/wp\/v2\/posts"}],"about":[{"href":"https:\/\/www.diarioimagen.net\/index.php?rest_route=\/wp\/v2\/types\/post"}],"author":[{"embeddable":true,"href":"https:\/\/www.diarioimagen.net\/index.php?rest_route=\/wp\/v2\/users\/3"}],"replies":[{"embeddable":true,"href":"https:\/\/www.diarioimagen.net\/index.php?rest_route=%2Fwp%2Fv2%2Fcomments&post=503049"}],"version-history":[{"count":0,"href":"https:\/\/www.diarioimagen.net\/index.php?rest_route=\/wp\/v2\/posts\/503049\/revisions"}],"wp:attachment":[{"href":"https:\/\/www.diarioimagen.net\/index.php?rest_route=%2Fwp%2Fv2%2Fmedia&parent=503049"}],"wp:term":[{"taxonomy":"category","embeddable":true,"href":"https:\/\/www.diarioimagen.net\/index.php?rest_route=%2Fwp%2Fv2%2Fcategories&post=503049"},{"taxonomy":"post_tag","embeddable":true,"href":"https:\/\/www.diarioimagen.net\/index.php?rest_route=%2Fwp%2Fv2%2Ftags&post=503049"}],"curies":[{"name":"wp","href":"https:\/\/api.w.org\/{rel}","templated":true}]}}