{"id":503163,"date":"2021-04-14T00:01:07","date_gmt":"2021-04-14T05:01:07","guid":{"rendered":"https:\/\/www.diarioimagen.net\/?p=503163"},"modified":"2021-04-14T07:13:44","modified_gmt":"2021-04-14T12:13:44","slug":"morena-busca-consolidar-la-4t-en-tlalnepantla-en-una-eleccion-que-se-presume-es-entre-dos","status":"publish","type":"post","link":"https:\/\/www.diarioimagen.net\/?p=503163","title":{"rendered":"Morena busca consolidar la 4T en Tlalnepantla en una elecci\u00f3n que se presume es entre dos"},"content":{"rendered":"<p>&nbsp;<\/p>\n<ul>\n<li><strong><em>Entre Morena-aliados y oposici\u00f3n<\/em><\/strong><\/li>\n<\/ul>\n<p>&nbsp;<\/p>\n<div id=\"attachment_503298\" style=\"width: 470px\" class=\"wp-caption aligncenter\"><a href=\"https:\/\/www.diarioimagen.net\/?attachment_id=503298\" rel=\"attachment wp-att-503298\"><img loading=\"lazy\" decoding=\"async\" aria-describedby=\"caption-attachment-503298\" class=\"size-full wp-image-503298\" src=\"https:\/\/www.diarioimagen.net\/wp-content\/uploads\/2021\/04\/tlalnepantla-7.jpg\" alt=\"\" width=\"460\" height=\"270\" \/><\/a><p id=\"caption-attachment-503298\" class=\"wp-caption-text\">En Tlanepantla, Movimiento Regeneraci\u00f3n Nacional muestra una tendencia consolidada a la alza, dif\u00edcil de abatir de manera significativa.<\/p><\/div>\n<p>&nbsp;<\/p>\n<p><strong>Tlalnepantla, Estado de M\u00e9xico<\/strong>.- El escenario electoral de Tlalnepantla, por el momento, arroja una elecci\u00f3n de \u201cdos\u201d, es decir entre coaliciones, la de Morena y aliados, PT y Panal, contra PRI, PAN, PRD.<\/p>\n<p>Los contextos ison nteresantes, no obstante a que el Movimiento Regeneraci\u00f3n Nacional muestra una tendencia consolidada a la alza, dif\u00edcil de abatir de manera significativa.<\/p>\n<p>Lo importante es el avance de Morena en distintos lugares, y en donde lo ubican con una votaci\u00f3n a su favor de 3 a 1, sobre todo en la Zona Oriente, y rangos de 2 a 1, en el centro y en el Poniente del municipio.<\/p>\n<p>Partiendo de que cada elecci\u00f3n es totalmente diferente a la otra, y en \u00e9sta intermedio en el que la participaci\u00f3n es prevista en un grado menor, entre el 45 y 52 por ciento, el tema es sostener \u201cel piso b\u00e1sico\u201d en t\u00e9rminos de votos con sus naturales m\u00e1rgenes de error.<\/p>\n<p>Cada partido pol\u00edtico en la competencia indudablemente que tiene sus destacables \u201cnichos de oportunidad\u201d, quiz\u00e1 el denominado \u201cvoto duro\u201d, y en otros el posicionamiento de una nueva opci\u00f3n que pretende romper paradigmas y transformar la cosa p\u00fablica, superando el pasado.<\/p>\n<p>La evaluaci\u00f3n del electorado ser\u00e1 importante, m\u00e1s all\u00e1 de las disidencias y criticas de las mismas \u00e9lites de poder partidocr\u00e1tica de siempre, de entre un gobierno y el otro, hasta el del aqu\u00ed y el ahora.<\/p>\n<p>En ese sentido, el an\u00e1lisis previo a las urnas y escrutar o comparar si es que es el caso, el avance del municipio, las resoluci\u00f3n de los problemas sociales y los numerosos pendientes.<\/p>\n<p>Destacar las innovadoras pol\u00edticas p\u00fablicas a desarrollar a efecto de atender los graves rezagos en materia de agua, recuperaci\u00f3n de espacios y justamente obras p\u00fablicas y el mantenimiento Urbano.<\/p>\n<p>Valorar el manejo responsable de la hacienda p\u00fablica, la prioridad de dejar \u201cdeuda cero\u201d en el Tlalnepantla de hoy, abatir los compromisos de a\u00f1os y los pasivos hist\u00f3ricos y a largo plazo.<\/p>\n<p>Por otra parte, mirar y a detalle las bondades de este y los otros gobiernos a\u00fan y en coalici\u00f3n electoral, qu\u00e9 hicieron, qu\u00e9 dejaron de hacer y en el reciclamiento pol\u00edtico-electoral, quedarse en el ayer.<\/p>\n<p>El proyecto Tlalnepantla es de alto compromiso y responsabilidad p\u00fablica, m\u00e1s all\u00e1 de \u201clos nombrezotes y las Familias tradicionales\u201d de todos los tiempos.<\/p>\n<p>Bajo esa l\u00f3gica, y en los distintos ejercicios de medici\u00f3n le dan a Morena la posibilidad de seguir gobernando \u201cLa Tierra de En medio\u201d, y consolidar la 4T.<\/p>\n","protected":false},"excerpt":{"rendered":"<p>El escenario electoral de Tlalnepantla, por el momento, arroja una elecci\u00f3n de \u201cdos\u201d, es decir entre coaliciones, la de Morena y aliados, PT y Panal, contra PRI, PAN, PRD.<\/p>\n","protected":false},"author":3,"featured_media":503298,"comment_status":"open","ping_status":"open","sticky":false,"template":"","format":"standard","meta":{"_monsterinsights_skip_tracking":false,"_monsterinsights_sitenote_active":false,"_monsterinsights_sitenote_note":"","_monsterinsights_sitenote_category":0,"footnotes":""},"categories":[5],"tags":[43675,20663,169],"class_list":["post-503163","post","type-post","status-publish","format-standard","has-post-thumbnail","hentry","category-estado-de-mexico","tag-estado-de-mexico","tag-morena","tag-tlalnepantla"],"_links":{"self":[{"href":"https:\/\/www.diarioimagen.net\/index.php?rest_route=\/wp\/v2\/posts\/503163","targetHints":{"allow":["GET"]}}],"collection":[{"href":"https:\/\/www.diarioimagen.net\/index.php?rest_route=\/wp\/v2\/posts"}],"about":[{"href":"https:\/\/www.diarioimagen.net\/index.php?rest_route=\/wp\/v2\/types\/post"}],"author":[{"embeddable":true,"href":"https:\/\/www.diarioimagen.net\/index.php?rest_route=\/wp\/v2\/users\/3"}],"replies":[{"embeddable":true,"href":"https:\/\/www.diarioimagen.net\/index.php?rest_route=%2Fwp%2Fv2%2Fcomments&post=503163"}],"version-history":[{"count":0,"href":"https:\/\/www.diarioimagen.net\/index.php?rest_route=\/wp\/v2\/posts\/503163\/revisions"}],"wp:featuredmedia":[{"embeddable":true,"href":"https:\/\/www.diarioimagen.net\/index.php?rest_route=\/wp\/v2\/media\/503298"}],"wp:attachment":[{"href":"https:\/\/www.diarioimagen.net\/index.php?rest_route=%2Fwp%2Fv2%2Fmedia&parent=503163"}],"wp:term":[{"taxonomy":"category","embeddable":true,"href":"https:\/\/www.diarioimagen.net\/index.php?rest_route=%2Fwp%2Fv2%2Fcategories&post=503163"},{"taxonomy":"post_tag","embeddable":true,"href":"https:\/\/www.diarioimagen.net\/index.php?rest_route=%2Fwp%2Fv2%2Ftags&post=503163"}],"curies":[{"name":"wp","href":"https:\/\/api.w.org\/{rel}","templated":true}]}}