{"id":503325,"date":"2021-04-15T00:03:27","date_gmt":"2021-04-15T05:03:27","guid":{"rendered":"https:\/\/www.diarioimagen.net\/?p=503325"},"modified":"2021-04-15T04:03:21","modified_gmt":"2021-04-15T09:03:21","slug":"la-candidata-ana-balderas-ofrece-impulsar-el-regreso-de-los-comedores-comunitarios","status":"publish","type":"post","link":"https:\/\/www.diarioimagen.net\/?p=503325","title":{"rendered":"La candidata Ana Balderas ofrece impulsar el regreso de los comedores comunitarios"},"content":{"rendered":"<p>&nbsp;<\/p>\n<ul>\n<li><strong><em>En apoyo a las familias m\u00e1s vulnerables<\/em><\/strong><\/li>\n<\/ul>\n<p>&nbsp;<\/p>\n<div id=\"attachment_503467\" style=\"width: 470px\" class=\"wp-caption aligncenter\"><a href=\"https:\/\/www.diarioimagen.net\/?attachment_id=503467\" rel=\"attachment wp-att-503467\"><img loading=\"lazy\" decoding=\"async\" aria-describedby=\"caption-attachment-503467\" class=\"size-full wp-image-503467\" src=\"https:\/\/www.diarioimagen.net\/wp-content\/uploads\/2021\/04\/cuautitlan-2.jpg\" alt=\"\" width=\"460\" height=\"270\" \/><\/a><p id=\"caption-attachment-503467\" class=\"wp-caption-text\">En Cuautitl\u00e1n Izcalli, Ana Balderas ofreci\u00f3 que, en apoyo a las familias m\u00e1s vulnerables del municipio, el regreso de los comedores comunitarios ser\u00e1 una de las prioridades.<\/p><\/div>\n<p>&nbsp;<\/p>\n<p><strong>Cuautitl\u00e1n Izcalli, Estado de M\u00e9xico<\/strong>.- La abanderada por los partidos Acci\u00f3n Nacional, Revolucionario Institucional y de la Revoluci\u00f3n Democr\u00e1tica, Ana Balderas, inici\u00f3 su interacci\u00f3n con el electorado en la colonia El Tikal, cuyos vecinos se quejan de la situaci\u00f3n en la que el actual gobierno morenista tiene sumido el municipio.<\/p>\n<p>\u201cQueremos legisladores comprometidos con la gente\u201d, le dec\u00edan amas de casa al abrir la puerta de sus hogares y exponerle sus carencias de agua y, sobre todo, los programas que desaparecieron con la actual administraci\u00f3n municipal.<\/p>\n<p>En ese sentido, habitantes de la colonia Mirador Santa Rosa condenaron que se hayan quitado los comedores comunitarios, a lo que la experimentada pol\u00edtica mexiquense respondi\u00f3 que, en apoyo a las familias m\u00e1s vulnerables del municipio, el regreso de los comedores comunitarios ser\u00e1 una de las prioridades en cuanto llegue al Congreso.<\/p>\n<p>\u201cLa pandemia que nos aqueja ha dejado a ciudadanos en pobreza y otros tantos sin empleo. Por ello es fundamental regresar el subsidio y brindar el apoyo a este sector de la sociedad\u201d, respondi\u00f3 en casas y comercios que visit\u00f3. Otra de las necesidades que expusieron los residentes de las comunidades visitadas hoy, fue el desabasto de agua y servicios m\u00e9dicos. Recordaron la falta que hace el Seguro Popular, ya que era una opci\u00f3n para quienes no cuentan con la prestaci\u00f3n del Seguro Social.<\/p>\n<p>Ana Balderas comprometi\u00f3 su total atenci\u00f3n a los temas que le han mencionado en su paso por Atizap\u00e1n de Zaragoza, Tlalnepantla de Baz y Cuautitl\u00e1n Izcalli, los territorios que dan forma al Distrito Electoral Federal 14. El evento con el que cerr\u00f3 sus actividades de este d\u00e9cimo d\u00eda de campa\u00f1a se registr\u00f3 en Pirules, donde la candidata de la alianza PAN\/PRI\/PRD presidi\u00f3 una reuni\u00f3n vecinal, en la cual tambi\u00e9n contaron con la presencia del ex presidente municipal del PRI, Alfonso Olvera.<\/p>\n","protected":false},"excerpt":{"rendered":"<p>La abanderada por los partidos Acci\u00f3n Nacional, Revolucionario Institucional y de la Revoluci\u00f3n Democr\u00e1tica, Ana Balderas, inici\u00f3 su interacci\u00f3n con el electorado en la colonia El Tikal, cuyos vecinos se quejan de la situaci\u00f3n en la que el actual gobierno morenista tiene sumido el municipio.<\/p>\n","protected":false},"author":3,"featured_media":503467,"comment_status":"open","ping_status":"open","sticky":false,"template":"","format":"standard","meta":{"_monsterinsights_skip_tracking":false,"_monsterinsights_sitenote_active":false,"_monsterinsights_sitenote_note":"","_monsterinsights_sitenote_category":0,"footnotes":""},"categories":[5],"tags":[45124,971,43675,70217,73077],"class_list":["post-503325","post","type-post","status-publish","format-standard","has-post-thumbnail","hentry","category-estado-de-mexico","tag-comedores-comunitarios","tag-cuautitlan-izcalli","tag-estado-de-mexico","tag-impulsar","tag-ofrece"],"_links":{"self":[{"href":"https:\/\/www.diarioimagen.net\/index.php?rest_route=\/wp\/v2\/posts\/503325","targetHints":{"allow":["GET"]}}],"collection":[{"href":"https:\/\/www.diarioimagen.net\/index.php?rest_route=\/wp\/v2\/posts"}],"about":[{"href":"https:\/\/www.diarioimagen.net\/index.php?rest_route=\/wp\/v2\/types\/post"}],"author":[{"embeddable":true,"href":"https:\/\/www.diarioimagen.net\/index.php?rest_route=\/wp\/v2\/users\/3"}],"replies":[{"embeddable":true,"href":"https:\/\/www.diarioimagen.net\/index.php?rest_route=%2Fwp%2Fv2%2Fcomments&post=503325"}],"version-history":[{"count":0,"href":"https:\/\/www.diarioimagen.net\/index.php?rest_route=\/wp\/v2\/posts\/503325\/revisions"}],"wp:featuredmedia":[{"embeddable":true,"href":"https:\/\/www.diarioimagen.net\/index.php?rest_route=\/wp\/v2\/media\/503467"}],"wp:attachment":[{"href":"https:\/\/www.diarioimagen.net\/index.php?rest_route=%2Fwp%2Fv2%2Fmedia&parent=503325"}],"wp:term":[{"taxonomy":"category","embeddable":true,"href":"https:\/\/www.diarioimagen.net\/index.php?rest_route=%2Fwp%2Fv2%2Fcategories&post=503325"},{"taxonomy":"post_tag","embeddable":true,"href":"https:\/\/www.diarioimagen.net\/index.php?rest_route=%2Fwp%2Fv2%2Ftags&post=503325"}],"curies":[{"name":"wp","href":"https:\/\/api.w.org\/{rel}","templated":true}]}}