{"id":503343,"date":"2021-04-15T00:03:02","date_gmt":"2021-04-15T05:03:02","guid":{"rendered":"https:\/\/www.diarioimagen.net\/?p=503343"},"modified":"2021-04-14T22:58:59","modified_gmt":"2021-04-15T03:58:59","slug":"protestara-felix-salgado","status":"publish","type":"post","link":"https:\/\/www.diarioimagen.net\/?p=503343","title":{"rendered":"Protestar\u00e1 F\u00e9lix Salgado"},"content":{"rendered":"<h2>Espacio Electoral<\/h2>\n<h5>Eleazar Flores<\/h5>\n<p>&nbsp;<\/p>\n<p><strong>AMLO AYUDA-.<\/strong> La fertilizaci\u00f3n de la violencia preelectoral y electoral viene como se barren las escaleras, \u201cde arriba hacia abajo\u201d siendo el padre de la Cuarta Transformaci\u00f3n quien encabeza diciendo \u201ces un atentado a la democracia\u201d, opini\u00f3n dada ayer desde el p\u00falpito ma\u00f1anero, refiri\u00e9ndose al nocaut a Salgado Macedonio.<\/p>\n<p>El mandatario atiza, al ventilar la posibilidad de cambiar al INE, desde su nacimiento el salinista IFE, Le doli\u00f3 lo de sacar al toro del ruedo. Que bueno que el mandatario no se mete en los comicios.<\/p>\n<p>Sin embargo, prep\u00e1rese para escuchar las protestas, tanto del toro Salgado como del manejador de la divisa Morena, Mario Delgado, ahora ante el filopejista Tribunal Electoral del Poder Judicial de la Federaci\u00f3n.<\/p>\n<p>Anunciada el martes por la noche la decisi\u00f3n del INE de cancelar la candidatura a gobernador de F\u00e9lix Salgado Macedonio, \u00e9ste y su partido insistir\u00e1n ante el TEPJF para la reinstalaci\u00f3n de esta candidatura y ser\u00eda el colmo que se diera esa reinstalaci\u00f3n, pero en un pa\u00eds donde se juega a la democracia todo es posible.<\/p>\n<p><strong>DECESOS-.<\/strong> Lo que deber\u00eda preocupar realmente al gobierno federal y a los estatales -incluyendo a los municipales- es el ambiente violento que vemos y padecen quienes metidos directa o indirectamente a la pol\u00edtica partidista han perdido la presencia f\u00edsica de familiares o amistades.<\/p>\n<p>El caso m\u00e1s reciente es el asesinato del se\u00f1or Leobardo D\u00edaz Cruz, ex presidente municipal de Crespo, y padre de la diputada federal y presidenta estatal del PAN, Natividad D\u00edaz Jim\u00e9nez, y tambi\u00e9n del presidente\u00a0 municipal de Ejutla de Crespo Leonardo D\u00edaz Jim\u00e9nez.<\/p>\n<p>Pero este es el caso m\u00e1s reciente a escasas dos semanas de iniciadas oficialmente las campa\u00f1as, dijo iniciadas oficialmente, pues cabe advertir que muchos actores pol\u00edticos como ya sabe qui\u00e9n, no se han salido del ring electoral desde el cual presumen filias y hostilizan a sus adversarios.<\/p>\n<p>Los analistas amantes de n\u00fameros y estad\u00edsticas aseguran que desde el tiempo preelectoral a la fecha, perdieron la vida una docena de personas, por motivos ligados a la pol\u00edtica.<\/p>\n<p><strong>POSTELECTORAL-.<\/strong> Si lo preelectoral y electoral ha cobrado vidas, los l\u00edderes deber\u00edan abonar para que lo postelectoral fuera lo m\u00e1s tranquilo posible pero se ve dif\u00edcil pues apueste y ganar\u00e1 que el partido en el gobierno no aceptar\u00e1 derrotas, bajo el argumento de siempre, \u201chubo fraude\u201d.<\/p>\n<p>Este ambiente es el que deber\u00e1 cuidarse, m\u00e1xime que partidos y candidatos ya se sienten ganadores desde ahora, no s\u00f3lo los que buscan una gubernatura, tambi\u00e9n los aspirantes a diputados, alcaldes y hasta regidores.<\/p>\n<p>En ninguno de los y las aspirantes cabe la derrota ni por equivocaci\u00f3n, de ah\u00ed el peligro de posibles escenarios violentos despu\u00e9s del 7 de junio.<\/p>\n<p><em><a href=\"mailto:elefa44@gmail.com\" target=\"_blank\" rel=\"noopener noreferrer\">elefa44@gmail.com<\/a><\/em><\/p>\n","protected":false},"excerpt":{"rendered":"<p><span style=\"color: #005497;\"><strong>Eleazar Flores<\/strong><\/span><\/p>\n","protected":false},"author":3,"featured_media":0,"comment_status":"open","ping_status":"open","sticky":false,"template":"","format":"standard","meta":{"_monsterinsights_skip_tracking":false,"_monsterinsights_sitenote_active":false,"_monsterinsights_sitenote_note":"","_monsterinsights_sitenote_category":0,"footnotes":""},"categories":[81743],"tags":[81744,81776,43674],"class_list":["post-503343","post","type-post","status-publish","format-standard","hentry","category-eleazar-flores","tag-eleazar-flores","tag-espacio-electoral","tag-opinion"],"_links":{"self":[{"href":"https:\/\/www.diarioimagen.net\/index.php?rest_route=\/wp\/v2\/posts\/503343","targetHints":{"allow":["GET"]}}],"collection":[{"href":"https:\/\/www.diarioimagen.net\/index.php?rest_route=\/wp\/v2\/posts"}],"about":[{"href":"https:\/\/www.diarioimagen.net\/index.php?rest_route=\/wp\/v2\/types\/post"}],"author":[{"embeddable":true,"href":"https:\/\/www.diarioimagen.net\/index.php?rest_route=\/wp\/v2\/users\/3"}],"replies":[{"embeddable":true,"href":"https:\/\/www.diarioimagen.net\/index.php?rest_route=%2Fwp%2Fv2%2Fcomments&post=503343"}],"version-history":[{"count":0,"href":"https:\/\/www.diarioimagen.net\/index.php?rest_route=\/wp\/v2\/posts\/503343\/revisions"}],"wp:attachment":[{"href":"https:\/\/www.diarioimagen.net\/index.php?rest_route=%2Fwp%2Fv2%2Fmedia&parent=503343"}],"wp:term":[{"taxonomy":"category","embeddable":true,"href":"https:\/\/www.diarioimagen.net\/index.php?rest_route=%2Fwp%2Fv2%2Fcategories&post=503343"},{"taxonomy":"post_tag","embeddable":true,"href":"https:\/\/www.diarioimagen.net\/index.php?rest_route=%2Fwp%2Fv2%2Ftags&post=503343"}],"curies":[{"name":"wp","href":"https:\/\/api.w.org\/{rel}","templated":true}]}}