{"id":503502,"date":"2021-04-16T00:01:51","date_gmt":"2021-04-16T05:01:51","guid":{"rendered":"https:\/\/www.diarioimagen.net\/?p=503502"},"modified":"2021-04-16T05:20:38","modified_gmt":"2021-04-16T10:20:38","slug":"republica-dominicana-en-el-primer-trimestre-del-ano-muestra-destacada-recuperacion","status":"publish","type":"post","link":"https:\/\/www.diarioimagen.net\/?p=503502","title":{"rendered":"Rep\u00fablica Dominicana, en el primer trimestre del a\u00f1o muestra destacada recuperaci\u00f3n"},"content":{"rendered":"<h2>De cinco estrellas<\/h2>\n<h5>Victoria Gonz\u00e1lez Prado<\/h5>\n<p><strong>\u00a0<\/strong><\/p>\n<ul>\n<li><strong><em>Bosque Gourmet nuevo espacio culinario <\/em>Pop Up<em> de Grupo Presidente en terraza al aire libre <\/em><\/strong><\/li>\n<li><strong><em>Velas Resorts reconoce a trabajadores del sector salud y <\/em>Aerom\u00e9xico<em> se suma a la iniciativa\u00a0<\/em><\/strong><\/li>\n<li><strong><em>Gastronom\u00eda y cultura vuelven a darse la mano en la doceava versi\u00f3n del <\/em>Gastrofestival Madrid<\/strong><\/li>\n<\/ul>\n<p>&nbsp;<\/p>\n<div id=\"attachment_503606\" style=\"width: 470px\" class=\"wp-caption aligncenter\"><a href=\"https:\/\/www.diarioimagen.net\/?attachment_id=503606\" rel=\"attachment wp-att-503606\"><img loading=\"lazy\" decoding=\"async\" aria-describedby=\"caption-attachment-503606\" class=\"size-full wp-image-503606\" src=\"https:\/\/www.diarioimagen.net\/wp-content\/uploads\/2021\/04\/turismo-4.jpg\" alt=\"\" width=\"460\" height=\"270\" \/><\/a><p id=\"caption-attachment-503606\" class=\"wp-caption-text\">El ministro de turismo de Rep\u00fablica Dominicana en conferencia.<\/p><\/div>\n<p>&nbsp;<\/p>\n<p>En el primer trimestre de 2021, Rep\u00fablica Dominicana recibi\u00f3 263 mil 857 pasajeros extranjeros no residentes, 56 por ciento de aumento respecto a febrero de 2021, y 3.4 por ciento sobre marzo de 2020. Adem\u00e1s, del 70 por ciento de estas llegadas fueron turistas estadounidenses, y 40 por ciento m\u00e1s de los viajeros ingresaron por el Aeropuerto Internacional de Punta Cana, inform\u00f3 <strong>David Collado<\/strong>, ministro de turismo quien asegur\u00f3: \u201cson datos positivos que hablan de la recuperaci\u00f3n del turismo internacional\u201d.<\/p>\n<p>Al 28 de marzo hab\u00edan llegado al pa\u00eds 3 mil 142 vuelos de cien aerol\u00edneas provenientes de m\u00e1s de cuarenta pa\u00edses, 39 por ciento de incremento respecto a febrero de 2021. La \u00faltima semana de marzo la ocupaci\u00f3n de los vuelos que llegaron al pa\u00eds caribe\u00f1o alcanz\u00f3 por primera vez niveles de ocupaci\u00f3n similares<\/p>\n<p><strong>Collado<\/strong>,\u00a0 asegur\u00f3: \u201cel repunte del turismo internacional a Rep\u00fablica Dominicana\u00a0\u00a0 es una muestra clara de que nuestra estrategia de reactivaci\u00f3n est\u00e1 siendo exitosa. El objetivo de este gobierno ha sido recuperar la confianza de los viajeros internacionales, implementando protocolos e iniciativas efectivas con impacto en toda la cadena de valor, y las cifras del mes pasado comprueban que vamos por el camino correcto\u201d.<\/p>\n<p>Otros indicadores de la recuperaci\u00f3n del turismo en Rep\u00fablica Dominicana, son la ocupaci\u00f3n hotelera y las reservas de vuelos. En la \u00faltima semana de marzo la ocupaci\u00f3n hotelera alcanz\u00f3 70.6 por ciento, cifra m\u00e1s alta en los \u00faltimos doce meses. Los cinco destinos tur\u00edsticos principales del pa\u00eds registraron tasas de ocupaci\u00f3n 68 por ciento superiores.<\/p>\n<p>Las siete principales aerol\u00edneas que operan en el pa\u00eds registran incremento para el segundo trimestre del a\u00f1o. Adicionalmente, el n\u00famero de reservas de habitaciones al 1\u00ba de abril\u00a0 es superior a los a\u00f1os anteriores a la crisis. El volumen de venta de habitaciones por noche para estad\u00edas en los pr\u00f3ximos 30 d\u00edas ha alcanzado m\u00e1ximos hist\u00f3ricos para Punta Cana y La Romana\u2013Bayah\u00edbe.<\/p>\n<p>Las autoridades dominicanas conf\u00edan en que a medida que avancen los procesos de vacunaci\u00f3n en el mundo, se incrementar\u00e1n las llegadas de turistas internacionales al destino.<\/p>\n<p>\u2730\u2730\u2730\u2730\u2730 Bosque Gourmet, nuevo espacio culinario <em>Pop Up <\/em>ubicado en terraza al aire libre, sobre la explanada de la calle Andr\u00e9s Bello entre el bosque de Chapultepec y el ic\u00f3nico hotel Presidente InterContinental Ciudad de M\u00e9xico, Polanco, abri\u00f3 para dar gusto a los paladares.<\/p>\n<p>Durante abril y mayo, este lugar rodeado de \u00e1rboles ofrecer\u00e1 la posibilidad de disfrutar el agradable y soleado clima de la Ciudad de M\u00e9xico y degustar gran variedad de platillos de los reconocidos restaurantes del hotel: <em>Au Pied de Cochon, <\/em>Chapul\u00edn, Alfredo di Roma,<em> The Palm <\/em>y Caf\u00e9 Urbano.<\/p>\n<p>Con 760 metros cuadrados y aforo para 120 personas distribuido en mesas de dos, cuatro y seis personas, Bosque Gourmet ofrece amplio espacio con distanciamiento social, adem\u00e1s de aplicar estrictos protocolos de seguridad e higiene en ambiente relajado, fresco y divertido.<\/p>\n<p>Los chefs <strong>Mauro Chiecchio<\/strong> de Alfredo di Roma; <strong>Josefina L\u00f3pez M\u00e9ndez<\/strong> de Chapul\u00edn; <strong>Frederic Lobjois<\/strong> de Au Pied de Cochon; <strong>Jose Luis S\u00e1nchez Ronquillo<\/strong> de The Palm y, <strong>Stephane Thomas<\/strong> de Caf\u00e9 Urbano, preparar\u00e1n los platillos m\u00e1s aclamados de sus respectivos restaurantes, los cuales han posicionado al hotel como centro gastron\u00f3mico favorito.<\/p>\n<p>Tambi\u00e9n cuenta con l<em>ounge bar<\/em> donde el DJ Cool ameniza el espacio de jueves a s\u00e1bado de 4:00 p.m., a 10:00 p.m., y podr\u00e1s disfrutar de extensa carta de cocteler\u00eda a base de Gin y otras bebidas de vanguardia.<\/p>\n<p>Adem\u00e1s, los visitantes que tengan mascotas podr\u00e1n llevarlas sin restricciones pues la terraza es <em>pet friendly. <\/em>El lugar est\u00e1 abierto abril y mayo, de mi\u00e9rcoles a s\u00e1bado de 1:00 p.m., a 11:00 p.m.,. domingos de 1:00 p.m., a 7:00 p.m. Reservaciones al tel\u00e9fono: 55 5327 7789.<\/p>\n<p>\u2730\u2730\u2730\u2730\u2730 Con la intenci\u00f3n de apoyar a los profesionales de la salud, <em>Velas Resorts<\/em> logr\u00f3 su meta inicial de obsequiar 300 noches Todo Incluido, como muestra de agradecimiento a su extraordinario esfuerzo en la lucha contra la pandemia por coronavirus. Ser\u00e1n seleccionados 100 m\u00e9dicos que podr\u00e1n disfrutar estancia en el complejo de Puerto Vallarta.<\/p>\n<p>En la campa\u00f1a \u201cEs momento de agradecer\u201d, han participado clientes de los hoteles que donaron noches de hospedaje, con lo que se hizo posible llegar a este resultado y Aerom\u00e9xico se sum\u00f3 a la iniciativa, otorgando 50 vuelos redondos para los m\u00e9dicos que ser\u00e1n elegidos.<\/p>\n<p>En marzo pasado, se reunieron m\u00e1s de 350 nominaciones y durante el mes de abril se est\u00e1 votando por las historias de los h\u00e9roes de la salud, para darles la oportunidad de obtener estancia Todo Incluido de cuatro d\u00edas y tres noches.<\/p>\n<p><strong>Juan Vela<\/strong>, viicepresidente de la marca hotelera coment\u00f3: \u201ccon esta iniciativa queremos agradecer a los verdaderos h\u00e9roes; la alianza con la l\u00ednea a\u00e9rea refuerza los valores que como empresas mexicanas compartimos, as\u00ed como el compromiso con nuestro pa\u00eds\u201d.<\/p>\n<p><strong>Adriana Prieto<\/strong>, gerente de Desarrollo Sostenible de Aerom\u00e9xico coment\u00f3: \u201cfelicitamos a los hoeles por esta iniciativa que coincide con los valores de responsabilidad social que tenemos y promovemos. Agradecemos a todos los m\u00e9dicos de M\u00e9xico y el mundo por su extraordinaria labor\u201d.<\/p>\n<p>\u2730\u2730\u2730\u2730\u2730 El Gsastrofestival Madrid, en su doceava versi\u00f3n, se realiza a partir de ma\u00f1ana s\u00e1bado y al 2 de mayo, contar\u00e1 con la participaci\u00f3n de m\u00e1s de 450 establecimientos e instituciones de la capital espa\u00f1ola.<\/p>\n<p>Habr\u00e1 571 actividades especiales para este encuentro organizado por el Ayuntamiento de Madrid y Madrid Fusi\u00f3n para seguir reivindicando no solo la calidad y diversidad culinaria de Madrid sino el potencial de la gastronom\u00eda a trav\u00e9s de su vincylaci\u00f3n con otras disciplinas como el arte, literatura, m\u00fasica, moda, teatro o la decoraci\u00f3n.<\/p>\n<p>El programa se servir\u00e1 en seis platos: Madrid Gastron\u00f3mico, Enocultura, Gastrocultura, Experiencias sensoriales, Gastrosalud y Gastrofestival en familia, y tendr\u00e1n entre sus protagonistas a la escritora <strong>Emilia Pardo Baz\u00e1n <\/strong>y a la cocina Iberoamericana.<\/p>\n<p>Todas las iniciativas se han adaptado a las circunstancias actuales y, por primera vez, se ofrecer\u00e1n propiestas <em>online. <\/em>Adem\u00e1s, la <em>web<\/em> oficial del festival permite consultar los planes por zonas y as\u00ed, una vez m\u00e1s la gastronom\u00eda y la cultura se dan la mano en esta nueva edici\u00f3n.<\/p>\n<p>&nbsp;<\/p>\n<blockquote>\n<p style=\"text-align: right;\">\u201c<strong>El<\/strong> <strong>\u00e1ngel de la fama tiene sus alas hechas de papel&#8230; peri\u00f3dico\u201d.<br \/>\n<\/strong><\/p>\n<\/blockquote>\n<p>&nbsp;<\/p>\n<p><em><span class=\"Apple-converted-space\"><a href=\"mailto:victoriagprado@gmail.com\" target=\"_blank\" rel=\"noopener noreferrer\">victoriagprado@gmail.com<\/a><br \/>\nTwitter: <a href=\"https:\/\/twitter.com\/victoriagprado\" target=\"_blank\" rel=\"noopener noreferrer\">@victoriagprado<\/a><\/span><\/em><\/p>\n","protected":false},"excerpt":{"rendered":"<p>En el primer trimestre de 2021, Rep\u00fablica Dominicana recibi\u00f3 263 mil 857 pasajeros extranjeros no residentes, 56 por ciento de aumento respecto a febrero de 2021, y 3.4 por ciento sobre marzo de 2020. Adem\u00e1s, del 70 por ciento de estas llegadas fueron turistas estadounidenses, y 40 por ciento m\u00e1s de los viajeros ingresaron por el Aeropuerto Internacional de Punta Cana, inform\u00f3 <strong>David Collado<\/strong>, ministro de turismo quien asegur\u00f3: \u201cson datos positivos que hablan de la recuperaci\u00f3n del turismo internacional\u201d.<\/p>\n","protected":false},"author":3,"featured_media":503606,"comment_status":"open","ping_status":"open","sticky":false,"template":"","format":"standard","meta":{"_monsterinsights_skip_tracking":false,"_monsterinsights_sitenote_active":false,"_monsterinsights_sitenote_note":"","_monsterinsights_sitenote_category":0,"footnotes":""},"categories":[11],"tags":[107,43674,43681,106],"class_list":["post-503502","post","type-post","status-publish","format-standard","has-post-thumbnail","hentry","category-turismo","tag-de-cinco-estrellas","tag-opinion","tag-turismo","tag-victoria-gonzalez-prado"],"_links":{"self":[{"href":"https:\/\/www.diarioimagen.net\/index.php?rest_route=\/wp\/v2\/posts\/503502","targetHints":{"allow":["GET"]}}],"collection":[{"href":"https:\/\/www.diarioimagen.net\/index.php?rest_route=\/wp\/v2\/posts"}],"about":[{"href":"https:\/\/www.diarioimagen.net\/index.php?rest_route=\/wp\/v2\/types\/post"}],"author":[{"embeddable":true,"href":"https:\/\/www.diarioimagen.net\/index.php?rest_route=\/wp\/v2\/users\/3"}],"replies":[{"embeddable":true,"href":"https:\/\/www.diarioimagen.net\/index.php?rest_route=%2Fwp%2Fv2%2Fcomments&post=503502"}],"version-history":[{"count":0,"href":"https:\/\/www.diarioimagen.net\/index.php?rest_route=\/wp\/v2\/posts\/503502\/revisions"}],"wp:featuredmedia":[{"embeddable":true,"href":"https:\/\/www.diarioimagen.net\/index.php?rest_route=\/wp\/v2\/media\/503606"}],"wp:attachment":[{"href":"https:\/\/www.diarioimagen.net\/index.php?rest_route=%2Fwp%2Fv2%2Fmedia&parent=503502"}],"wp:term":[{"taxonomy":"category","embeddable":true,"href":"https:\/\/www.diarioimagen.net\/index.php?rest_route=%2Fwp%2Fv2%2Fcategories&post=503502"},{"taxonomy":"post_tag","embeddable":true,"href":"https:\/\/www.diarioimagen.net\/index.php?rest_route=%2Fwp%2Fv2%2Ftags&post=503502"}],"curies":[{"name":"wp","href":"https:\/\/api.w.org\/{rel}","templated":true}]}}