{"id":503512,"date":"2021-04-16T00:02:55","date_gmt":"2021-04-16T05:02:55","guid":{"rendered":"https:\/\/www.diarioimagen.net\/?p=503512"},"modified":"2021-04-16T05:37:55","modified_gmt":"2021-04-16T10:37:55","slug":"conceden-ediles-licencia-a-la-alcaldesa-patricia-duran-reveles-para-reeleccion","status":"publish","type":"post","link":"https:\/\/www.diarioimagen.net\/?p=503512","title":{"rendered":"Conceden ediles licencia a la alcaldesa Patricia Dur\u00e1n Reveles para reelecci\u00f3n"},"content":{"rendered":"<p>&nbsp;<\/p>\n<ul>\n<li><strong><em>Jos\u00e9 Vel\u00e1zquez, edil interino de Naucalpan<\/em><\/strong><\/li>\n<\/ul>\n<p>&nbsp;<\/p>\n<div id=\"attachment_503622\" style=\"width: 470px\" class=\"wp-caption aligncenter\"><a href=\"https:\/\/www.diarioimagen.net\/?attachment_id=503622\" rel=\"attachment wp-att-503622\"><img loading=\"lazy\" decoding=\"async\" aria-describedby=\"caption-attachment-503622\" class=\"wp-image-503622 size-full\" src=\"https:\/\/www.diarioimagen.net\/wp-content\/uploads\/2021\/04\/naucalpan-1-3.jpg\" alt=\"\" width=\"460\" height=\"270\" \/><\/a><p id=\"caption-attachment-503622\" class=\"wp-caption-text\">El Cabildo de Naucalpan aprob\u00f3 por unanimidad otorgar licencia temporal para separarse de su encargo a la presidenta municipal Patricia Elisa Dur\u00e1n Reveles.<\/p><\/div>\n<p>&nbsp;<\/p>\n<p><strong>Naucalpan, Estado de M\u00e9xico<\/strong>.- El ayuntamiento en sesi\u00f3n de cabildo aprob\u00f3 por unanimidad otorgar licencias temporales para separarse de su encargo a la Presidenta Municipal, Patricia Elisa Dur\u00e1n Reveles, as\u00ed como a la D\u00e9cima Regidora, Paulina P\u00e9rez Gonz\u00e1lez.<\/p>\n<p>Sin ning\u00fan tipo de problema, an\u00e1lisis, o debate, la resoluci\u00f3n que fue avalada por el \u00f3rgano de gobierno durante la Octog\u00e9sima s\u00e9ptima sesi\u00f3n ordinaria, les permite separarse del ejercicio de sus funciones por 52 y 60 d\u00edas, respectivamente, sin goce de sueldo a ambos ediles.<\/p>\n<p>Durante la asamblea virtual, en que se propuso y acord\u00f3 en un aut\u00e9ntico tr\u00e1mite reglamentario designar al S\u00e9ptimo Regidor, Jos\u00e9 Vel\u00e1zquez Meza, como Presidente Municipal por ministerio de ley, quien desempe\u00f1ar\u00e1 ese encargo del 23 de abril al 13 de junio, rindi\u00f3 la protesta debida.<\/p>\n<p>En el asunto a tratar, y antes de ser determinado en votaci\u00f3n nominal, el todav\u00eda concejal se llen\u00f3 de notables reconocimientos de los representantes populares de todos los partidos en el ayuntamiento.<\/p>\n<p>El acuerdo pas\u00f3 de manera sorprendente y que llam\u00f3 la atenci\u00f3n a diferentes sectores de la poblaci\u00f3n en redes sociales, quienes cuestionaron el desempe\u00f1o del edil en m\u00e1s de 2 a\u00f1os de gesti\u00f3n<\/p>\n<p>Lamentaron el pobre rendimiento en el \u00f3rgano de gobierno y coincidieron en la consolidaci\u00f3n del grupo pol\u00edtico al interior de morena, de Isaac Montoya, delegado en el Edomex del partido de AMLO.<\/p>\n<p>De igual manera, el entregar el mandato a alguien de la \u201cconfianza de Paty Dur\u00e1n\u201d y operar tanto el proceso interno como el constitucional desde la seg\u00fan alcald\u00eda, y debilitar a los disidentes al proyecto<\/p>\n<p>Por otra parte, en la misma sesi\u00f3n, se aprob\u00f3 por unanimidad la Campa\u00f1a de Regularizaci\u00f3n Fiscal Inmobiliaria.<\/p>\n","protected":false},"excerpt":{"rendered":"<p>&nbsp; Jos\u00e9 Vel\u00e1zquez, edil interino de Naucalpan &nbsp; &nbsp; Naucalpan, Estado de M\u00e9xico.- El ayuntamiento en sesi\u00f3n de cabildo aprob\u00f3 por unanimidad otorgar licencias temporales para separarse de su encargo a la Presidenta Municipal, Patricia Elisa Dur\u00e1n Reveles, as\u00ed como a la D\u00e9cima Regidora, Paulina P\u00e9rez Gonz\u00e1lez. Sin ning\u00fan tipo de problema, an\u00e1lisis, o debate, [&hellip;]<\/p>\n","protected":false},"author":3,"featured_media":503622,"comment_status":"open","ping_status":"open","sticky":false,"template":"","format":"standard","meta":{"_monsterinsights_skip_tracking":false,"_monsterinsights_sitenote_active":false,"_monsterinsights_sitenote_note":"","_monsterinsights_sitenote_category":0,"footnotes":""},"categories":[5],"tags":[43675,970,92777,1410],"class_list":["post-503512","post","type-post","status-publish","format-standard","has-post-thumbnail","hentry","category-estado-de-mexico","tag-estado-de-mexico","tag-naucalpan","tag-patricia-elisa-duran-reveles","tag-reeleccion"],"_links":{"self":[{"href":"https:\/\/www.diarioimagen.net\/index.php?rest_route=\/wp\/v2\/posts\/503512","targetHints":{"allow":["GET"]}}],"collection":[{"href":"https:\/\/www.diarioimagen.net\/index.php?rest_route=\/wp\/v2\/posts"}],"about":[{"href":"https:\/\/www.diarioimagen.net\/index.php?rest_route=\/wp\/v2\/types\/post"}],"author":[{"embeddable":true,"href":"https:\/\/www.diarioimagen.net\/index.php?rest_route=\/wp\/v2\/users\/3"}],"replies":[{"embeddable":true,"href":"https:\/\/www.diarioimagen.net\/index.php?rest_route=%2Fwp%2Fv2%2Fcomments&post=503512"}],"version-history":[{"count":0,"href":"https:\/\/www.diarioimagen.net\/index.php?rest_route=\/wp\/v2\/posts\/503512\/revisions"}],"wp:featuredmedia":[{"embeddable":true,"href":"https:\/\/www.diarioimagen.net\/index.php?rest_route=\/wp\/v2\/media\/503622"}],"wp:attachment":[{"href":"https:\/\/www.diarioimagen.net\/index.php?rest_route=%2Fwp%2Fv2%2Fmedia&parent=503512"}],"wp:term":[{"taxonomy":"category","embeddable":true,"href":"https:\/\/www.diarioimagen.net\/index.php?rest_route=%2Fwp%2Fv2%2Fcategories&post=503512"},{"taxonomy":"post_tag","embeddable":true,"href":"https:\/\/www.diarioimagen.net\/index.php?rest_route=%2Fwp%2Fv2%2Ftags&post=503512"}],"curies":[{"name":"wp","href":"https:\/\/api.w.org\/{rel}","templated":true}]}}