{"id":503515,"date":"2021-04-16T00:01:29","date_gmt":"2021-04-16T05:01:29","guid":{"rendered":"https:\/\/www.diarioimagen.net\/?p=503515"},"modified":"2021-04-16T05:35:39","modified_gmt":"2021-04-16T10:35:39","slug":"autorizan-separacion-del-cargo-a-ruth-olvera-nieto-que-buscara-la-reeleccion-en-atizapan","status":"publish","type":"post","link":"https:\/\/www.diarioimagen.net\/?p=503515","title":{"rendered":"Autorizan separaci\u00f3n del cargo a Ruth Olvera Nieto, que buscar\u00e1 la reelecci\u00f3n en Atizap\u00e1n"},"content":{"rendered":"<p>&nbsp;<\/p>\n<ul>\n<li><strong><em>La releva temporalmente Celso Dom\u00ednguez Cura<\/em><\/strong><\/li>\n<\/ul>\n<p>&nbsp;<\/p>\n<div id=\"attachment_503619\" style=\"width: 470px\" class=\"wp-caption aligncenter\"><a href=\"https:\/\/www.diarioimagen.net\/?attachment_id=503619\" rel=\"attachment wp-att-503619\"><img loading=\"lazy\" decoding=\"async\" aria-describedby=\"caption-attachment-503619\" class=\"size-full wp-image-503619\" src=\"https:\/\/www.diarioimagen.net\/wp-content\/uploads\/2021\/04\/ATIZAPAN.jpg\" alt=\"\" width=\"460\" height=\"270\" \/><\/a><p id=\"caption-attachment-503619\" class=\"wp-caption-text\">Otorgan licencia temporal\u00a0a la presidenta municipal de Atizap\u00e1n, Ruth Olvera Nieto, para separarse temporalmente del ejercicio de sus funciones.<\/p><\/div>\n<p>&nbsp;<\/p>\n<p><strong>Atizap\u00e1n, Estado de M\u00e9xico<\/strong>. &#8211; El cabildo de Atizap\u00e1n de Zaragoza aprob\u00f3 por mayor\u00eda,\u00a0el acuerdo administrativo para\u00a0otorgar licencia temporal\u00a0a la\u00a0presidenta municipal, Ruth Olvera Nieto, para separarse del ejercicio de sus funciones por un periodo de 60 d\u00edas naturales.<\/p>\n<p>La alcaldesa que busca reelegirse por el\u00a0partido Mo rena\u00a0en los comicios de la\u00a0jornada electoral del pr\u00f3ximo 6 de junio; se ausentar\u00e1 de su cargo desde el pr\u00f3ximo jueves 15 de abril.<\/p>\n<p>Durante la\u00a0Trig\u00e9sima Primera Sesi\u00f3n Extraordinaria de Cabildo, realizada de manera virtual, el cuarto regidor Celso Dom\u00ednguez Cura rindi\u00f3 protesta como Presidente Municipal por Ministerio de Ley, por 60 d\u00edas naturales. Dom\u00ednguez Cura iniciar\u00e1 sus nuevas funciones a partir del 16 de abril.<\/p>\n<p>El Cabildo\u00a0tambi\u00e9n otorg\u00f3 licencia\u00a0para separarse de su cargo por 60 d\u00edas\u00a0al s\u00edndico municipal Isaac Omar S\u00e1nchez Arce,\u00a0y aprob\u00f3 el nombramiento del\u00a0onceavo edil Hugo Uriel Esqueda Mondrag\u00f3n\u00a0para desempe\u00f1arse como s\u00edndico municipal.<\/p>\n","protected":false},"excerpt":{"rendered":"<p>El cabildo de Atizap\u00e1n de Zaragoza aprob\u00f3 por mayor\u00eda,\u00a0el acuerdo administrativo para\u00a0otorgar licencia temporal\u00a0a la\u00a0presidenta municipal, Ruth Olvera Nieto, para separarse del ejercicio de sus funciones por un periodo de 60 d\u00edas naturales.<\/p>\n","protected":false},"author":3,"featured_media":503619,"comment_status":"open","ping_status":"open","sticky":false,"template":"","format":"standard","meta":{"_monsterinsights_skip_tracking":false,"_monsterinsights_sitenote_active":false,"_monsterinsights_sitenote_note":"","_monsterinsights_sitenote_category":0,"footnotes":""},"categories":[5],"tags":[969,43675,80963],"class_list":["post-503515","post","type-post","status-publish","format-standard","has-post-thumbnail","hentry","category-estado-de-mexico","tag-atizapan","tag-estado-de-mexico","tag-ruth-olvera-nieto"],"_links":{"self":[{"href":"https:\/\/www.diarioimagen.net\/index.php?rest_route=\/wp\/v2\/posts\/503515","targetHints":{"allow":["GET"]}}],"collection":[{"href":"https:\/\/www.diarioimagen.net\/index.php?rest_route=\/wp\/v2\/posts"}],"about":[{"href":"https:\/\/www.diarioimagen.net\/index.php?rest_route=\/wp\/v2\/types\/post"}],"author":[{"embeddable":true,"href":"https:\/\/www.diarioimagen.net\/index.php?rest_route=\/wp\/v2\/users\/3"}],"replies":[{"embeddable":true,"href":"https:\/\/www.diarioimagen.net\/index.php?rest_route=%2Fwp%2Fv2%2Fcomments&post=503515"}],"version-history":[{"count":0,"href":"https:\/\/www.diarioimagen.net\/index.php?rest_route=\/wp\/v2\/posts\/503515\/revisions"}],"wp:featuredmedia":[{"embeddable":true,"href":"https:\/\/www.diarioimagen.net\/index.php?rest_route=\/wp\/v2\/media\/503619"}],"wp:attachment":[{"href":"https:\/\/www.diarioimagen.net\/index.php?rest_route=%2Fwp%2Fv2%2Fmedia&parent=503515"}],"wp:term":[{"taxonomy":"category","embeddable":true,"href":"https:\/\/www.diarioimagen.net\/index.php?rest_route=%2Fwp%2Fv2%2Fcategories&post=503515"},{"taxonomy":"post_tag","embeddable":true,"href":"https:\/\/www.diarioimagen.net\/index.php?rest_route=%2Fwp%2Fv2%2Ftags&post=503515"}],"curies":[{"name":"wp","href":"https:\/\/api.w.org\/{rel}","templated":true}]}}