{"id":503526,"date":"2021-04-16T00:00:42","date_gmt":"2021-04-16T05:00:42","guid":{"rendered":"https:\/\/www.diarioimagen.net\/?p=503526"},"modified":"2021-04-16T01:42:55","modified_gmt":"2021-04-16T06:42:55","slug":"turismo-aporto-mil-122-millones-de-dolares-al-ied-de-mexico-en-2020","status":"publish","type":"post","link":"https:\/\/www.diarioimagen.net\/?p=503526","title":{"rendered":"Turismo aport\u00f3 mil 122 millones de d\u00f3lares al IED de M\u00e9xico en 2020"},"content":{"rendered":"<h2>Hora 14<\/h2>\n<h5>Mauricio Conde Olivares<\/h5>\n<p>&nbsp;<\/p>\n<p>Por falta de recursos econ\u00f3micos no se realizar\u00e1 el d\u00eda 6 de junio, durante la jornada electoral, la consulta popular por la cual se preguntar\u00eda a los ciudadanos de los municipios de Benito Ju\u00e1rez, Isla Mujeres, Puerto Morelos y Solidaridad: \u00bfEst\u00e1 usted de acuerdo que, la empresa Aguakan continu\u00e9 (sic) prestando el servicio concesionado de agua potable, alcantarillado y saneamiento?<\/p>\n<p>Result\u00f3 imposible adecuar el presupuesto con que actualmente cuenta el Instituto, para realizar la consulta popular, toda vez que de hacerlo se pondr\u00eda en riesgo el proceso electoral actual y el siguiente, debido a que dicho presupuesto ampara \u00fanica y exclusivamente los requerimientos m\u00ednimos y necesarios para la organizaci\u00f3n de dos procesos electorales.<\/p>\n<p>La insuficiencia presupuestal manifestada por parte de las autoridades hacendarias del Estado conlleva a la imposibilidad material de ejecutar las actuaciones necesarias para efectuar las consultas populares el d\u00eda de la jornada electoral programada para este a\u00f1o.<\/p>\n<p>El Consejo General del Instituto Electoral de Quintana Roo (IEQROO) determin\u00f3, en Sesi\u00f3n Extraordinaria convocada con car\u00e1cter de urgente, facultar a su Consejera Presidenta para continuar realizando las gestiones hacendarias necesarias, as\u00ed como para acudir a las instancias jurisdiccionales que resulten competentes, con la finalidad de que este Instituto est\u00e9 en posibilidades de garantizar los derechos pol\u00edtico-electorales de la ciudadan\u00eda quintanarroense.<\/p>\n<p>El 14 de abril, la Secretaria Ejecutiva del IEQROO recibi\u00f3 un oficio de la Secretar\u00eda de Finanzas y Planeaci\u00f3n del Estado de Quintana Roo (SEFIPLAN\/SSPHCP\/140421-0001\/IV \/2021), en el que se da respuesta a la solicitud planteada por este Instituto en los t\u00e9rminos de una ampliaci\u00f3n presupuestal con motivo de la implementaci\u00f3n de consultas populares en la jornada electoral local ordinaria del 6 de junio.<\/p>\n<p>Cabe se\u00f1alar que el Instituto Electoral de Quintana Roo solicit\u00f3 la aprobaci\u00f3n de una ampliaci\u00f3n presupuestal al Presupuesto Basado en Resultados (PBR) correspondiente al a\u00f1o 2021 con motivo de la implementaci\u00f3n de consultas populares en la jornada electoral local ordinaria del 6 de junio del presente a\u00f1o, por un monto de $21,080,712.00.<\/p>\n<p>En respuesta, la Secretar\u00eda de Finanzas y Planeaci\u00f3n del Estado de Quintana Roo, se\u00f1al\u00f3 que dadas las condiciones econ\u00f3micas por las que se encuentra atravesando el Estado, consecuencia de la epidemia de la enfermedad generada por el virus SARS-CoV2 (COVID-19), mismas que han ocasionado una importante afectaci\u00f3n en la recaudaci\u00f3n prevista en la construcci\u00f3n del presupuesto del a\u00f1o en curso, en donde se realizaron ajustes tendientes a la reducci\u00f3n del gasto de las Dependencias y Entidades, focalizando y fortaleciendo el ejercicio del gasto para atender la pandemia; no existen las condiciones presupuestales que permitan la generaci\u00f3n de ingresos excedentes, y por tanto, no es posible dar vialidad a la ampliaci\u00f3n requerida.<\/p>\n<p>Como se recordar\u00e1, el Instituto Electoral de Quintana Roo, en sesi\u00f3n extraordinaria declar\u00f3 procedente las solicitudes de Consulta Popular que tendr\u00eda verificativo el d\u00eda 6 de junio del a\u00f1o en curso, presentadas por ciudadanas y ciudadanos de los municipios de la zona norte del estado.<\/p>\n<p>Es de destacar que para la realizaci\u00f3n de las consultas populares en dichos Municipios, se debe considerar y tomar en cuenta lo que conlleva la operatividad de dicha jornada popular como es la producci\u00f3n e impresi\u00f3n de la documentaci\u00f3n y material requerido, a su vez realizar en tiempo y forma la distribuci\u00f3n correspondiente a los \u00f3rganos desconcentrados, as\u00ed como a las y los presidentes de las mesas directivas de casilla, contar con los materiales did\u00e1cticos, los materiales y documentaci\u00f3n electoral, indispensables para dicha jornada de consulta.<\/p>\n<p>As\u00ed como el resguardo de la documentaci\u00f3n y material que corresponda; elementos que, a su vez, deben sujetarse a procedimientos administrativos para su producci\u00f3n, impresi\u00f3n y resguardo, y que para el momento procesal y lo avanzado del proceso electoral actual, resulta materialmente imposible llevar a cabo, si no se cuenta a la brevedad, con la disponibilidad presupuestal previamente indicada, y aprobada en su oportunidad por este Consejo General.<\/p>\n<p>Justific\u00f3 el Consejo General del IEQROO que est\u00e1 consciente de las dificultades econ\u00f3micas que atraviesa nuestro Estado por la emergencia de salud que estamos viviendo, sin embargo, no puede dejar de ser garante de los derechos pol\u00edtico electorales de la ciudadan\u00eda quintanarroense, atendiendo en todo momento a los principios de certeza y objetividad, as\u00ed como respecto del cumplimiento de los requisitos que la Ley de Participaci\u00f3n Ciudadana prev\u00e9 para tal efecto, mismos sobre los cuales se ha pronunciado en su oportunidad.<\/p>\n<p>Por otra parte, el secretario de Turismo del Gobierno de M\u00e9xico, Miguel Torruco Marqu\u00e9s, particip\u00f3 en la inauguraci\u00f3n del \u201cForo de Inversi\u00f3n Inmobiliaria Tur\u00edstica en el Caribe Mexicano\u201d, que se celebra en el marco del \u201cInvestment Summit 2021\u201d organizado por la Asociaci\u00f3n Mexicana de Profesionales Inmobiliarios de Canc\u00fan (AMPI Canc\u00fan).<\/p>\n<p>En su intervenci\u00f3n, recalc\u00f3 que ante los nuevos tiempos que se viven, con diversos y numerosos retos, el sector privado y p\u00fablico deben trabajar en completa coordinaci\u00f3n, donde el primero asume el papel protag\u00f3nico como inversionista, aportando el capital econ\u00f3mico necesario para la creaci\u00f3n de infraestructura, y el segundo, como impulsor y facilitador, generando las condiciones para el pleno y correcto desarrollo empresarial.<\/p>\n<p>El titular de la Secretar\u00eda de Turismo federal destac\u00f3 que la fortaleza de la actividad tur\u00edstica que hoy tiene posicionado a M\u00e9xico como una potencia tur\u00edstica a nivel mundial, es obra de la visi\u00f3n de los verdaderos protagonistas del quehacer tur\u00edstico: el sector privado.<\/p>\n<p>Record\u00f3 que el turismo ven\u00eda siendo una de las actividades m\u00e1s seguras, confiables y con m\u00e1s crecimiento en las econom\u00edas de muchas naciones del mundo, mostrando un desarrollo muy din\u00e1mico. Sin embargo, la pandemia del Covid-19 paraliz\u00f3 a la industria tur\u00edstica global, ocasionando la restricci\u00f3n de viajes, suspensi\u00f3n de vuelos y cruceros, y la cancelaci\u00f3n de las ferias tur\u00edsticas internacionales m\u00e1s importantes.<\/p>\n<p>\u201cComo ustedes saben, el 2020 fue un a\u00f1o muy complicado para el turismo internacional y el inicio del 2021 presenta un panorama todav\u00eda incierto debido a las pruebas obligatorias para detectar el Covid-19, las cuarentenas y, en algunos casos, el cierre total de fronteras, arrojando ca\u00eddas significativas en la llegada de turistas a las diferentes regiones del mundo\u201d, dijo.<\/p>\n<p>A\u00f1adi\u00f3 que la Organizaci\u00f3n Mundial del Turismo (OMT) inform\u00f3 de una disminuci\u00f3n del 86.7 por ciento en la llegada de turistas en enero del 2021, comparado con el mismo mes del a\u00f1o pasado, cuando todav\u00eda no se declaraba la pandemia, en gran parte por el endurecimiento de las restricciones de viaje, registrando este primer mes el peor resultado con respecto a los obtenidos en enero de otros a\u00f1os.<\/p>\n<p>Sostuvo que el comportamiento regional en enero del 2021, en relaci\u00f3n con enero del 2020, se\u00f1ala que Asia Pac\u00edfico mantiene frecuentes restricciones de viajes, por lo cual tuvo una reducci\u00f3n del 95.9 por ciento; en tanto, Europa observ\u00f3 una ca\u00edda del 85.1 por ciento; \u00c1frica, del 84.8 por ciento; Medio Oriente, del 83.6 por ciento; y las Am\u00e9ricas, del 76.9 por ciento.<\/p>\n<p>Asegur\u00f3 que la aprobaci\u00f3n de las vacunas contra el Covid-19 y el inicio de la inmunizaci\u00f3n de la poblaci\u00f3n en el mundo son aspectos de gran trascendencia que contribuir\u00e1n a la recuperaci\u00f3n de la actividad tur\u00edstica.<\/p>\n<p>\u201cEn la Secretar\u00eda de Turismo confiamos en que habr\u00e1 un repunte paulatino en el sector, porque sabemos que contamos con un patrimonio natural y cultural \u00fanico en el mundo; una amplia y s\u00f3lida infraestructura tur\u00edstica; una calidad en el servicio reconocida a nivel internacional; y, sobre todo, empresarios e inversionistas dispuestos a apostar por M\u00e9xico, como lo han hecho a lo largo de muchas d\u00e9cadas\u201d, coment\u00f3.<\/p>\n<p>Abund\u00f3 que, durante 2020, pese a la pandemia, la industria del turismo capt\u00f3 casi el cuatro por ciento del total de la inversi\u00f3n extranjera directa en M\u00e9xico, es decir: mil 122 millones de d\u00f3lares, de los cuales el 26.3 por ciento correspondi\u00f3 a inversi\u00f3n hotelera.<\/p>\n<p>Remarc\u00f3, que, de acuerdo a informaci\u00f3n proporcionada por las 32 entidades de la Rep\u00fablica, al cierre del 2020 se manten\u00eda una inversi\u00f3n privada en nuestro pa\u00eds del orden de los 206 mil 820 millones de pesos, en 595 proyectos tur\u00edsticos, siendo las entidades con mayor inversi\u00f3n: Baja California, Ciudad de M\u00e9xico, Quintana Roo, Jalisco, Nuevo Le\u00f3n, San Luis Potos\u00ed, Sinaloa, Yucat\u00e1n y Zacatecas.<\/p>\n<p>Agreg\u00f3 que hoy el entorno y el medio ambiente en que opera la actividad tur\u00edstica se han transformado; \u201cpor ello, es necesario, de cara al futuro, asegurarnos que nuestras empresas tur\u00edsticas est\u00e9n en posici\u00f3n de continuar siendo viables y exitosas: no existe nada m\u00e1s importante para un empresario que poder so\u00f1ar con un negocio pr\u00f3spero y productivo\u201d.<\/p>\n<p>Finalmente, expres\u00f3 que la transformaci\u00f3n de la actividad tur\u00edstica requiere de una visi\u00f3n diferente, que apunte hacia nuevos horizontes y plantee mejores condiciones para el aprovechamiento real del potencial tur\u00edstico de nuestro pa\u00eds; empero, lo anterior ser\u00e1 motivo de posterior an\u00e1lisis en otra entrega de <strong><em>Hora 14<\/em><\/strong>.<\/p>\n<p><em><a href=\"mailto:%20mauricio_conde@msn.com\" target=\"_blank\" rel=\"noopener noreferrer\">mauricioconde59@outlook.com<\/a><\/em><br \/>\n<em><a href=\"https:\/\/twitter.com\/mauconde007\" target=\"_blank\" rel=\"noopener noreferrer\">@mauconde007<\/a> <\/em><br \/>\n<em><a href=\"https:\/\/mauriciocondeblog.wordpress.com\" target=\"_blank\" rel=\"noopener noreferrer\">https:\/\/mauriciocondeblog.wordpress.com<\/a><\/em><\/p>\n","protected":false},"excerpt":{"rendered":"<p><span style=\"color: #005497;\"><strong>Mauricio Conde Olivares<\/strong><\/span><\/p>\n","protected":false},"author":3,"featured_media":0,"comment_status":"open","ping_status":"open","sticky":false,"template":"","format":"standard","meta":{"_monsterinsights_skip_tracking":false,"_monsterinsights_sitenote_active":false,"_monsterinsights_sitenote_note":"","_monsterinsights_sitenote_category":0,"footnotes":""},"categories":[35889],"tags":[43712,43674,44860],"class_list":["post-503526","post","type-post","status-publish","format-standard","hentry","category-mauricio-conde-olivares","tag-mauricio-conde-olivares","tag-opinion","tag-hora-14"],"_links":{"self":[{"href":"https:\/\/www.diarioimagen.net\/index.php?rest_route=\/wp\/v2\/posts\/503526","targetHints":{"allow":["GET"]}}],"collection":[{"href":"https:\/\/www.diarioimagen.net\/index.php?rest_route=\/wp\/v2\/posts"}],"about":[{"href":"https:\/\/www.diarioimagen.net\/index.php?rest_route=\/wp\/v2\/types\/post"}],"author":[{"embeddable":true,"href":"https:\/\/www.diarioimagen.net\/index.php?rest_route=\/wp\/v2\/users\/3"}],"replies":[{"embeddable":true,"href":"https:\/\/www.diarioimagen.net\/index.php?rest_route=%2Fwp%2Fv2%2Fcomments&post=503526"}],"version-history":[{"count":0,"href":"https:\/\/www.diarioimagen.net\/index.php?rest_route=\/wp\/v2\/posts\/503526\/revisions"}],"wp:attachment":[{"href":"https:\/\/www.diarioimagen.net\/index.php?rest_route=%2Fwp%2Fv2%2Fmedia&parent=503526"}],"wp:term":[{"taxonomy":"category","embeddable":true,"href":"https:\/\/www.diarioimagen.net\/index.php?rest_route=%2Fwp%2Fv2%2Fcategories&post=503526"},{"taxonomy":"post_tag","embeddable":true,"href":"https:\/\/www.diarioimagen.net\/index.php?rest_route=%2Fwp%2Fv2%2Ftags&post=503526"}],"curies":[{"name":"wp","href":"https:\/\/api.w.org\/{rel}","templated":true}]}}