{"id":503538,"date":"2021-04-16T00:04:48","date_gmt":"2021-04-16T05:04:48","guid":{"rendered":"https:\/\/www.diarioimagen.net\/?p=503538"},"modified":"2021-04-16T02:30:25","modified_gmt":"2021-04-16T07:30:25","slug":"los-partidos-y-su-grilla","status":"publish","type":"post","link":"https:\/\/www.diarioimagen.net\/?p=503538","title":{"rendered":"Los partidos y su \u201cgrilla\u201d"},"content":{"rendered":"<h2>Punto por punto<\/h2>\n<h5>Augusto Corro<\/h5>\n<p>&nbsp;<\/p>\n<p>En junio pr\u00f3ximo se efectuar\u00e1n las elecciones intermedias m\u00e1s importantes en los \u00faltimos sexenios. Los partidos pol\u00edticos realizan sus campa\u00f1as, sin pena ni gloria, salvo los esc\u00e1ndalos a los que nos tienen acostumbrados. El tiempo avanza y las organizaciones pol\u00edticas no pueden sacudirse la mediocridad que las envuelve.<\/p>\n<p>La oposici\u00f3n pol\u00edtica en M\u00e9xico est\u00e1 paralizada desde las \u00faltimas elecciones presidenciales de 2018. Sufri\u00f3 una derrota hist\u00f3rica que lo mantiene en la lona. No ha podido actuar con inteligencia para enfrentar al adversario. Su mayor esfuerzo se traduce en una coalici\u00f3n entre partidos.<\/p>\n<p>Esto \u00faltimo, ya les result\u00f3 contraproducente, pero no quisieron entenderlo. Es dif\u00edcil mezclar el agua con el aceite, pero las instituciones pol\u00edticas mexicanas est\u00e1n empe\u00f1adas en demostrar lo contrario. Quiz\u00e1s les funcione, pero no en la dimensi\u00f3n que necesitan para frenar al gobierno y a su partido Morena.<\/p>\n<p>Si se analizan los partidos pol\u00edticos y su participaci\u00f3n en la contienda electoral se llega a la conclusi\u00f3n que todos, sin excepci\u00f3n, tienen al enemigo en casa. Las pugnas internas dif\u00edcilmente son superadas. En las instituciones pol\u00edticas escasean los l\u00edderes y si los hay se encuentran muy lejos de los militantes.<\/p>\n<p>El partido Morena es la organizaci\u00f3n pol\u00edtica que est\u00e1 en posibilidades de obtener m\u00e1s triunfos; aunque no se repetir\u00e1 lo registrado en las elecciones presidenciales, por una sencilla raz\u00f3n, no aparecer\u00e1 Andr\u00e9s Manuel L\u00f3pez Obrador en las boletas.<\/p>\n<p>A los morenistas y al propio Presidente le urge mantener el mayor n\u00famero de representantes en la C\u00e1mara de Diputados para continuar su proyecto de la Cuarta Transformaci\u00f3n (4T), que la oposici\u00f3n se empe\u00f1a en obstaculizar su realizaci\u00f3n. S\u00f3lo que los adversarios de Morena no han podido frenarlo.<\/p>\n<p>El resultado de las elecciones traer\u00e1 cambios importantes en la vida pol\u00edtica de nuestro pa\u00eds. Es posible que llame a cuentas al Instituto Nacional Electoral (INE), por el papelazo que hizo al enfrentarse al presunto candidato morenista, a la gubernatura de Guerrero, F\u00e9lix Salgado Macedonio (a) <em>El Toro<\/em>.<\/p>\n<p>El INE, encabezado por Lorenzo C\u00f3rdova, se convirti\u00f3 en juez y parte. Es decir que el \u00e1rbitro electoral se evidenci\u00f3 como adversario de Morena, para servir a quien sabe a qu\u00e9 intereses de quienes participan en la contienda electoral.<\/p>\n<p>Le negaron el registro a Salgado Macedonio y al candidato a la gubernatura de Michoac\u00e1n, Ra\u00fal Mor\u00f3n, por una irregularidad que fue considerada como no grave: no cumplieron con el requisito de informar a las autoridades electorales sobre sus gastos de precampa\u00f1a.<\/p>\n<p>Con la cancelaci\u00f3n de la candidatura de Salgado Macedonio se culmin\u00f3 el esc\u00e1ndalo que ya arrastraba el morenista. Superado el conflicto de las acusaciones por delitos sexuales, el aspirante supuso que hab\u00eda superado los obst\u00e1culos m\u00e1s dif\u00edciles para llegar al poder. No esperaba ser frenado por el INE.<\/p>\n<p>La nominaci\u00f3n como candidato al gobierno de Guerrero le trajo al multicitado Salgado Macedonio enfrentamientos entre los militantes de su partido. Principalmente, las mujeres protestaron para evitar que el presunto mis\u00f3gino llegara al poder.<\/p>\n<p>El sector femenino morenista no tuvo la fuerza suficiente para detener al guerrerense. La pugna entre los militantes de Morena viv\u00eda su segunda etapa. La primera estuvo a cargo de los personajes, con escasa imagen pol\u00edtica, que le peleaban la candidatura a <em>El Toro<\/em>.<\/p>\n<p>Designado desde las m\u00e1s altas esferas del poder, Salgado Macedonio, no ten\u00eda que preocuparse. Todo mundo sabe que su principal promotor para llegar al poder es el presidente Andr\u00e9s Manuel L\u00f3pez Obrador.<\/p>\n<p>Ahora, el asunto del registro de la candidatura de Salgado Macedonio se encuentra en las manos del Tribunal Electoral. \u00bfArrojar\u00e1 a la basura la decisi\u00f3n del INE de negarle la candidatura al controvertido guerrerense? \u00bfCeder\u00e1 a las presiones pol\u00edticas? \u00bfUsted qu\u00e9 opina amable lector?<\/p>\n<p><a href=\"mailto:aco2742@hotmail.com\" target=\"_blank\" rel=\"noopener noreferrer\"><em>aco2742@hotmail.com<\/em><\/a><\/p>\n","protected":false},"excerpt":{"rendered":"<p><span style=\"color: #005497;\"><strong>Augusto Corro<\/strong><\/span><\/p>\n","protected":false},"author":3,"featured_media":0,"comment_status":"open","ping_status":"open","sticky":false,"template":"","format":"standard","meta":{"_monsterinsights_skip_tracking":false,"_monsterinsights_sitenote_active":false,"_monsterinsights_sitenote_note":"","_monsterinsights_sitenote_category":0,"footnotes":""},"categories":[157],"tags":[43686,43674,11515],"class_list":["post-503538","post","type-post","status-publish","format-standard","hentry","category-augusto-corro","tag-augusto-corro","tag-opinion","tag-punto-por-punto"],"_links":{"self":[{"href":"https:\/\/www.diarioimagen.net\/index.php?rest_route=\/wp\/v2\/posts\/503538","targetHints":{"allow":["GET"]}}],"collection":[{"href":"https:\/\/www.diarioimagen.net\/index.php?rest_route=\/wp\/v2\/posts"}],"about":[{"href":"https:\/\/www.diarioimagen.net\/index.php?rest_route=\/wp\/v2\/types\/post"}],"author":[{"embeddable":true,"href":"https:\/\/www.diarioimagen.net\/index.php?rest_route=\/wp\/v2\/users\/3"}],"replies":[{"embeddable":true,"href":"https:\/\/www.diarioimagen.net\/index.php?rest_route=%2Fwp%2Fv2%2Fcomments&post=503538"}],"version-history":[{"count":0,"href":"https:\/\/www.diarioimagen.net\/index.php?rest_route=\/wp\/v2\/posts\/503538\/revisions"}],"wp:attachment":[{"href":"https:\/\/www.diarioimagen.net\/index.php?rest_route=%2Fwp%2Fv2%2Fmedia&parent=503538"}],"wp:term":[{"taxonomy":"category","embeddable":true,"href":"https:\/\/www.diarioimagen.net\/index.php?rest_route=%2Fwp%2Fv2%2Fcategories&post=503538"},{"taxonomy":"post_tag","embeddable":true,"href":"https:\/\/www.diarioimagen.net\/index.php?rest_route=%2Fwp%2Fv2%2Ftags&post=503538"}],"curies":[{"name":"wp","href":"https:\/\/api.w.org\/{rel}","templated":true}]}}