{"id":503650,"date":"2021-04-19T00:05:42","date_gmt":"2021-04-19T05:05:42","guid":{"rendered":"https:\/\/www.diarioimagen.net\/?p=503650"},"modified":"2021-04-19T23:33:55","modified_gmt":"2021-04-20T04:33:55","slug":"completan-esquema-de-vacunacion-anti-covid-mas-de-100-mil-adultos-mayores-en-toluca","status":"publish","type":"post","link":"https:\/\/www.diarioimagen.net\/?p=503650","title":{"rendered":"Completan esquema de vacunaci\u00f3n anti-Covid m\u00e1s de 100 mil adultos mayores en Toluca"},"content":{"rendered":"<p>&nbsp;<\/p>\n<ul>\n<li><em><strong>Alcanza metas en fechas previstas de manera \u00e1gil y oportuna<\/strong><\/em><\/li>\n<\/ul>\n<p>&nbsp;<\/p>\n<div id=\"attachment_503705\" style=\"width: 470px\" class=\"wp-caption aligncenter\"><a href=\"https:\/\/www.diarioimagen.net\/?attachment_id=503705\" rel=\"attachment wp-att-503705\"><img loading=\"lazy\" decoding=\"async\" aria-describedby=\"caption-attachment-503705\" class=\"size-full wp-image-503705\" src=\"https:\/\/www.diarioimagen.net\/wp-content\/uploads\/2021\/04\/EDOMEX-VACUNACION.jpg\" alt=\"\" width=\"460\" height=\"270\" \/><\/a><p id=\"caption-attachment-503705\" class=\"wp-caption-text\">La se\u00f1ora Rosa Mar\u00eda Gardu\u00f1o considera que completar dosis de la vacuna contra Covid-19 representa seguir adelante con sus familias.<\/p><\/div>\n<p>&nbsp;<\/p>\n<p><strong>Toluca, Estado de M\u00e9xico.- <\/strong>Rosa Mar\u00eda Gardu\u00f1o Serrano, complet\u00f3 su esquema de vacunaci\u00f3n contra Covid-19, al igual que 100 mil 021 adultos mayores de la capital mexiquense, que como ella, desean reunirse con sus familiares y abrazar a sus nietos sin temor.<\/p>\n<p>La beneficiaria se\u00f1ala que no ha sido f\u00e1cil mantener las m\u00e1s estrictas medidas de prevenci\u00f3n para reducir riesgos de infecci\u00f3n respiratoria causada por el virus SARS-CoV-2, pero que sin duda son muy necesarias para seguir cuidando y preservando la salud.<\/p>\n<p>Durante m\u00e1s de 13 meses la poblaci\u00f3n mayor de 60 a\u00f1os, ha sido y es el grupo m\u00e1s afectado por este padecimiento.<\/p>\n<p>La se\u00f1ora Gardu\u00f1o Serrano, de 62 a\u00f1os, quien acudi\u00f3 por su segunda dosis de vacuna a las instalaciones del Centro Internacional de Convenciones y Exposiciones (CIECEM) de Toluca, en compa\u00f1\u00eda de su esposo y sus compadres, se\u00f1al\u00f3 que es una verdadera fiesta de salud, que ha sido posible gracias a la voluntad, entrega y compromiso de m\u00e9dicos, enfermeras, personal de apoyo y voluntarios.<\/p>\n<p>\u201cUn poquito nerviosa pero todo sali\u00f3 bien, no me sent\u00ed mal, estuve perfectamente bien. Esta organizaci\u00f3n est\u00e1 muy bien y adem\u00e1s sale uno muy pronto y es un bienestar para toda la gente, les asegura que se sienten bien y pues por el bien de todos nosotros se deben de vacunar\u201d, comenta emocionada la beneficiaria.<\/p>\n<p>A\u00f1adi\u00f3 que gracias a la vacunaci\u00f3n \u201ctenemos una esperanza de seguir adelante y de estar con nuestras familias\u201d, por lo que hizo un llamado a las y los mexiquenses a que se vacunen.<\/p>\n<p>Por ello, Rosa Mar\u00eda Gardu\u00f1o Serrano a\u00f1ade que \u201cuna vacuna es la esperanza de todos, para poder estar unidos, para trabajar, para salir que es lo que nos urge, porque gracias a la vacuna podemos estar tranquilos\u201d, asegur\u00f3.<\/p>\n<p>La dependencia estatal destaca que el CIECEM fue una de las cuatro sedes habilitadas en la capital mexiquense, por lo que se convirti\u00f3 durante cinco d\u00edas en un centro masivo de vacunaci\u00f3n desde el autom\u00f3vil contra Covid-19, una modalidad pensada para evitar mayores contagios entre los adultos mayores que reciben la inmunizaci\u00f3n. Indica que de las m\u00e1s de 100 mil dosis aplicadas, un total de 20 mil 838 fueron suministradas en veh\u00edculo, lo que corresponde al 20.83 por ciento, es decir, uno de cada cinco adultos mayores toluque\u00f1os recibieron la segunda dosis, con lo que completaron su esquema de inmunizaci\u00f3n.<\/p>\n<p>Al implementar este tipo de servicio en Toluca, se logr\u00f3 que la inoculaci\u00f3n culminara en las fechas previstas, lo cual fue replicado en otros municipios mexiquenses.<\/p>\n<p>Es un esfuerzo que requiere cumplir la pol\u00edtica nacional rectora de vacunaci\u00f3n contra el SARS-CoV-2, que establece un trabajo conjunto para recibir, resguardar y trasladar las dosis de vacuna a las sedes municipales, adem\u00e1s de garantizar una amplia log\u00edstica en el acceso, servicio y seguridad de los abuelitos.<\/p>\n","protected":false},"excerpt":{"rendered":"<p>Rosa Mar\u00eda Gardu\u00f1o Serrano, complet\u00f3 su esquema de vacunaci\u00f3n contra Covid-19, al igual que 100 mil 021 adultos mayores de la capital mexiquense, que como ella, desean reunirse con sus familiares y abrazar a sus nietos sin temor.<\/p>\n","protected":false},"author":3,"featured_media":503705,"comment_status":"open","ping_status":"open","sticky":false,"template":"","format":"standard","meta":{"_monsterinsights_skip_tracking":false,"_monsterinsights_sitenote_active":false,"_monsterinsights_sitenote_note":"","_monsterinsights_sitenote_category":0,"footnotes":""},"categories":[5],"tags":[15930,43675,452],"class_list":["post-503650","post","type-post","status-publish","format-standard","has-post-thumbnail","hentry","category-estado-de-mexico","tag-adultos-mayores","tag-estado-de-mexico","tag-toluca"],"_links":{"self":[{"href":"https:\/\/www.diarioimagen.net\/index.php?rest_route=\/wp\/v2\/posts\/503650","targetHints":{"allow":["GET"]}}],"collection":[{"href":"https:\/\/www.diarioimagen.net\/index.php?rest_route=\/wp\/v2\/posts"}],"about":[{"href":"https:\/\/www.diarioimagen.net\/index.php?rest_route=\/wp\/v2\/types\/post"}],"author":[{"embeddable":true,"href":"https:\/\/www.diarioimagen.net\/index.php?rest_route=\/wp\/v2\/users\/3"}],"replies":[{"embeddable":true,"href":"https:\/\/www.diarioimagen.net\/index.php?rest_route=%2Fwp%2Fv2%2Fcomments&post=503650"}],"version-history":[{"count":0,"href":"https:\/\/www.diarioimagen.net\/index.php?rest_route=\/wp\/v2\/posts\/503650\/revisions"}],"wp:featuredmedia":[{"embeddable":true,"href":"https:\/\/www.diarioimagen.net\/index.php?rest_route=\/wp\/v2\/media\/503705"}],"wp:attachment":[{"href":"https:\/\/www.diarioimagen.net\/index.php?rest_route=%2Fwp%2Fv2%2Fmedia&parent=503650"}],"wp:term":[{"taxonomy":"category","embeddable":true,"href":"https:\/\/www.diarioimagen.net\/index.php?rest_route=%2Fwp%2Fv2%2Fcategories&post=503650"},{"taxonomy":"post_tag","embeddable":true,"href":"https:\/\/www.diarioimagen.net\/index.php?rest_route=%2Fwp%2Fv2%2Ftags&post=503650"}],"curies":[{"name":"wp","href":"https:\/\/api.w.org\/{rel}","templated":true}]}}