{"id":503655,"date":"2021-04-19T00:03:57","date_gmt":"2021-04-19T05:03:57","guid":{"rendered":"https:\/\/www.diarioimagen.net\/?p=503655"},"modified":"2021-04-19T01:55:13","modified_gmt":"2021-04-19T06:55:13","slug":"se-registra-romina-contreras-como-candidata-a-la-alcaldia-de-huixquilucan","status":"publish","type":"post","link":"https:\/\/www.diarioimagen.net\/?p=503655","title":{"rendered":"Se registra Romina Contreras como candidata a la alcald\u00eda de Huixquilucan"},"content":{"rendered":"<p>&nbsp;<\/p>\n<ul>\n<li><em><strong>Por el Partido Acci\u00f3n Nacional<\/strong><\/em><\/li>\n<\/ul>\n<p>&nbsp;<\/p>\n<div id=\"attachment_503738\" style=\"width: 470px\" class=\"wp-caption aligncenter\"><a href=\"https:\/\/www.diarioimagen.net\/?attachment_id=503738\" rel=\"attachment wp-att-503738\"><img loading=\"lazy\" decoding=\"async\" aria-describedby=\"caption-attachment-503738\" class=\"size-full wp-image-503738\" src=\"https:\/\/www.diarioimagen.net\/wp-content\/uploads\/2021\/04\/huixquilucan-4.jpg\" alt=\"\" width=\"460\" height=\"270\" \/><\/a><p id=\"caption-attachment-503738\" class=\"wp-caption-text\">Romina Contreras se present\u00f3 como candidata de unidad del PAN en Huixquilucan, cumpliendo todos los requisitos establecidos en la convocatoria de este instituto pol\u00edtico.<\/p><\/div>\n<p>&nbsp;<\/p>\n<p><strong>Huixquilucan, Estado de M\u00e9xico<\/strong>.-\u00a0Romina Contreras se registr\u00f3 como candidata a la presidencia municipal de Huixquilucan, en el Comit\u00e9 Directivo Estatal del Partido Acci\u00f3n Nacional (PAN) en el Estado de M\u00e9xico.<\/p>\n<p>Acompa\u00f1ada de los integrantes de su planilla, Romina Contreras se present\u00f3 como candidata de unidad del PAN en Huixquilucan, cumpliendo todos los requisitos establecidos en la convocatoria de este instituto pol\u00edtico, con el fin de poder competir, a partir del 30 de abril, por la presidencia municipal para el periodo 2022-2024.<\/p>\n<p>Durante su registro, agradeci\u00f3 a la militancia, pero especialmente, a la gente de Huixquilucan, por el apoyo brindado a lo largo del proceso interno que se llev\u00f3 a cabo en el partido y asegur\u00f3 que el objetivo de esta candidatura es refrendar y darle continuidad a los resultados que han brindado los gobiernos panistas en esta localidad del Valle de M\u00e9xico.<\/p>\n<p>Afirm\u00f3 que lo que se busca es consolidar a\u00fan m\u00e1s el desarrollo y progreso que ha tenido Huixquilucan en los \u00faltimos seis a\u00f1os y acrecentar los logros en materia econ\u00f3mica, de salud, seguridad y de bienestar de la poblaci\u00f3n, entre otros, para que este municipio contin\u00fae siendo uno de los mejores calificados del pa\u00eds y el mejor evaluado del Estado de M\u00e9xico.<\/p>\n<p>El registro se llev\u00f3 a cabo bajo un estricto protocolo de sanitario que existe en el Comit\u00e9 Directivo Estatal, toda vez que solo se permiti\u00f3 el ingreso a los candidatos en el auditorio V\u00edctor Guerrero Gonz\u00e1lez, en donde se realiz\u00f3 la toma de temperatura y la aplicaci\u00f3n de gel antibacterial, y se revis\u00f3 el uso obligatorio del cubrebocas y el respeto de la sana distancia.<\/p>\n","protected":false},"excerpt":{"rendered":"<p>Romina Contreras se registr\u00f3 como candidata a la presidencia municipal de Huixquilucan, en el Comit\u00e9 Directivo Estatal del Partido Acci\u00f3n Nacional (PAN) en el Estado de M\u00e9xico.<\/p>\n","protected":false},"author":3,"featured_media":503738,"comment_status":"open","ping_status":"open","sticky":false,"template":"","format":"standard","meta":{"_monsterinsights_skip_tracking":false,"_monsterinsights_sitenote_active":false,"_monsterinsights_sitenote_note":"","_monsterinsights_sitenote_category":0,"footnotes":""},"categories":[5],"tags":[92781,1097],"class_list":["post-503655","post","type-post","status-publish","format-standard","has-post-thumbnail","hentry","category-estado-de-mexico","tag-estado-de-mexicom-romina-contras","tag-huixquilucan"],"_links":{"self":[{"href":"https:\/\/www.diarioimagen.net\/index.php?rest_route=\/wp\/v2\/posts\/503655","targetHints":{"allow":["GET"]}}],"collection":[{"href":"https:\/\/www.diarioimagen.net\/index.php?rest_route=\/wp\/v2\/posts"}],"about":[{"href":"https:\/\/www.diarioimagen.net\/index.php?rest_route=\/wp\/v2\/types\/post"}],"author":[{"embeddable":true,"href":"https:\/\/www.diarioimagen.net\/index.php?rest_route=\/wp\/v2\/users\/3"}],"replies":[{"embeddable":true,"href":"https:\/\/www.diarioimagen.net\/index.php?rest_route=%2Fwp%2Fv2%2Fcomments&post=503655"}],"version-history":[{"count":0,"href":"https:\/\/www.diarioimagen.net\/index.php?rest_route=\/wp\/v2\/posts\/503655\/revisions"}],"wp:featuredmedia":[{"embeddable":true,"href":"https:\/\/www.diarioimagen.net\/index.php?rest_route=\/wp\/v2\/media\/503738"}],"wp:attachment":[{"href":"https:\/\/www.diarioimagen.net\/index.php?rest_route=%2Fwp%2Fv2%2Fmedia&parent=503655"}],"wp:term":[{"taxonomy":"category","embeddable":true,"href":"https:\/\/www.diarioimagen.net\/index.php?rest_route=%2Fwp%2Fv2%2Fcategories&post=503655"},{"taxonomy":"post_tag","embeddable":true,"href":"https:\/\/www.diarioimagen.net\/index.php?rest_route=%2Fwp%2Fv2%2Ftags&post=503655"}],"curies":[{"name":"wp","href":"https:\/\/api.w.org\/{rel}","templated":true}]}}