{"id":503661,"date":"2021-04-19T00:01:38","date_gmt":"2021-04-19T05:01:38","guid":{"rendered":"https:\/\/www.diarioimagen.net\/?p=503661"},"modified":"2021-04-19T04:58:13","modified_gmt":"2021-04-19T09:58:13","slug":"cupula-estatal-panista-constata-labor-que-realiza-ana-balderas-en-campana","status":"publish","type":"post","link":"https:\/\/www.diarioimagen.net\/?p=503661","title":{"rendered":"C\u00fapula estatal panista constata labor que realiza Ana Balderas en campa\u00f1a"},"content":{"rendered":"<p>&nbsp;<\/p>\n<p><a href=\"https:\/\/www.diarioimagen.net\/?attachment_id=503731\" rel=\"attachment wp-att-503731\"><img loading=\"lazy\" decoding=\"async\" class=\"aligncenter size-full wp-image-503731\" src=\"https:\/\/www.diarioimagen.net\/wp-content\/uploads\/2021\/04\/atizapan-4.jpg\" alt=\"\" width=\"460\" height=\"270\" \/><\/a><\/p>\n<p>&nbsp;<\/p>\n<p><strong>Atizap\u00e1n, Estado de M\u00e9xico<\/strong><strong>.-<\/strong> El primer evento del pasado jueves para las y los candidatos panistas fue acudir a la conferencia de prensa que convoc\u00f3 Vargas del Villar en el municipio de Naucalpan, en la que se dieron a conocer los avances que tienen los candidatos a diputados federales del blanquiazul; constat\u00f3 la buena marcha que lleva la campa\u00f1a de Ana Balderas Trejo con miras a ganar la diputaci\u00f3n Federal por el Distrito 14, al acompa\u00f1arla por el recorrido que realiz\u00f3 calles y avenidas de las colonia Las Colonias y Ahuehuetes, en Atizap\u00e1n de Zaragoza.<\/p>\n<p>En su calidad de secretaria de Promoci\u00f3n Pol\u00edtica y candidata a diputada federal, Ana Balderas particip\u00f3 en la reuni\u00f3n de medios, donde se resalt\u00f3 la labor que realizan las y los candidatos panistas. De manera particular se elogiaron los muy buenos n\u00fameros de aceptaci\u00f3n que maneja la abanderada Balderas Trejo en Atizap\u00e1n de Zaragoza, Tlalnepantla de Baz y Cuautitl\u00e1n Izcalli.<\/p>\n","protected":false},"excerpt":{"rendered":"<p>El primer evento del pasado jueves para las y los candidatos panistas fue acudir a la conferencia de prensa que convoc\u00f3 Vargas del Villar en el municipio de Naucalpan, en la que se dieron a conocer los avances que tienen los candidatos a diputados federales del blanquiazul; constat\u00f3 la buena marcha que lleva la campa\u00f1a de Ana Balderas Trejo con miras a ganar la diputaci\u00f3n Federal por el Distrito 14, al acompa\u00f1arla por el recorrido que realiz\u00f3 calles y avenidas de las colonia Las Colonias y Ahuehuetes, en Atizap\u00e1n de Zaragoza.<\/p>\n","protected":false},"author":3,"featured_media":503731,"comment_status":"open","ping_status":"open","sticky":false,"template":"","format":"standard","meta":{"_monsterinsights_skip_tracking":false,"_monsterinsights_sitenote_active":false,"_monsterinsights_sitenote_note":"","_monsterinsights_sitenote_category":0,"footnotes":""},"categories":[5],"tags":[74232,969,43675],"class_list":["post-503661","post","type-post","status-publish","format-standard","has-post-thumbnail","hentry","category-estado-de-mexico","tag-ana-balderas","tag-atizapan","tag-estado-de-mexico"],"_links":{"self":[{"href":"https:\/\/www.diarioimagen.net\/index.php?rest_route=\/wp\/v2\/posts\/503661","targetHints":{"allow":["GET"]}}],"collection":[{"href":"https:\/\/www.diarioimagen.net\/index.php?rest_route=\/wp\/v2\/posts"}],"about":[{"href":"https:\/\/www.diarioimagen.net\/index.php?rest_route=\/wp\/v2\/types\/post"}],"author":[{"embeddable":true,"href":"https:\/\/www.diarioimagen.net\/index.php?rest_route=\/wp\/v2\/users\/3"}],"replies":[{"embeddable":true,"href":"https:\/\/www.diarioimagen.net\/index.php?rest_route=%2Fwp%2Fv2%2Fcomments&post=503661"}],"version-history":[{"count":0,"href":"https:\/\/www.diarioimagen.net\/index.php?rest_route=\/wp\/v2\/posts\/503661\/revisions"}],"wp:featuredmedia":[{"embeddable":true,"href":"https:\/\/www.diarioimagen.net\/index.php?rest_route=\/wp\/v2\/media\/503731"}],"wp:attachment":[{"href":"https:\/\/www.diarioimagen.net\/index.php?rest_route=%2Fwp%2Fv2%2Fmedia&parent=503661"}],"wp:term":[{"taxonomy":"category","embeddable":true,"href":"https:\/\/www.diarioimagen.net\/index.php?rest_route=%2Fwp%2Fv2%2Fcategories&post=503661"},{"taxonomy":"post_tag","embeddable":true,"href":"https:\/\/www.diarioimagen.net\/index.php?rest_route=%2Fwp%2Fv2%2Ftags&post=503661"}],"curies":[{"name":"wp","href":"https:\/\/api.w.org\/{rel}","templated":true}]}}