{"id":503683,"date":"2021-04-19T00:00:20","date_gmt":"2021-04-19T05:00:20","guid":{"rendered":"https:\/\/www.diarioimagen.net\/?p=503683"},"modified":"2021-04-19T01:12:13","modified_gmt":"2021-04-19T06:12:13","slug":"dermatitis-atopica-otra-calamidad-en-el-sureste-de-mexico","status":"publish","type":"post","link":"https:\/\/www.diarioimagen.net\/?p=503683","title":{"rendered":"Dermatitis at\u00f3pica, otra calamidad en el sureste de M\u00e9xico"},"content":{"rendered":"<h2>Hora 14<\/h2>\n<h5>Mauricio Conde Olivares<\/h5>\n<p>&nbsp;<\/p>\n<p>Con sede en el Aeropuerto Internacional de Canc\u00fan, Corona realiza la apertura de sus primeras tiendas oficiales a nivel mundial denominadas \u201cCorona Shops\u201d, esto con la finalidad de llevar el brillo de La M\u00e1s Fina a cada rinc\u00f3n del mundo.<\/p>\n<p>A efecto que\u00a0 Corona llegue a m\u00e1s personas de todas las nacionalidades, la marca ha elegido el Aeropuerto Internacional de Canc\u00fan como sede de las primeras cuatro \u201cCorona Shops\u201d a nivel mundial, al ser el segundo aeropuerto con mayor tr\u00e1fico de viajeros de diversas nacionalidades, principalmente procedentes de Canad\u00e1, Estados Unidos y M\u00e9xico; dos de estas tiendas estar\u00e1n ubicadas en la Terminal 3, donde se concentra el tr\u00e1fico de pasajeros nacionales e internacionales, y dos m\u00e1s se ubicar\u00e1n en la Terminal 2 con tr\u00e1fico de pasajeros primordialmente nacionales.<\/p>\n<p>Con la apertura de las \u201cCorona Shops\u201d en M\u00e9xico, la marca da un salto a la expansi\u00f3n de nuevos negocios presentando una propuesta que va desde apparel hasta art\u00edculos coleccionables.<\/p>\n<p>En estas Flagship Stores la gente podr\u00e1 encontrar prendas como hoodies y sombreros, as\u00ed como souvenirs, termos, coasters y sleeves para botellas y latas, todos ellos con dise\u00f1os \u00fanicos que se convertir\u00e1n en objetos de deseo para los coleccionistas y que buscan conmemorar las experiencias vividas en el destino.<\/p>\n<p>\u201cM\u00e1s que una cerveza, Corona es un \u00edcono de M\u00e9xico en el mundo, una marca lifestyle que hoy orgullosamente suma a sus proyectos la apertura de sus primeras tiendas oficiales, las cuales han sido creadas con la misma calidad, entrega y atenci\u00f3n a los detalles con la que hacemos nuestra ic\u00f3nica y brillante cerveza\u201d, afirm\u00f3 Clarissa Pantoja, directora de Corona.<\/p>\n<p>Agreg\u00f3 que \u201cCorona Shops\u201d es una apuesta m\u00e1s de la marca y de Grupo Modelo por el pa\u00eds y su gente en momentos en los que todos debemos sumar esfuerzos para salir adelante. El proyecto abarca desde la conceptualizaci\u00f3n de las tiendas, el personal operativo, as\u00ed como la reactivaci\u00f3n indirecta de empleos con producci\u00f3n nacional de materiales reciclables y fuentes sustentables, apoyando de esta manera no s\u00f3lo la generaci\u00f3n de empleo sino las producciones sostenibles.<\/p>\n<p>De esta manera, Corona, en conjunto con Francobolli, reconocida empresa mexicana, buscan la expansi\u00f3n de este proyecto a lo largo de los principales puntos tur\u00edsticos del pa\u00eds dentro de aeropuertos, puertos y hoteles, con una inversi\u00f3n y crecimiento escalonado en los pr\u00f3ximos cinco a\u00f1os.<\/p>\n<p>Por otra parte, estamos a tres d\u00edas que se celebre el D\u00eda Internacional de la Tierra, y a un a\u00f1o del inicio de la pandemia mundial de Covid-19, organizaciones internacionales hacen un llamado a la reflexi\u00f3n.<\/p>\n<p>El impacto que la emergencia sanitaria tuvo sobre el ambiente es innegable, la Agencia de Energ\u00eda Internacional (por sus siglas en ingl\u00e9s) pronostic\u00f3 en 2020 una disminuci\u00f3n r\u00e9cord de 7% en las emisiones de CO2 derivadas de las medidas antiCovid-19, la m\u00e1s grande en los \u00faltimos 100 a\u00f1os. Sin embargo, la NASA dice que para que esta reducci\u00f3n tenga un impacto positivo y medible, debe mantenerse por un periodo de tiempo largo y sostenido.<\/p>\n<p>Ante este escenario, la ONU nos recuerda de la necesidad de un cambio hacia una econom\u00eda m\u00e1s sostenible, que sea funcional, tanto para las personas como para el planeta, donde podamos promover la armon\u00eda con la naturaleza y la sociedad.<\/p>\n<p>La buena noticia, es que el confinamiento tambi\u00e9n nos mostr\u00f3 alternativas para vivir nuestro d\u00eda a d\u00eda, que podremos incorporar en un mundo post-pandemia. Uno de estos caminos posibles, es definitivamente la econom\u00eda circular, que en Carvajal Empaques han impulsado en M\u00e9xico desde el 2019, donde han sobresalido proyectos como la construcci\u00f3n de la primer aula hecha con material reciclado en Xicotepec Puebla, y en Colombia desde el 2017 a trav\u00e9s de un compromiso ambiental e integraci\u00f3n del modelo de sostenibilidad, en el 2018 con la campa\u00f1a \u201cC\u00e1mbiale el rumbo al pl\u00e1stico\u201d.<\/p>\n<p>El sistema actual de usar y desechar es un pensamiento lineal pre-pandemia que urge dejar atr\u00e1s, y retomar un modelo circular donde la base sea el reciclaje, para reducir la producci\u00f3n de residuos e integrarlos nuevamente en la cadena de producci\u00f3n, sin castigar los precios y al mismo tiempo protegiendo recursos naturales.<\/p>\n<p>Adem\u00e1s, hay acciones pr\u00e1cticas para celebrar este d\u00eda en familia, como las presentadas por la Secretar\u00eda de Medio Ambiente: Usar y recomendar a las personas cercanas cambiar las l\u00e1mparas incandescentes a l\u00e1mparas de bajo consumo; Aconsejar a todos que por un d\u00eda desconecten aparatos electr\u00f3nicos y consuman menos electricidad; Ense\u00f1ar a los ni\u00f1os a apreciar y a cuidar a la naturaleza. Y sobre la importancia de la biodiversidad. Cambiar h\u00e1bitos en nuestra alimentaci\u00f3n, y de este modo dejar de comer carne y otros derivados, as\u00ed como alimentos procesados y probar la comida vegetariana.<\/p>\n<p>Reflexionemos hoy, en un mundo donde todo lo que desechemos pueda volver a usarse, ya sea en la forma original o convertido en otro producto, pensemos en que es posible llegar a cero emisiones netas, a un equilibrio entre las emisiones producidas y las eliminadas a la atm\u00f3sfera. Llevemos esta conversaci\u00f3n m\u00e1s all\u00e1 del D\u00eda Internacional de la Tierra y comencemos a redise\u00f1ar nuestro futuro juntos.<\/p>\n<p>Ahora, d\u00e9jeme contarle que otra calamidad ataca al sureste mexicano, adem\u00e1s del Covid-19.\u00a0\u00a0 En M\u00e9xico existen casi 4 millones de personas que viven con dermatitis at\u00f3pica moderada a grave, las cuales han tenido que enfrentarse a dificultades para tener un diagn\u00f3stico certero y encontrar un tratamiento adecuado que les ayude a controlar este padecimiento desde la ra\u00edz.<\/p>\n<p>Espec\u00edficamente en la regi\u00f3n sureste del pa\u00eds, Tabasco es el estado con mayor n\u00famero de casos de dermatitis at\u00f3pica en menores de 18 a\u00f1os, al registrar nueve casos por cada mil habitantes. En segundo lugar se encuentra Yucat\u00e1n, seguido por Campeche y Quintana Roo.<\/p>\n<p>La dermatitis at\u00f3pica es una enfermedad cr\u00f3nica, es decir, no se cura, es sist\u00e9mica e inmunol\u00f3gica. Se manifiesta principalmente en la piel y se caracteriza por el brote de lesiones rojas, sangrado y costras. Es clasificada como una inflamaci\u00f3n tipo 2 y otros de sus s\u00edntomas son la comez\u00f3n intensa y el agrietamiento.<\/p>\n<p>\u201cOtro de los principales s\u00edntomas f\u00edsicos de este padecimiento es la resequedad de la piel, que se puede incrementar por factores externos como la contaminaci\u00f3n, altas temperaturas, la humedad, entre otros, lo que los lleva a complicaciones que afectan directamente a su calidad de vida e incluso, la situaci\u00f3n econ\u00f3mica\u201d, explic\u00f3 el Dr. V\u00edctor Gonz\u00e1lez, Gerente de Inmunolog\u00eda de Sanofi Genzyme.<\/p>\n<p>Sin embargo, las afectaciones de la dermatitis at\u00f3pica van m\u00e1s all\u00e1 de la piel, pues generan una serie de impactos negativos a la salud mental de los pacientes, por ejemplo: ansiedad, depresi\u00f3n y estr\u00e9s.<\/p>\n<p>Hasta hace poco, los investigadores descubrieron que la dermatitis at\u00f3pica tiene origen en inflamaciones tipo 2, relacionadas con una reacci\u00f3n del sistema inmune ante factores internos y externos como las alergias, por lo que su control requiere mucho m\u00e1s que tratamientos t\u00f3picos, es decir, de uso externo a base de ung\u00fcentos o pomadas.<\/p>\n<p>No obstante, para aquellos pacientes que no han logrado controlar sus s\u00edntomas con las terapias existentes como esteroides t\u00f3picos, emolientes e hidratantes, ahora se han desarrollado tratamientos biol\u00f3gicos, que representan una innovadora opci\u00f3n para reducir la gravedad y extensi\u00f3n de las lesiones, disminuir la comez\u00f3n y mejorar significativamente su calidad de vida gracias a tratamientos como dupilumab de Sanofi.<\/p>\n<p>\u201cEs fundamental alzar la voz por los pacientes que tienen una enfermedad como la dermatitis at\u00f3pica, que puede afectar su vida mucho m\u00e1s all\u00e1 de la piel. Estamos trabajando con el Congreso de la Uni\u00f3n para proclamar el D\u00eda Nacional de la Dermatitis At\u00f3pica y generar conciencia sobre la necesidad de garantizar el acceso al cuidado m\u00e9dico en todo el pa\u00eds\u201d, anunci\u00f3 la Dra. Rossana Llergo, Presidenta de la Fundaci\u00f3n Mexicana para la Dermatolog\u00eda AC (FMD).<\/p>\n<p>El Senado de la Rep\u00fablica aprob\u00f3 en febrero del a\u00f1o pasado el proyecto de decreto para declarar el \u201cD\u00eda Nacional de la Dermatitis At\u00f3pica\u201d el 27 de noviembre. Ahora est\u00e1 pendiente su aprobaci\u00f3n en la C\u00e1mara de Diputados del Congreso de la Uni\u00f3n para hacerlo realidad este a\u00f1o; empero, lo anterior ser\u00e1 motivo de posterior an\u00e1lisis en otra entrega de <strong><em>Hora 14<\/em><\/strong>.<\/p>\n<p><em><a href=\"mailto:%20mauricio_conde@msn.com\" target=\"_blank\" rel=\"noopener noreferrer\">mauricioconde59@outlook.com<\/a><\/em><br \/>\n<em><a href=\"https:\/\/twitter.com\/mauconde007\" target=\"_blank\" rel=\"noopener noreferrer\">@mauconde007<\/a> <\/em><br \/>\n<em><a href=\"https:\/\/mauriciocondeblog.wordpress.com\" target=\"_blank\" rel=\"noopener noreferrer\">https:\/\/mauriciocondeblog.wordpress.com<\/a><\/em><\/p>\n","protected":false},"excerpt":{"rendered":"<p><span style=\"color: #005497;\"><strong>Mauricio Conde Olivares<\/strong><\/span><\/p>\n","protected":false},"author":3,"featured_media":0,"comment_status":"open","ping_status":"open","sticky":false,"template":"","format":"standard","meta":{"_monsterinsights_skip_tracking":false,"_monsterinsights_sitenote_active":false,"_monsterinsights_sitenote_note":"","_monsterinsights_sitenote_category":0,"footnotes":""},"categories":[35889],"tags":[43712,43674,44860],"class_list":["post-503683","post","type-post","status-publish","format-standard","hentry","category-mauricio-conde-olivares","tag-mauricio-conde-olivares","tag-opinion","tag-hora-14"],"_links":{"self":[{"href":"https:\/\/www.diarioimagen.net\/index.php?rest_route=\/wp\/v2\/posts\/503683","targetHints":{"allow":["GET"]}}],"collection":[{"href":"https:\/\/www.diarioimagen.net\/index.php?rest_route=\/wp\/v2\/posts"}],"about":[{"href":"https:\/\/www.diarioimagen.net\/index.php?rest_route=\/wp\/v2\/types\/post"}],"author":[{"embeddable":true,"href":"https:\/\/www.diarioimagen.net\/index.php?rest_route=\/wp\/v2\/users\/3"}],"replies":[{"embeddable":true,"href":"https:\/\/www.diarioimagen.net\/index.php?rest_route=%2Fwp%2Fv2%2Fcomments&post=503683"}],"version-history":[{"count":0,"href":"https:\/\/www.diarioimagen.net\/index.php?rest_route=\/wp\/v2\/posts\/503683\/revisions"}],"wp:attachment":[{"href":"https:\/\/www.diarioimagen.net\/index.php?rest_route=%2Fwp%2Fv2%2Fmedia&parent=503683"}],"wp:term":[{"taxonomy":"category","embeddable":true,"href":"https:\/\/www.diarioimagen.net\/index.php?rest_route=%2Fwp%2Fv2%2Fcategories&post=503683"},{"taxonomy":"post_tag","embeddable":true,"href":"https:\/\/www.diarioimagen.net\/index.php?rest_route=%2Fwp%2Fv2%2Ftags&post=503683"}],"curies":[{"name":"wp","href":"https:\/\/api.w.org\/{rel}","templated":true}]}}