{"id":503749,"date":"2021-04-19T00:04:08","date_gmt":"2021-04-19T05:04:08","guid":{"rendered":"https:\/\/www.diarioimagen.net\/?p=503749"},"modified":"2021-04-19T04:25:05","modified_gmt":"2021-04-19T09:25:05","slug":"prolongacion-aberrante","status":"publish","type":"post","link":"https:\/\/www.diarioimagen.net\/?p=503749","title":{"rendered":"Prolongaci\u00f3n aberrante"},"content":{"rendered":"<h2>Perfil de M\u00e9xico<\/h2>\n<h5>Armando R\u00edos Ruiz<\/h5>\n<p>&nbsp;<\/p>\n<p>Nadie en su sano juicio creer\u00eda lo que el Presidente dice cada vez que se genera un atropello en el Congreso, para aprobar leyes abusivas y siempre orientadas a amenazar con la p\u00e9rdida de la libertad de los ciudadanos. Por regla general suele decir que \u00e9l nada tuvo que ver, cuando los mexicanos saben que es quien ordena a sus lacayos cumplir al pie de la letra sus caprichos.<\/p>\n<p>La semana pasada ha sido la m\u00e1s fruct\u00edfera para el gobierno y la peor para la ciudadan\u00eda en esa materia. Mediante un albazo, los senadores montoneros aprobaron prolongar hasta 2024 el encargo del presidente de la Suprema Corte, con la introducci\u00f3n de un transitorio a la Ley Org\u00e1nica del Poder Judicial, que la oposici\u00f3n \u2014salvo los incondicionales\u2014, no esperaba.<\/p>\n<p>Para verg\u00fcenza, esa reforma fue aprobada adem\u00e1s, por los senadores del PRI, hoy se\u00f1alado como el peor partido que se haya conocido, despu\u00e9s de la actuaci\u00f3n de sus miembros a lo largo de decenas de a\u00f1os, que coronaron el sexenio pasado con una verdadera fiesta de saqueos, de actos de corrupci\u00f3n encabezada por el in\u00fatil, incompetente, ignorante presidente Enrique Pe\u00f1a Nieto.<\/p>\n<p>Hubi\u00e9ramos querido escuchar la voz del Presidente de la Corte, Arturo Zald\u00edvar, con un gesto contundente de amor a M\u00e9xico. De patriota consumado. Incapaz de cometer semejante disparate, orientado a acorralar a los mexicanos para que s\u00f3lo se dediquen a ver callados c\u00f3mo hace el primer mandatario lo que le venga en gana, con un acento indiscutible a su dictadura.<\/p>\n<p>Hubi\u00e9ramos querido escucharlo decir que \u00e9l no pidi\u00f3 una prolongaci\u00f3n de su mandato. Que las reformas a las leyes no son para satisfacer ambiciones de los hombres. Que se sujetar\u00eda a cumplir con su quehacer como lo hicieron los anteriores. Que lo que aprob\u00f3 el Senado es anticonstitucional.<\/p>\n<p>Algunas voces se alzaron para pedirle que no acepte semejante aberraci\u00f3n, que va en detrimento de su figura como jurista y que lo coloca como el consumador de la entrega del Poder Judicial al Presidente, para que de una vez comience la construcci\u00f3n de la dictadura sin ning\u00fan l\u00edmite.<\/p>\n<p>Ha permanecido callado, en clara aceptaci\u00f3n de quedarse a realizar los sue\u00f1os de su patr\u00f3n, a poco m\u00e1s de un mes de los comicios m\u00e1s importantes de la historia, en los que muchos imaginan que contribuir\u00e1 a avalar cualquier fraude ya ideado por los flamantes morenistas, \u00e1vidos de satisfacer los deseos de su jefe.<\/p>\n<p>Pero todo ir\u00eda m\u00e1s all\u00e1. Luego de ganar las elecciones, vendr\u00edan las reformas a la m\u00e1xima ley, para permitir el empoderamiento que ning\u00fan mandatario mexicano haya tenido jam\u00e1s, pese a que se trata del Presidente m\u00e1s caprichoso. M\u00e1s mentiroso. M\u00e1s ambicioso de poder.<\/p>\n<p>\u00bfQui\u00e9n puede salvar a M\u00e9xico? \u00danicamente los mexicanos conscientes de lo que ocurre cada d\u00eda. No los simpatizantes denominados chairos, sin la menor capacidad siquiera para enterarse del acontecer de cada d\u00eda. Dispuestos inclusive a no informarse, para no tener elementos que los conduzcan a juzgar al mandatario. Eso ser\u00eda un pecado.<\/p>\n<p>Los que hayan adquirido conciencia de lo que ocurre en M\u00e9xico desde 2018 y est\u00e9n decididos a ir a las urnas a impedir que las cosas contin\u00faen como hasta hoy, que por gracia de una persona se dilapida el dinero de los mexicanos. Se regala a gente in\u00fatil y se despilfarra como regalo a otros pa\u00edses de Am\u00e9rica, que forman parte del Foro de Sao Paulo.<\/p>\n<p>Los que ya est\u00e9n conscientes de que, de seguir como hasta hoy, m\u00e1s temprano que tarde seremos limosneros. Como ocurre en Venezuela, otrora el pa\u00eds m\u00e1s rico de Am\u00e9rica Latina, cuyos habitantes han salido de su pa\u00eds a dar l\u00e1stima. En todas partes est\u00e1n con sus familias abarrotando las calles y estirando la mano para que la gente los ayude con su misericordia.<\/p>\n<p>El Presidente declar\u00f3 que est\u00e1 de acuerdo con la nueva condici\u00f3n de la Corte. \u00bfC\u00f3mo no iba a estarlo? Tambi\u00e9n debe brincar de gusto con el padr\u00f3n telef\u00f3nico. Contribuir\u00e1 con lo anterior. Pero amerita otra columna.<\/p>\n<p><a href=\"mailto:ariosruiz@gmail.com\" target=\"_blank\" rel=\"noopener noreferrer\"><em>ariosruiz@gmail.com<\/em><\/a><\/p>\n","protected":false},"excerpt":{"rendered":"<p><span style=\"color: #005497;\"><strong>Armando R\u00edos Ruiz<\/strong><\/span><\/p>\n","protected":false},"author":3,"featured_media":0,"comment_status":"open","ping_status":"open","sticky":false,"template":"","format":"standard","meta":{"_monsterinsights_skip_tracking":false,"_monsterinsights_sitenote_active":false,"_monsterinsights_sitenote_note":"","_monsterinsights_sitenote_category":0,"footnotes":""},"categories":[88405],"tags":[88407,43674,91193],"class_list":["post-503749","post","type-post","status-publish","format-standard","hentry","category-armando-rios-ruiz","tag-armando-rios-ruiz","tag-opinion","tag-perfil-de-mexico"],"_links":{"self":[{"href":"https:\/\/www.diarioimagen.net\/index.php?rest_route=\/wp\/v2\/posts\/503749","targetHints":{"allow":["GET"]}}],"collection":[{"href":"https:\/\/www.diarioimagen.net\/index.php?rest_route=\/wp\/v2\/posts"}],"about":[{"href":"https:\/\/www.diarioimagen.net\/index.php?rest_route=\/wp\/v2\/types\/post"}],"author":[{"embeddable":true,"href":"https:\/\/www.diarioimagen.net\/index.php?rest_route=\/wp\/v2\/users\/3"}],"replies":[{"embeddable":true,"href":"https:\/\/www.diarioimagen.net\/index.php?rest_route=%2Fwp%2Fv2%2Fcomments&post=503749"}],"version-history":[{"count":0,"href":"https:\/\/www.diarioimagen.net\/index.php?rest_route=\/wp\/v2\/posts\/503749\/revisions"}],"wp:attachment":[{"href":"https:\/\/www.diarioimagen.net\/index.php?rest_route=%2Fwp%2Fv2%2Fmedia&parent=503749"}],"wp:term":[{"taxonomy":"category","embeddable":true,"href":"https:\/\/www.diarioimagen.net\/index.php?rest_route=%2Fwp%2Fv2%2Fcategories&post=503749"},{"taxonomy":"post_tag","embeddable":true,"href":"https:\/\/www.diarioimagen.net\/index.php?rest_route=%2Fwp%2Fv2%2Ftags&post=503749"}],"curies":[{"name":"wp","href":"https:\/\/api.w.org\/{rel}","templated":true}]}}