{"id":503842,"date":"2021-04-20T00:03:16","date_gmt":"2021-04-20T05:03:16","guid":{"rendered":"https:\/\/www.diarioimagen.net\/?p=503842"},"modified":"2021-04-20T03:17:35","modified_gmt":"2021-04-20T08:17:35","slug":"buena-aceptacion-hacia-ana-balderas-en-el-distrito-14-del-estado-de-mexico","status":"publish","type":"post","link":"https:\/\/www.diarioimagen.net\/?p=503842","title":{"rendered":"Buena aceptaci\u00f3n hacia Ana Balderas en el Distrito 14 del Estado de M\u00e9xico"},"content":{"rendered":"<p>&nbsp;<\/p>\n<ul>\n<li><strong><em>Postulada por \u201cVa por M\u00e9xico\u201d<\/em><\/strong><\/li>\n<\/ul>\n<p>&nbsp;<\/p>\n<div id=\"attachment_503940\" style=\"width: 470px\" class=\"wp-caption aligncenter\"><a href=\"https:\/\/www.diarioimagen.net\/?attachment_id=503940\" rel=\"attachment wp-att-503940\"><img loading=\"lazy\" decoding=\"async\" aria-describedby=\"caption-attachment-503940\" class=\"size-full wp-image-503940\" src=\"https:\/\/www.diarioimagen.net\/wp-content\/uploads\/2021\/04\/CAMACHO20-c.jpg\" alt=\"\" width=\"460\" height=\"270\" \/><\/a><p id=\"caption-attachment-503940\" class=\"wp-caption-text\">La candidata Ana Balderas visit\u00f3 Tlalnepantla de Baz, justamente el poblado de San Pedro Barrientos, y ah\u00ed pudo conocer la realidad de muchas familias.<\/p><\/div>\n<p>&nbsp;<\/p>\n<p><strong>Tlalnepantla, Estado de M\u00e9xico<\/strong>.- En sus visitas a los municipios que conforman el territorio por el que le corresponde legislar, la postulada de \u2018Va por M\u00e9xico\u2019, coalici\u00f3n que forman PAN-PRI-PRD, es notoria la empat\u00eda que tiene con amas de casa y jefes de familia.<\/p>\n<p>El fin de semana, Ana Balderas visit\u00f3 Tlalnepantla de Baz, justamente el poblado de San Pedro Barrientos, y ah\u00ed pudo conocer la realidad de muchas familias, el estado de abandono en que se encuentran con el actual gobierno municipal. Entre las carencias expuestas, destacan el aumento en la inseguridad, el desempleo, la falta de apoyos; guarder\u00edas y estancias infantiles, calles descuidadas e ineficiente alumbrado p\u00fablico, lo que favorece a la delincuencia. Como lo ha realizado estas dos semanas, la abanderada de Va por M\u00e9xico no deja casa sin tocar para exponer a los electores su plan de trabajo.<\/p>\n<p>Se detiene en las calles a platicar con los residentes de las diferentes colonias que ha visitado, en una interacci\u00f3n que es muy bien recibida la poblaci\u00f3n. As\u00ed, comerciantes, empleadas, mec\u00e1nicos, obreros, mam\u00e1s solteras o abuelitos la han expuesto sus demandas y ella corresponde explicando c\u00f3mo va a proceder en el Congreso Federal a fin de mejorar la calidad de vida de los mexiquenses. Por la tarde, Ana Balderas Trejo recibi\u00f3 el respaldo de diferentes l\u00edderes sociales de con los que se reuni\u00f3n.<\/p>\n","protected":false},"excerpt":{"rendered":"<p>En sus visitas a los municipios que conforman el territorio por el que le corresponde legislar, la postulada de \u2018Va por M\u00e9xico\u2019, coalici\u00f3n que forman PAN-PRI-PRD, es notoria la empat\u00eda que tiene con amas de casa y jefes de familia.<\/p>\n","protected":false},"author":3,"featured_media":503940,"comment_status":"open","ping_status":"open","sticky":false,"template":"","format":"standard","meta":{"_monsterinsights_skip_tracking":false,"_monsterinsights_sitenote_active":false,"_monsterinsights_sitenote_note":"","_monsterinsights_sitenote_category":0,"footnotes":""},"categories":[5],"tags":[43675,91,169,92788],"class_list":["post-503842","post","type-post","status-publish","format-standard","has-post-thumbnail","hentry","category-estado-de-mexico","tag-estado-de-mexico","tag-pan","tag-tlalnepantla","tag-va-por-mexico"],"_links":{"self":[{"href":"https:\/\/www.diarioimagen.net\/index.php?rest_route=\/wp\/v2\/posts\/503842","targetHints":{"allow":["GET"]}}],"collection":[{"href":"https:\/\/www.diarioimagen.net\/index.php?rest_route=\/wp\/v2\/posts"}],"about":[{"href":"https:\/\/www.diarioimagen.net\/index.php?rest_route=\/wp\/v2\/types\/post"}],"author":[{"embeddable":true,"href":"https:\/\/www.diarioimagen.net\/index.php?rest_route=\/wp\/v2\/users\/3"}],"replies":[{"embeddable":true,"href":"https:\/\/www.diarioimagen.net\/index.php?rest_route=%2Fwp%2Fv2%2Fcomments&post=503842"}],"version-history":[{"count":0,"href":"https:\/\/www.diarioimagen.net\/index.php?rest_route=\/wp\/v2\/posts\/503842\/revisions"}],"wp:featuredmedia":[{"embeddable":true,"href":"https:\/\/www.diarioimagen.net\/index.php?rest_route=\/wp\/v2\/media\/503940"}],"wp:attachment":[{"href":"https:\/\/www.diarioimagen.net\/index.php?rest_route=%2Fwp%2Fv2%2Fmedia&parent=503842"}],"wp:term":[{"taxonomy":"category","embeddable":true,"href":"https:\/\/www.diarioimagen.net\/index.php?rest_route=%2Fwp%2Fv2%2Fcategories&post=503842"},{"taxonomy":"post_tag","embeddable":true,"href":"https:\/\/www.diarioimagen.net\/index.php?rest_route=%2Fwp%2Fv2%2Ftags&post=503842"}],"curies":[{"name":"wp","href":"https:\/\/api.w.org\/{rel}","templated":true}]}}