{"id":503846,"date":"2021-04-20T00:01:38","date_gmt":"2021-04-20T05:01:38","guid":{"rendered":"https:\/\/www.diarioimagen.net\/?p=503846"},"modified":"2021-04-20T03:20:55","modified_gmt":"2021-04-20T08:20:55","slug":"unidos-y-fuertes-demostramos-que-si-hay-de-otra-ivan-rodriguez","status":"publish","type":"post","link":"https:\/\/www.diarioimagen.net\/?p=503846","title":{"rendered":"Unidos y fuertes demostramos que s\u00ed hay de otra: Iv\u00e1n Rodr\u00edguez\u00a0"},"content":{"rendered":"<p>&nbsp;<\/p>\n<p><a href=\"https:\/\/www.diarioimagen.net\/?attachment_id=503945\" rel=\"attachment wp-att-503945\"><img loading=\"lazy\" decoding=\"async\" class=\"aligncenter size-full wp-image-503945\" src=\"https:\/\/www.diarioimagen.net\/wp-content\/uploads\/2021\/04\/CAMACHO20-d.jpg\" alt=\"\" width=\"460\" height=\"270\" \/><\/a><\/p>\n<p>&nbsp;<\/p>\n<p><strong>Naucalpan, Estado de M\u00e9xico<\/strong><strong>.\u2013<\/strong> El candidato Iv\u00e1n Rodr\u00edguez, en su la segunda semana de campa\u00f1a por la candidatura del Distrito 22, recorri\u00f3 distintas colonias, tianguis y comercios, acompa\u00f1ado del presidente de Partido Acci\u00f3n Nacional en Naucalpan Pedro Fontaine, donde se escuchan sus propuestas para un nuevo rumbo para nuestro pa\u00eds porque si hay de otra.<\/p>\n","protected":false},"excerpt":{"rendered":"<p>El candidato Iv\u00e1n Rodr\u00edguez, en su la segunda semana de campa\u00f1a por la candidatura del Distrito 22, recorri\u00f3 distintas colonias, tianguis y comercios, acompa\u00f1ado del presidente de Partido Acci\u00f3n Nacional en Naucalpan Pedro Fontaine, donde se escuchan sus propuestas para un nuevo rumbo para nuestro pa\u00eds porque si hay de otra.<\/p>\n","protected":false},"author":3,"featured_media":503945,"comment_status":"open","ping_status":"open","sticky":false,"template":"","format":"standard","meta":{"_monsterinsights_skip_tracking":false,"_monsterinsights_sitenote_active":false,"_monsterinsights_sitenote_note":"","_monsterinsights_sitenote_category":0,"footnotes":""},"categories":[5],"tags":[92789,43675,970],"class_list":["post-503846","post","type-post","status-publish","format-standard","has-post-thumbnail","hentry","category-estado-de-mexico","tag-distrito-22","tag-estado-de-mexico","tag-naucalpan"],"_links":{"self":[{"href":"https:\/\/www.diarioimagen.net\/index.php?rest_route=\/wp\/v2\/posts\/503846","targetHints":{"allow":["GET"]}}],"collection":[{"href":"https:\/\/www.diarioimagen.net\/index.php?rest_route=\/wp\/v2\/posts"}],"about":[{"href":"https:\/\/www.diarioimagen.net\/index.php?rest_route=\/wp\/v2\/types\/post"}],"author":[{"embeddable":true,"href":"https:\/\/www.diarioimagen.net\/index.php?rest_route=\/wp\/v2\/users\/3"}],"replies":[{"embeddable":true,"href":"https:\/\/www.diarioimagen.net\/index.php?rest_route=%2Fwp%2Fv2%2Fcomments&post=503846"}],"version-history":[{"count":0,"href":"https:\/\/www.diarioimagen.net\/index.php?rest_route=\/wp\/v2\/posts\/503846\/revisions"}],"wp:featuredmedia":[{"embeddable":true,"href":"https:\/\/www.diarioimagen.net\/index.php?rest_route=\/wp\/v2\/media\/503945"}],"wp:attachment":[{"href":"https:\/\/www.diarioimagen.net\/index.php?rest_route=%2Fwp%2Fv2%2Fmedia&parent=503846"}],"wp:term":[{"taxonomy":"category","embeddable":true,"href":"https:\/\/www.diarioimagen.net\/index.php?rest_route=%2Fwp%2Fv2%2Fcategories&post=503846"},{"taxonomy":"post_tag","embeddable":true,"href":"https:\/\/www.diarioimagen.net\/index.php?rest_route=%2Fwp%2Fv2%2Ftags&post=503846"}],"curies":[{"name":"wp","href":"https:\/\/api.w.org\/{rel}","templated":true}]}}