{"id":503878,"date":"2021-04-20T00:01:51","date_gmt":"2021-04-20T05:01:51","guid":{"rendered":"https:\/\/www.diarioimagen.net\/?p=503878"},"modified":"2021-04-20T01:41:21","modified_gmt":"2021-04-20T06:41:21","slug":"asuntos-peligrosos","status":"publish","type":"post","link":"https:\/\/www.diarioimagen.net\/?p=503878","title":{"rendered":"Asuntos peligrosos"},"content":{"rendered":"<h2>De pe a pa<\/h2>\n<h5>Alberto Vieyra G.<\/h5>\n<p>&nbsp;<\/p>\n<p>La regresiva reforma de AMLO que pone a M\u00e9xico en la era de la <em>4T cardenista<\/em> y en la antesala de una nueva dictadura comunista, va en caliente. Hay prisa, mucha prisa por concretarla r\u00e1pido. D\u00eda tras d\u00eda, la Constituci\u00f3n y las leyes que de ella emanan y que jur\u00f3 cumplir AMLO, son sometidas a la destrucci\u00f3n para hacer que el poder lo sustente en manos de un solo hombre llamado Andr\u00e9s Manuel L\u00f3pez Obrador.<\/p>\n<p>La semana pasada, AMLO dio un golpe de Estado en el Poder Judicial que estar\u00e1 a sus pies hasta 2024 o hasta que a \u00e9l se le pegue la gana retirarse a <em>La Chingada<\/em>, es decir a su rancho \u00bfo al exilio?&#8230;<\/p>\n<p>Cuando sin decir agua va, el Senado reform\u00f3 a la hora en que salen los espantos la ley org\u00e1nica del Poder Judicial para que el actual ministro de la Corte, Arturo Zald\u00edvar Lelo de Larrea se siga 2 a\u00f1os m\u00e1s, hasta 2024, bajo la tir\u00e1nica mentira de que AMLO tiene confianza en que sea \u00e9l quien realice la reforma al Poder Judicial de M\u00e9xico. Y ahora, \u00bfqui\u00e9n podr\u00e1 defendernos de la tiran\u00eda amlista?&#8230;<\/p>\n<p>Quienes impugnen la inconstitucional reforma de AMLO a la ley org\u00e1nica del Poder Judicial de la Federaci\u00f3n no dudan en que se viol\u00f3 el art\u00edculo 97 constitucional en su p\u00e1rrafo cuarto. \u00bfQui\u00e9n dir\u00e1 que fue inconstitucional, toda vez que el ministro Arturo Zald\u00edvar ser\u00e1 juez y parte? \u00bfPues no que el buen juez, por su casa empieza?<\/p>\n<p>Los mexicanos que estamos a punto de que nos pongan la bota en el pescuezo, tendremos que recurrir a las Cortes Internacionales para ventilar \u00e9ste atraco del poder, preludio de una reelecci\u00f3n presidencial o dictadura populista, aunque AMLO diga de dientes pa\u00b4fuera que \u201c\u00e9l acatar\u00e1 lo que diga el pueblo despu\u00e9s de la revocaci\u00f3n de mandato en 2023\u201d.<\/p>\n<p>\u00bfUsted le cree todav\u00eda? Yo, no. \u00bfPor qu\u00e9, ser\u00e9 un incr\u00e9dulo? No mire usted. El polit\u00f3logo Luis Estrada y la organizaci\u00f3n Signos Vitales, le contabilizan a AMLO casi 46 mil mentiras en lo que va de su desgobierno, a raz\u00f3n de 80 mentiras por cada ma\u00f1anera. <em>The Washington Post<\/em> le contabiliz\u00f3 al populista, Donald Trump 23 mil mentiras, que est\u00e1 a punto de duplicar otro populista llamado AMLO. Este un tema digno de todo an\u00e1lisis en pr\u00f3xima entrega. Por ahora, tome usted nota de este asunto no menos peligroso que los anteriores.<\/p>\n<p>Los t\u00edteres legisladores morenistas de AMLO acaban de aprobar en el Senado que m\u00e1s de 120 millones de mexicanos que poseemos un tel\u00e9fono celular, tendremos que sujetarnos a un fascistoide padr\u00f3n que contendr\u00e1, cuanto menos, nombre y apellidos, Clave \u00danica de Registro de Poblaci\u00f3n (CURP), fotograf\u00eda, lugar de nacimiento, firma, huella dactilar, iris y voz de todos los mexicanos. En pocas palabras, AMLO nos quiere fichar a todos los mexicanos. \u00bfPara qu\u00e9? Ya sali\u00f3 el peine bien r\u00e1pido. El nuevo registro de identidad en M\u00e9xico, que seg\u00fan AMLO, se har\u00e1 por seguridad, no dice de qui\u00e9n, ese trabajito se lo encomendar\u00e1n a la empresa venezolana, <strong><em>SmartMatic<\/em><\/strong>, s\u00ed es una empresa especializada en fraudes electorales fundada por Hugo Ch\u00e1vez, Fidel Castro y la Inteligencia Cubana actualmente con apoyo de Rusia y China. Por ende, las elecciones en M\u00e9xico ser\u00e1n de puro parapeto porque ellos podr\u00e1n votar por usted, porque incluso tendr\u00e1n su huella digital para comprobarlo, una vez consumado ese atraco quedar\u00e1 establecido por muchos a\u00f1os una dictadura Socialista en M\u00e9xico y recuerde para ellos \u00a1no importa quien vote, sino quien cuenta los votos!<\/p>\n<p>Por todo ello, vale la pena que los mexicanos no nos sigamos echando la soga al cuello en las pr\u00f3ximas elecciones federales votando por irracionales que violan la Constituci\u00f3n.<\/p>\n<p><a href=\"mailto:info@agenciamn.com\" target=\"_blank\" rel=\"noopener noreferrer\"><em>info@agenciamn.com<\/em><\/a><\/p>\n","protected":false},"excerpt":{"rendered":"<p><span style=\"color: #005497;\"><strong>Alberto Vieyra G.<\/strong><\/span><\/p>\n","protected":false},"author":3,"featured_media":0,"comment_status":"open","ping_status":"open","sticky":false,"template":"","format":"standard","meta":{"_monsterinsights_skip_tracking":false,"_monsterinsights_sitenote_active":false,"_monsterinsights_sitenote_note":"","_monsterinsights_sitenote_category":0,"footnotes":""},"categories":[4596],"tags":[43697,4597,43674],"class_list":["post-503878","post","type-post","status-publish","format-standard","hentry","category-alberto-vieyra-g","tag-alberto-vieyra-g","tag-de-pe-a-pa","tag-opinion"],"_links":{"self":[{"href":"https:\/\/www.diarioimagen.net\/index.php?rest_route=\/wp\/v2\/posts\/503878","targetHints":{"allow":["GET"]}}],"collection":[{"href":"https:\/\/www.diarioimagen.net\/index.php?rest_route=\/wp\/v2\/posts"}],"about":[{"href":"https:\/\/www.diarioimagen.net\/index.php?rest_route=\/wp\/v2\/types\/post"}],"author":[{"embeddable":true,"href":"https:\/\/www.diarioimagen.net\/index.php?rest_route=\/wp\/v2\/users\/3"}],"replies":[{"embeddable":true,"href":"https:\/\/www.diarioimagen.net\/index.php?rest_route=%2Fwp%2Fv2%2Fcomments&post=503878"}],"version-history":[{"count":0,"href":"https:\/\/www.diarioimagen.net\/index.php?rest_route=\/wp\/v2\/posts\/503878\/revisions"}],"wp:attachment":[{"href":"https:\/\/www.diarioimagen.net\/index.php?rest_route=%2Fwp%2Fv2%2Fmedia&parent=503878"}],"wp:term":[{"taxonomy":"category","embeddable":true,"href":"https:\/\/www.diarioimagen.net\/index.php?rest_route=%2Fwp%2Fv2%2Fcategories&post=503878"},{"taxonomy":"post_tag","embeddable":true,"href":"https:\/\/www.diarioimagen.net\/index.php?rest_route=%2Fwp%2Fv2%2Ftags&post=503878"}],"curies":[{"name":"wp","href":"https:\/\/api.w.org\/{rel}","templated":true}]}}