{"id":503882,"date":"2021-04-20T00:04:22","date_gmt":"2021-04-20T05:04:22","guid":{"rendered":"https:\/\/www.diarioimagen.net\/?p=503882"},"modified":"2021-04-20T01:44:36","modified_gmt":"2021-04-20T06:44:36","slug":"violencia-politica-2","status":"publish","type":"post","link":"https:\/\/www.diarioimagen.net\/?p=503882","title":{"rendered":"Violencia pol\u00edtica"},"content":{"rendered":"<h2>Punto por punto<\/h2>\n<h5>Augusto Corro<\/h5>\n<p>&nbsp;<\/p>\n<p>La violencia pol\u00edtica se encuentra presente en el proceso electoral 2021. Para nadie es una sorpresa que la lucha pol\u00edtica se manifieste con acciones criminales.<\/p>\n<p>En algunos casos se trata de la pugna por el poder entre los candidatos; y en otras circunstancias se registra la intervenci\u00f3n de la delincuencia organizada.<\/p>\n<p>Los grupos criminales aprovechan la ocasi\u00f3n para imponer a su gente incondicional sin importarle los medios violentos o pasivos.<\/p>\n<p>En d\u00edas recientes, las autoridades registraron 68 pol\u00edticos o funcionarios de gobierno asesinados, en diferentes lugares del territorio nacional.<\/p>\n<p>S\u00f3lo por debajo de la elecci\u00f3n de 2018, cuando a estas alturas de la contienda, el n\u00famero de muertos era de 84.<\/p>\n<p>En algunas entidades la lucha pol\u00edtica por el territorio es m\u00e1s intensa. Nos referimos a las zonas donde es may\u00fascula la presencia del narcotr\u00e1fico.<\/p>\n<p>Por ejemplo, no ser\u00eda extra\u00f1o que se intensifique la acci\u00f3n criminal de los c\u00e1rteles de la droga en Guerrero, Michoac\u00e1n, Tamaulipas, Jalisco, Sonora, San Luis Potos\u00ed, Sinaloa y Guanajuato.<\/p>\n<p>En Guerrero, la contienda electoral ser\u00e1 complicada en una entidad donde proliferan las bandas criminales.<\/p>\n<p>En Michoac\u00e1n, la poblaci\u00f3n vive condiciones de violencia similares a las de Guerrero y Guanajuato.<\/p>\n<p>En fin, las autoridades tendr\u00e1n que ponerse las pilas para evitar que se multipliquen los hechos cruentos en esta temporada electoral.<\/p>\n<p style=\"text-align: center;\"><strong>El problema migratorio<\/strong><\/p>\n<p>A la fecha, el problema migratorio en M\u00e9xico contin\u00faa como siempre, es decir sin soluci\u00f3n.<\/p>\n<p>El pr\u00f3ximo jueves los presidentes Andr\u00e9s Manuel L\u00f3pez y Joe Biden, de Estados Unidos, sostendr\u00e1n un encuentro virtual.<\/p>\n<p>El mandatario mexicano le plantear\u00e1 al estadounidense la ampliaci\u00f3n del programa Sembrando Vida, que se lleva a cabo en M\u00e9xico, en pa\u00edses centroamericanos.<\/p>\n<p>Se trata de siembra de cedro y de ceiba que se da en la regi\u00f3n centroamericana: \u201ces madera que, si se da con millones de \u00e1rboles, vamos a dar tambi\u00e9n millones de empleos\u201d.<\/p>\n<p>Se trata, pues, de una medida para evitar la migraci\u00f3n de los hondure\u00f1os, salvadore\u00f1os y guatemaltecos, que dejan sus lugares de origen para buscar mejores condiciones de vida, principalmente en EU.<\/p>\n<p>El presidente L\u00f3pez Obrador detall\u00f3 que la propuesta a Biden de ampliar el citado programa va acompa\u00f1ada de \u201cla oferta de que si un productor en Guatemala, Salvador , Honduras, trabaja su tierra, participa en el\u00a0 programa, siembra, planta \u00e1rboles, est\u00e1 trabajando tres a\u00f1os recibiendo apoyo (\u2026) ya tengan derecho a una visa de trabajo temporal para ir a Estados Unidos seis meses y regresar seis meses a sus pueblos\u201d.<\/p>\n<p>En teor\u00eda, el planteamiento del mandatario mexicano funcionar\u00eda, pero parcialmente. El problema migratorio es de dimensiones descomunales.\u00a0 No es un conflicto rural, que s\u00f3lo afecte a la gente del campo.<\/p>\n<p>La falta de empleo y seguridad son dos asuntos que tienen en jaque a la poblaci\u00f3n de las ciudades.<\/p>\n<p>Se requiere de mayor inter\u00e9s de los gobiernos de M\u00e9xico, Estados Unidos, Honduras, El Salvador y Guatemala, para enfrentar decididamente el problema migratorio, que cada d\u00eda se vuelve m\u00e1s dif\u00edcil de resolver.<\/p>\n<p>Mientras, las caravanas de migrantes contin\u00faan sus viajes en territorio mexicano expuestas a un sinn\u00famero de peligros y acciones criminales en las que participan los grupos del crimen organizado.<\/p>\n<p style=\"text-align: center;\"><strong>Atropello a derechos humanos<\/strong><\/p>\n<p>El Partido de la Revoluci\u00f3n Democr\u00e1tica (PRD) en la Ciudad de M\u00e9xico conden\u00f3 en\u00e9rgicamente \u201cel flagrante atropello\u201d a los derechos humanos de adultos mayores, mujeres embarazadas y personas con discapacidad que recib\u00edan atenci\u00f3n domiciliaria\u201d.<\/p>\n<p>La presidenta del PRD capitalino, Nora Arias Contreras, denunci\u00f3 que durante casi tres a\u00f1os, el gobierno de Claudia Sheinbaum Pardo violent\u00f3 los derechos de los capitalinos, al incumplir con la ley de \u201cEl M\u00e9dico en Tu Casa\u201d.<\/p>\n<p>Dijo tambi\u00e9n que Sheinbaum Pardo hizo caso omiso a este programa que est\u00e1 reconocido como ley. Simplemente lo vet\u00f3 y no lo incluy\u00f3 en el presupuesto para su operaci\u00f3n, a\u00fan y cuando demostr\u00f3 su efectividad y de gran apoyo para la poblaci\u00f3n.<\/p>\n<p>\u00bfUsted qu\u00e9 opina amable lector?<\/p>\n<p><a href=\"mailto:aco2742@hotmail.com\" target=\"_blank\" rel=\"noopener noreferrer\"><em>aco2742@hotmail.com<\/em><\/a><\/p>\n","protected":false},"excerpt":{"rendered":"<p><span style=\"color: #005497;\"><strong>Augusto Corro<\/strong><\/span><\/p>\n","protected":false},"author":3,"featured_media":0,"comment_status":"open","ping_status":"open","sticky":false,"template":"","format":"standard","meta":{"_monsterinsights_skip_tracking":false,"_monsterinsights_sitenote_active":false,"_monsterinsights_sitenote_note":"","_monsterinsights_sitenote_category":0,"footnotes":""},"categories":[157],"tags":[43686,43674,11515],"class_list":["post-503882","post","type-post","status-publish","format-standard","hentry","category-augusto-corro","tag-augusto-corro","tag-opinion","tag-punto-por-punto"],"_links":{"self":[{"href":"https:\/\/www.diarioimagen.net\/index.php?rest_route=\/wp\/v2\/posts\/503882","targetHints":{"allow":["GET"]}}],"collection":[{"href":"https:\/\/www.diarioimagen.net\/index.php?rest_route=\/wp\/v2\/posts"}],"about":[{"href":"https:\/\/www.diarioimagen.net\/index.php?rest_route=\/wp\/v2\/types\/post"}],"author":[{"embeddable":true,"href":"https:\/\/www.diarioimagen.net\/index.php?rest_route=\/wp\/v2\/users\/3"}],"replies":[{"embeddable":true,"href":"https:\/\/www.diarioimagen.net\/index.php?rest_route=%2Fwp%2Fv2%2Fcomments&post=503882"}],"version-history":[{"count":0,"href":"https:\/\/www.diarioimagen.net\/index.php?rest_route=\/wp\/v2\/posts\/503882\/revisions"}],"wp:attachment":[{"href":"https:\/\/www.diarioimagen.net\/index.php?rest_route=%2Fwp%2Fv2%2Fmedia&parent=503882"}],"wp:term":[{"taxonomy":"category","embeddable":true,"href":"https:\/\/www.diarioimagen.net\/index.php?rest_route=%2Fwp%2Fv2%2Fcategories&post=503882"},{"taxonomy":"post_tag","embeddable":true,"href":"https:\/\/www.diarioimagen.net\/index.php?rest_route=%2Fwp%2Fv2%2Ftags&post=503882"}],"curies":[{"name":"wp","href":"https:\/\/api.w.org\/{rel}","templated":true}]}}