{"id":503895,"date":"2021-04-20T00:08:06","date_gmt":"2021-04-20T05:08:06","guid":{"rendered":"https:\/\/www.diarioimagen.net\/?p=503895"},"modified":"2021-04-20T01:55:36","modified_gmt":"2021-04-20T06:55:36","slug":"yunes-venganza-politica-en-mi-contra","status":"publish","type":"post","link":"https:\/\/www.diarioimagen.net\/?p=503895","title":{"rendered":"Yunes: venganza pol\u00edtica en mi contra"},"content":{"rendered":"<h2>Clase Pol\u00edtica<\/h2>\n<h5>Miguel \u00c1ngel Rivera<\/h5>\n<p>&nbsp;<\/p>\n<p>\u201cAqu\u00ed estoy, a sus \u00f3rdenes\u201d, respondi\u00f3 el ex gobernador de Veracruz Miguel \u00c1ngel Yunes Linares, al anuncio de la Fiscal\u00eda General de la Rep\u00fablica (FGR), de que se abri\u00f3 una investigaci\u00f3n en su contra por presuntos delitos cometidos durante su paso por la direcci\u00f3n general del Instituto de Seguridad y Servicios Sociales de los Trabajadores del Estado (ISSSTE).<\/p>\n<p>\u201cEs totalmente reprobable que \u00f3rganos del Estado mexicano se usen para perseguir a adversarios o para cobrar afrentas pol\u00edticas, o -peor a\u00fan- para vaciar odios. Eso es propio de las dictaduras, no de las democracias\u201d, escribi\u00f3 Yunes Linares en un comunicado donde responde al anuncio de la FGR, a cargo de Alejandro Gertz Manero, de que se espera un informe de la actual directiva del ISSSTE para proceder contra el ex director.<\/p>\n<p>\u201cNo es casual que la denuncia de la UIF se <strong><em>filtre<\/em><\/strong> en plena campa\u00f1a electoral y que -aunque yo no participo en actividades pol\u00edticas- la misma sea la punta de lanza en una estrategia para lastimar a dos de mis hijos que decidieron hacer carrera en el sector p\u00fablico, uno de ellos como candidato en esta etapa de elecciones y el otro como alcalde en funciones de la Ciudad de Veracruz\u201d, sostuvo el ex gobernador quien a lo largo de su carrera pol\u00edtica, primero en el PRI y luego en el PAN, ha dejado constancia de fuerte car\u00e1cter y de no admitir cr\u00edticas en su contra.<\/p>\n<p>Por su formaci\u00f3n como abogado y por su paso por instituciones de seguridad p\u00fablica, entre las cuales est\u00e1n el haber sido subsecretario de Seguridad P\u00fablica y secretario ejecutivo de la Sistema Nacional de Seguridad P\u00fablica, Yunes Linares tambi\u00e9n conoce los procedimientos jur\u00eddicos y por ello, en su respuesta a la denuncia de la FGR, tambi\u00e9n manifest\u00f3: \u201cMe declaro a la disposici\u00f3n de la Fiscal\u00eda General de la Rep\u00fablica, instituci\u00f3n que -estoy seguro- me solicitar\u00e1 informaci\u00f3n, misma que entregar\u00e9 de inmediato\u201d.<\/p>\n<p>En su comunicado, el ex mandatario veracruzano record\u00f3 que \u201ctoda mi gesti\u00f3n como director general fue auditada tanto por los \u00f3rganos internos de auditor\u00eda, como por la Auditor\u00eda Superior de la Federaci\u00f3n dependiente de la C\u00e1mara de Diputados, y por la Secretar\u00eda de la Funci\u00f3n P\u00fablica, sin que se advirtiera en la misma ninguna irregularidad.<\/p>\n<p>\u201cNunca fui requerido por ninguna autoridad por temas relativos a mi gesti\u00f3n como director general del ISSSTE porque siempre actu\u00e9 con base en la Ley.<\/p>\n<p>\u201cHoy, 11 a\u00f1os y dos meses despu\u00e9s, en pleno proceso electoral, se inicia una investigaci\u00f3n como consecuencia de una denuncia interpuesta por la UIF, instituci\u00f3n que sac\u00f3 del bote de la basura dos denuncias interpuestas hace varios a\u00f1os por dos conocidos pillos y respecto de las cuales la entonces Procuradur\u00eda General de la Rep\u00fablica se pronunci\u00f3 oportunamente determinando el no ejercicio de la acci\u00f3n penal, por la simple raz\u00f3n de que no hay ning\u00fan delito que perseguir\u201d.<\/p>\n<p style=\"text-align: center;\"><strong>Una vieja rencilla y un <\/strong><strong>debate que no se dio<\/strong><\/p>\n<p>El se\u00f1alamiento de Yunes en el sentido de que las instituciones del Estado mexicano se usan para perseguir a adversarios o para cobrar afrentas pol\u00edticas seguramente tiene su antecedente en el enfrentamiento que tuvo con Andr\u00e9s Manuel L\u00f3pez Obrador cuando era gobernador y el ahora Presidente realizaba su tercera campa\u00f1a electoral.<\/p>\n<p>A su paso por Veracruz, el fundador y candidato del Movimiento Regeneraci\u00f3n Nacional (Morena) aprovech\u00f3 para lanzarse contra el PAN en respaldo del candidato de su organizaci\u00f3n, Cuitl\u00e1huac Garc\u00eda Jim\u00e9nez, quien a la postre result\u00f3 triunfador y tom\u00f3 posesi\u00f3n en relevo de Yunes Linares el mismo d\u00eda en que L\u00f3pez Obrador rindi\u00f3 protesta como Presidente de la Rep\u00fablica.<\/p>\n<p>AMLO acus\u00f3 al gobernador panista de nepotismo, por las aspiraciones de sus hijos, Miguel \u00c1ngel y Fernando Yunes M\u00e1rquez, de sustituirlo en el cargo de gobernador el primero (perdi\u00f3)y el otro ser presidente municipal de Veracruz (lo cual consigui\u00f3) y adem\u00e1s lo critic\u00f3 por la supuesta compra de un reloj con valor de m\u00e1s de seis millones de pesos.<\/p>\n<p>En respuesta, el ex gobernador tambi\u00e9n se refiri\u00f3 a los hijos de L\u00f3pez Obrador, a los que acus\u00f3 de vivir del presupuesto de Morena.<\/p>\n<p>Pero eso no fue lo peor, Yunes se\u00f1al\u00f3 directamente al entonces candidato presidencial de recibir dinero de su antecesor en el cargo, el priista Javier Duarte, quien en ese momento era pr\u00f3fugo de la justicia por irregularidades en el manejo del presupuesto estatal y en la actualidad est\u00e1 preso.<\/p>\n<p>El entonces mandatario, llam\u00e1ndolo \u201cloco\u201d, ret\u00f3 a L\u00f3pez Obrador a debate. El posible encuentro gener\u00f3 muchos comentarios en los medios, pues los dos ir\u00edan en la misma fecha a los municipios de Tempoal y \u00c1lamo.<\/p>\n<p>Pero no hubo tal. Los dos cumplieron sus programas de actividades, pero mientras uno estuvo en la ma\u00f1ana, el otro lleg\u00f3 por la tarde y viceversa.<\/p>\n<p>L\u00f3pez Obrador se neg\u00f3 desde antes. \u201cCon todo respeto, no tiene nivel. Y adem\u00e1s, s\u00ed tengo mis preocupaciones, porque tengo mi carterita y no la quiero perder\u201d, respondi\u00f3 con su estilo burl\u00f3n.<\/p>\n<p style=\"text-align: center;\"><strong>En marzo, aument\u00f3 en el n\u00famero de secuestros<\/strong><\/p>\n<p>Como lo hace peri\u00f3dicamente, la asociaci\u00f3n Alto al Secuestro dio a conocer los registros sobre los casos de secuestro ocurridos en el pa\u00eds y se\u00f1al\u00f3 que en el pasado mes de marzo se registr\u00f3 un aumento de 4.6 por ciento en las carpetas de investigaci\u00f3n iniciadas por ese delito.<\/p>\n<p>Esto porque en el mencionado mes se reportaron 90 casos, en comparaci\u00f3n con los 86 del pasado mes de febrero.\u00a0 El n\u00famero de v\u00edctimas se increment\u00f3 40 por ciento, ya que durante marzo sumaron 130 mientras que en febrero fueron 110.<\/p>\n<p>Al mismo tiempo hubo un aumento de 31 por ciento en el n\u00famero de detenidos relacionados al delito de secuestro, debido a que en marzo fueron capturadas 131 personas por este delito mientras que en febrero fueron detenidos 100 presuntos responsables.<\/p>\n<p>Los estados con mayor incidencia en marzo de 2021 fueron: 1. Estado de M\u00e9xico (18); 2. Veracruz (11); y 3. Baja California (7).<\/p>\n<p>Las entidades que reportaron cero secuestros: Aguascalientes, Baja California Sur, Chiapas, Coahuila, Durango, Nayarit y Yucat\u00e1n.<\/p>\n<p style=\"text-align: center;\"><strong>En v\u00edas de recuperaci\u00f3n, el turismo internacional<\/strong><\/p>\n<p>El principal destino en M\u00e9xico para el turismo internacional, Canc\u00fan, ser\u00e1 sede, del 25 al 27 del presente mes de la Cumbre Mundial Consejo Mundial del Viaje y el Turismo (en ingl\u00e9s World Travel and Tourism Council WTTC) que este a\u00f1o tendr\u00e1 como lema \u201cUniting the World for Recovery\u201d, el primer gran evento del sector turismo en este a\u00f1o, el cual se estima que se convertir\u00e1\u0301 en la plataforma para impulsar la recuperaci\u00f3n del sector, que ha sido severamente da\u00f1ado por los efectos de la pandemia de Covid-19 en la econom\u00eda internacional.<\/p>\n<p>El encuentro global se realizar\u00e1 de manera h\u00edbrida, en dos modalidades: con 600 delegados de manera presencial y m\u00e1s de 30,000 de forma remota, a trav\u00e9s de una plataforma digital, seg\u00fan inform\u00f3 en Londres, la WTTC.<\/p>\n<p>Se tiene confirmada la participaci\u00f3n de ex presidente de Colombia y Premio Nobel de la Paz en 2016 Juan Manuel Santos, as\u00ed como los m\u00e1s altos directivos de empresas (Carnival Corporation, Hilton, Marriot, Meli\u00e1 e Internova, entre muchas otras), l\u00edderes de gobiernos, ministros de relaciones exteriores y de turismo, y m\u00e1s de 100 oradores de primer nivel de pa\u00edses como Estados Unidos, Francia, Espa\u00f1a, Portugal, Grecia, Per\u00fa\u0301 y Arabia Saudita, por mencionar solo algunos.<\/p>\n<p>\u201cHoy m\u00e1s que nunca, es de gran trascendencia la realizaci\u00f3n de la Cumbre Mundial de Viajes y Turismo en Canc\u00fan, pues ser\u00e1 la plataforma para la recuperaci\u00f3n global de esta importante industria. Es momento de que todos, autoridades, empresarios y sociedad, trabajemos juntos y saquemos adelante a este sector. Nuestro evento marcar\u00e1 el camino para la recuperaci\u00f3n de 100 millones de empleos este mismo a\u00f1o en el rubro de viajes y turismo, que ha sido severamente golpeado por la pandemia de Covid-19\u201d, asegur\u00f3 Gloria Guevara Manzo, presidenta y CEO del WTTC.<\/p>\n<p>Destac\u00f3 que hay una gran confianza en el gobierno de Quintana Roo, que fue uno de los primeros destinos globales en recibir el Safe Travel Stamp por la aplicaci\u00f3n de protocolos de higiene y sanitizaci\u00f3n.<\/p>\n<p>Anticip\u00f3 que durante la Cumbre Mundial se presentar\u00e1n diversas iniciativas relacionadas al sector de viajes y turismo en materia de sustentabilidad, agenda digital, impacto social y el empoderamiento de la mujer en el sector (Women in Global Travel), con gran impacto en materia de equidad de g\u00e9nero.<\/p>\n<p><a href=\"mailto:riparcangel@hotmail.com\" target=\"_blank\" rel=\"noopener noreferrer\"><em>riparcangel@hotmail.com<\/em><\/a><\/p>\n","protected":false},"excerpt":{"rendered":"<p><span style=\"color: #005497;\"><strong>Miguel \u00c1ngel Rivera<\/strong><\/span><\/p>\n","protected":false},"author":3,"featured_media":0,"comment_status":"open","ping_status":"open","sticky":false,"template":"","format":"standard","meta":{"_monsterinsights_skip_tracking":false,"_monsterinsights_sitenote_active":false,"_monsterinsights_sitenote_note":"","_monsterinsights_sitenote_category":0,"footnotes":""},"categories":[84119],"tags":[84120,84121,43674],"class_list":["post-503895","post","type-post","status-publish","format-standard","hentry","category-miguel-angel-rivera","tag-clase-politica","tag-miguel-angel-rivera","tag-opinion"],"_links":{"self":[{"href":"https:\/\/www.diarioimagen.net\/index.php?rest_route=\/wp\/v2\/posts\/503895","targetHints":{"allow":["GET"]}}],"collection":[{"href":"https:\/\/www.diarioimagen.net\/index.php?rest_route=\/wp\/v2\/posts"}],"about":[{"href":"https:\/\/www.diarioimagen.net\/index.php?rest_route=\/wp\/v2\/types\/post"}],"author":[{"embeddable":true,"href":"https:\/\/www.diarioimagen.net\/index.php?rest_route=\/wp\/v2\/users\/3"}],"replies":[{"embeddable":true,"href":"https:\/\/www.diarioimagen.net\/index.php?rest_route=%2Fwp%2Fv2%2Fcomments&post=503895"}],"version-history":[{"count":0,"href":"https:\/\/www.diarioimagen.net\/index.php?rest_route=\/wp\/v2\/posts\/503895\/revisions"}],"wp:attachment":[{"href":"https:\/\/www.diarioimagen.net\/index.php?rest_route=%2Fwp%2Fv2%2Fmedia&parent=503895"}],"wp:term":[{"taxonomy":"category","embeddable":true,"href":"https:\/\/www.diarioimagen.net\/index.php?rest_route=%2Fwp%2Fv2%2Fcategories&post=503895"},{"taxonomy":"post_tag","embeddable":true,"href":"https:\/\/www.diarioimagen.net\/index.php?rest_route=%2Fwp%2Fv2%2Ftags&post=503895"}],"curies":[{"name":"wp","href":"https:\/\/api.w.org\/{rel}","templated":true}]}}