{"id":503995,"date":"2021-04-21T00:08:41","date_gmt":"2021-04-21T05:08:41","guid":{"rendered":"https:\/\/www.diarioimagen.net\/?p=503995"},"modified":"2021-04-21T23:12:54","modified_gmt":"2021-04-22T04:12:54","slug":"reconocen-a-estudiante-de-la-uaem-en-festival-de-cine-de-italia","status":"publish","type":"post","link":"https:\/\/www.diarioimagen.net\/?p=503995","title":{"rendered":"Reconocen a estudiante de la UAEM en festival de cine de Italia"},"content":{"rendered":"<p><em>\u00a0<\/em><\/p>\n<ul>\n<li><strong><em>Junto a su equipo t\u00e9cnico, integrado por aproximadamente 14 personas, Delia Jarumi Mart\u00ednez Guti\u00e9rrez, propuso y dirigi\u00f3 un cortometraje documental que retrata la vivencia de migrantes en su camino hacia los Estados Unidos<\/em><\/strong><\/li>\n<\/ul>\n<p>&nbsp;<\/p>\n<div id=\"attachment_504096\" style=\"width: 470px\" class=\"wp-caption aligncenter\"><a href=\"https:\/\/www.diarioimagen.net\/?attachment_id=504096\" rel=\"attachment wp-att-504096\"><img loading=\"lazy\" decoding=\"async\" aria-describedby=\"caption-attachment-504096\" class=\"size-full wp-image-504096\" src=\"https:\/\/www.diarioimagen.net\/wp-content\/uploads\/2021\/04\/Uaem-9.jpg\" alt=\"\" width=\"460\" height=\"270\" \/><\/a><p id=\"caption-attachment-504096\" class=\"wp-caption-text\">La estudiante de la Escuela de Artes Esc\u00e9nicas de la UAEM, Delia Jarumi Mart\u00ednez Guti\u00e9rrrez, obtuvo una menci\u00f3n honor\u00edfica en el Festival de Cine Costaiblea, de Italia, por el cortometraje documental titulado \u201cDesplazados\u201d<\/p><\/div>\n<p>&nbsp;<\/p>\n<p><strong>Toluca, Estado de M\u00e9xico.\u2013 <\/strong>Delia Jarumi Mart\u00ednez Guti\u00e9rrrez, estudiante de la licenciatura en Estudios Cinematogr\u00e1ficos de la Universidad Aut\u00f3noma del Estado de M\u00e9xico, obtuvo una menci\u00f3n honor\u00edfica en el Festival de Cine Costaiblea, de Italia, por el cortometraje documental titulado \u201cDesplazados\u201d, que retrata la vivencia de migrantes en su camino hacia los Estados Unidos.<\/p>\n<p>La estudiante del octavo semestre en la Escuela de Artes Esc\u00e9nicas de la UAEM, explic\u00f3 que a prop\u00f3sito de un ejercicio acad\u00e9mico entre la escuela y la Universidad de Roma Tres, fueron proyectadas en l\u00ednea las propuestas cinematogr\u00e1ficas de los alumnos auriverdes y posteriormente, fueron invitados a participar en el Festival de Cine Costaiblea.<\/p>\n<p>Durante dicho certamen f\u00edlmico que se celebr\u00f3 y transmiti\u00f3 en l\u00ednea, Delia Jarumi, junto a su equipo t\u00e9cnico integrado por fot\u00f3grafo, sonidista y producci\u00f3n, entre otros, fueron reconocidos por su trabajo que iniciaron en 2018, fecha que coincidi\u00f3 con el recorrido de la llamada \u201cCaravana migrante\u201d proveniente del centro y sur de Am\u00e9rica.<\/p>\n<p>\u201cNo es posible abordar la totalidad de la experiencia de los migrantes; sin embargo, consider\u00e9 importante dar a conocer sus historias, especialmente, de los que atraviesan zonas como Toluca y Metepec\u201d, a\u00f1adi\u00f3 Delia Jarumi, quien en el proceso de pre-producci\u00f3n realiz\u00f3 entrevistas, en su mayor\u00eda a mujeres, lo que les permiti\u00f3 acercarse a sus vivencias.<\/p>\n<p>Con una duraci\u00f3n de 16 minutos, \u201cDesplazados\u201d cont\u00f3 con la participaci\u00f3n de t\u00e9cnicos, asesores, patrocinadores, pero tambi\u00e9n 14 personas que apoyaron con la grabaci\u00f3n.<\/p>\n<p>Delia Jarumi Mart\u00ednez Guti\u00e9rrez fue directora de arte en \u201cEl sorprendente S\u00e1nchez\u201d, proyecto f\u00edlmico que fue finalista en el Rally Universitario del Festival Internacional de Cine de Guanajuato y ha colaborado en trabajos de correcci\u00f3n de color, edici\u00f3n y producci\u00f3n, que le han aportado experiencia en la realizaci\u00f3n de cine.<\/p>\n","protected":false},"excerpt":{"rendered":"<p>Delia Jarumi Mart\u00ednez Guti\u00e9rrrez, estudiante de la licenciatura en Estudios Cinematogr\u00e1ficos de la Universidad Aut\u00f3noma del Estado de M\u00e9xico, obtuvo una menci\u00f3n honor\u00edfica en el Festival de Cine Costaiblea, de Italia, por el cortometraje documental titulado \u201cDesplazados\u201d, que retrata la vivencia de migrantes en su camino hacia los Estados Unidos.<\/p>\n","protected":false},"author":3,"featured_media":504096,"comment_status":"open","ping_status":"open","sticky":false,"template":"","format":"standard","meta":{"_monsterinsights_skip_tracking":false,"_monsterinsights_sitenote_active":false,"_monsterinsights_sitenote_note":"","_monsterinsights_sitenote_category":0,"footnotes":""},"categories":[5],"tags":[43675,6063,22547,452],"class_list":["post-503995","post","type-post","status-publish","format-standard","has-post-thumbnail","hentry","category-estado-de-mexico","tag-estado-de-mexico","tag-italia","tag-premio","tag-toluca"],"_links":{"self":[{"href":"https:\/\/www.diarioimagen.net\/index.php?rest_route=\/wp\/v2\/posts\/503995","targetHints":{"allow":["GET"]}}],"collection":[{"href":"https:\/\/www.diarioimagen.net\/index.php?rest_route=\/wp\/v2\/posts"}],"about":[{"href":"https:\/\/www.diarioimagen.net\/index.php?rest_route=\/wp\/v2\/types\/post"}],"author":[{"embeddable":true,"href":"https:\/\/www.diarioimagen.net\/index.php?rest_route=\/wp\/v2\/users\/3"}],"replies":[{"embeddable":true,"href":"https:\/\/www.diarioimagen.net\/index.php?rest_route=%2Fwp%2Fv2%2Fcomments&post=503995"}],"version-history":[{"count":0,"href":"https:\/\/www.diarioimagen.net\/index.php?rest_route=\/wp\/v2\/posts\/503995\/revisions"}],"wp:featuredmedia":[{"embeddable":true,"href":"https:\/\/www.diarioimagen.net\/index.php?rest_route=\/wp\/v2\/media\/504096"}],"wp:attachment":[{"href":"https:\/\/www.diarioimagen.net\/index.php?rest_route=%2Fwp%2Fv2%2Fmedia&parent=503995"}],"wp:term":[{"taxonomy":"category","embeddable":true,"href":"https:\/\/www.diarioimagen.net\/index.php?rest_route=%2Fwp%2Fv2%2Fcategories&post=503995"},{"taxonomy":"post_tag","embeddable":true,"href":"https:\/\/www.diarioimagen.net\/index.php?rest_route=%2Fwp%2Fv2%2Ftags&post=503995"}],"curies":[{"name":"wp","href":"https:\/\/api.w.org\/{rel}","templated":true}]}}