{"id":504002,"date":"2021-04-21T00:07:35","date_gmt":"2021-04-21T05:07:35","guid":{"rendered":"https:\/\/www.diarioimagen.net\/?p=504002"},"modified":"2021-04-21T23:12:21","modified_gmt":"2021-04-22T04:12:21","slug":"afianzar-a-la-uaem-como-generadora-de-conocimiento-en-torno-al-desarrollo-sostenible-propone-carlos-eduardo-barrera-diaz","status":"publish","type":"post","link":"https:\/\/www.diarioimagen.net\/?p=504002","title":{"rendered":"Afianzar a la UAEM como generadora de conocimiento en torno al desarrollo sostenible, propone Carlos Eduardo Barrera D\u00edaz"},"content":{"rendered":"<p>&nbsp;<\/p>\n<ul>\n<li><strong><em>El aspirante a rector plantea que la investigaci\u00f3n human\u00edstica, cient\u00edfica y tecnol\u00f3gica de la UAEM\u00e9x est\u00e9 comprometida con los ODS de la ONU.<\/em><\/strong><\/li>\n<\/ul>\n<p>&nbsp;<\/p>\n<div id=\"attachment_504100\" style=\"width: 470px\" class=\"wp-caption aligncenter\"><a href=\"https:\/\/www.diarioimagen.net\/?attachment_id=504100\" rel=\"attachment wp-att-504100\"><img loading=\"lazy\" decoding=\"async\" aria-describedby=\"caption-attachment-504100\" class=\"size-full wp-image-504100\" src=\"https:\/\/www.diarioimagen.net\/wp-content\/uploads\/2021\/04\/Carlos-Eduardo.jpg\" alt=\"\" width=\"460\" height=\"270\" \/><\/a><p id=\"caption-attachment-504100\" class=\"wp-caption-text\">El aspirante al cargo de Rector, Carlos Eduardo Barrera D\u00edaz, se\u00f1al\u00f3 que la investigaci\u00f3n human\u00edstica, cient\u00edfica y tecnol\u00f3gica deber\u00e1 estar comprometida con el desarrollo sostenible.<\/p><\/div>\n<p>&nbsp;<\/p>\n<p><strong>Toluca, Estado de M\u00e9xico.- <\/strong>Posicionar a la Universidad Aut\u00f3noma del Estado de M\u00e9xico (UAEM\u00e9x) -a nivel nacional e internacional- como una instituci\u00f3n generadora de conocimiento en torno de los Objetivos de Desarrollo Sostenible (ODS) de la Organizaci\u00f3n de las Naciones Unidas (ONU) es una m\u00e1s de las propuestas de Carlos Eduardo Barrera D\u00edaz, aspirante a la Rector\u00eda de la instituci\u00f3n.<\/p>\n<p>Durante el di\u00e1logo con integrantes de los cinco centros de investigaci\u00f3n con los que cuenta la UAEM\u00e9x, el aspirante al cargo de Rector se\u00f1al\u00f3 que la investigaci\u00f3n human\u00edstica, cient\u00edfica y tecnol\u00f3gica deber\u00e1 estar comprometida con el desarrollo sostenible para el cumplimiento de los 17 ODS, a los cuales est\u00e1 apegado su plan de trabajo \u201cIntegridad e Inclusi\u00f3n Universitarias 2021-2025\u201d.<\/p>\n<p>Al respecto, la investigadora y encargada del Despacho del Centro de Estudios e Investigaci\u00f3n en Desarrollo Sustentable (CEDeS), Liliana Ivette \u00c1vila C\u00f3rdoba, propuso apoyarse en los especialistas de este espacio para llevar a cabo las propuestas para la siguiente administraci\u00f3n; en coincidencia, Barrera D\u00edaz indic\u00f3 que el conocimiento y experiencia de la comunidad cient\u00edfica de la UAEM\u00e9x puede detonarse para ofrecer servicios de calidad a los sectores gubernamentales, la iniciativa privada y la sociedad en general.<\/p>\n<p>\u201cLa UAEM\u00e9x debe asumirse como l\u00edder a nivel nacional en la investigaci\u00f3n apoyada en sus cuerpos acad\u00e9micos, sus l\u00edneas de generaci\u00f3n y aplicaci\u00f3n del conocimiento. Debemos desarrollar la capacidad de emprendimiento a trav\u00e9s de la investigaci\u00f3n e innovaci\u00f3n. Por ejemplo, se pueden ofrecer diferentes servicios de consultor\u00eda o asesor\u00eda a los gobiernos para elaborar sus planes de desarrollo\u201d, afirm\u00f3.<\/p>\n<p>Ante integrantes del Centro de Investigaci\u00f3n en Ciencias Biol\u00f3gicas Aplicadas (CICBA),\u00a0 Centro de Investigaci\u00f3n y Estudios Avanzados de la Poblaci\u00f3n (CIEAP), Centro de Investigaci\u00f3n Multidisciplinaria en Educaci\u00f3n (CIME), Centro de Investigaci\u00f3n en Ciencias Sociales y Humanidades (CICYSH) y el Centro de Estudios e Investigaci\u00f3n en Desarrollo Sustentable (CEDeS), el aspirante propuso impulsar alianzas estrat\u00e9gicas con los tres sectores para fortalecer la ciencia aplicada y la transferencia de conocimiento, ampliar las convocatorias para proyectos de investigaci\u00f3n, apoyar las publicaciones en revistas especializadas, redise\u00f1ar los procesos para agilizar los procesos y disponer en tiempo a los recursos.<\/p>\n<p>Agreg\u00f3 que -de ser favorecido con el voto del H. Consejo Universitario de la UAEM\u00e9x el pr\u00f3ximo 14 de mayo- se promover\u00e1 la participaci\u00f3n en las actividades de investigaci\u00f3n y se evitar\u00e1n sesgos de g\u00e9nero en la producci\u00f3n cient\u00edfica y tecnol\u00f3gica. Durante la Jornada de Promoci\u00f3n y Comparecencia Institucional, Barrera D\u00edaz recibi\u00f3 propuestas por escrito de tres centros de investigaci\u00f3n para fortalecer estas tareas dentro de la UAEM\u00e9x.<\/p>\n","protected":false},"excerpt":{"rendered":"<p>Posicionar a la Universidad Aut\u00f3noma del Estado de M\u00e9xico (UAEM\u00e9x) -a nivel nacional e internacional- como una instituci\u00f3n generadora de conocimiento en torno de los Objetivos de Desarrollo Sostenible (ODS) de la Organizaci\u00f3n de las Naciones Unidas (ONU) es una m\u00e1s de las propuestas de Carlos Eduardo Barrera D\u00edaz, aspirante a la Rector\u00eda de la instituci\u00f3n.<\/p>\n","protected":false},"author":3,"featured_media":504100,"comment_status":"open","ping_status":"open","sticky":false,"template":"","format":"standard","meta":{"_monsterinsights_skip_tracking":false,"_monsterinsights_sitenote_active":false,"_monsterinsights_sitenote_note":"","_monsterinsights_sitenote_category":0,"footnotes":""},"categories":[5],"tags":[92667,43675,92799,452],"class_list":["post-504002","post","type-post","status-publish","format-standard","has-post-thumbnail","hentry","category-estado-de-mexico","tag-carlos-eduardo-barrera-diaz","tag-estado-de-mexico","tag-ods","tag-toluca"],"_links":{"self":[{"href":"https:\/\/www.diarioimagen.net\/index.php?rest_route=\/wp\/v2\/posts\/504002","targetHints":{"allow":["GET"]}}],"collection":[{"href":"https:\/\/www.diarioimagen.net\/index.php?rest_route=\/wp\/v2\/posts"}],"about":[{"href":"https:\/\/www.diarioimagen.net\/index.php?rest_route=\/wp\/v2\/types\/post"}],"author":[{"embeddable":true,"href":"https:\/\/www.diarioimagen.net\/index.php?rest_route=\/wp\/v2\/users\/3"}],"replies":[{"embeddable":true,"href":"https:\/\/www.diarioimagen.net\/index.php?rest_route=%2Fwp%2Fv2%2Fcomments&post=504002"}],"version-history":[{"count":0,"href":"https:\/\/www.diarioimagen.net\/index.php?rest_route=\/wp\/v2\/posts\/504002\/revisions"}],"wp:featuredmedia":[{"embeddable":true,"href":"https:\/\/www.diarioimagen.net\/index.php?rest_route=\/wp\/v2\/media\/504100"}],"wp:attachment":[{"href":"https:\/\/www.diarioimagen.net\/index.php?rest_route=%2Fwp%2Fv2%2Fmedia&parent=504002"}],"wp:term":[{"taxonomy":"category","embeddable":true,"href":"https:\/\/www.diarioimagen.net\/index.php?rest_route=%2Fwp%2Fv2%2Fcategories&post=504002"},{"taxonomy":"post_tag","embeddable":true,"href":"https:\/\/www.diarioimagen.net\/index.php?rest_route=%2Fwp%2Fv2%2Ftags&post=504002"}],"curies":[{"name":"wp","href":"https:\/\/api.w.org\/{rel}","templated":true}]}}