{"id":504014,"date":"2021-04-21T00:02:12","date_gmt":"2021-04-21T05:02:12","guid":{"rendered":"https:\/\/www.diarioimagen.net\/?p=504014"},"modified":"2021-04-21T00:07:42","modified_gmt":"2021-04-21T05:07:42","slug":"en-cdmx-obligan-a-personal-de-salud-a-reincorporarse","status":"publish","type":"post","link":"https:\/\/www.diarioimagen.net\/?p=504014","title":{"rendered":"En CDMX, obligan a personal de Salud a reincorporarse"},"content":{"rendered":"<h2>La Retaguardia<\/h2>\n<h5>Adriana Moreno Cordero<\/h5>\n<p><em>\u00a0<\/em><\/p>\n<ul>\n<li><strong><em>Hoy se discutir\u00e1 \u201cley Zaldivar\u201d; Mu\u00f1oz Ledo, Pablo G\u00f3mez y Lorena Villavicencio, en contra<\/em><\/strong><\/li>\n<\/ul>\n<p>&nbsp;<\/p>\n<p>Tanto se ufana la jefa de Gobierno de la Ciudad de M\u00e9xico, <strong>Claudia Sheinbaum,<\/strong> de que ha bajado el n\u00famero de contagios y muertes por Covid-19, que est\u00e1 cayendo en una arbitrariedad, lo que resulta especialmente riesgoso, sobre todo cuando en el pa\u00eds, todos est\u00e1n expectantes debido a una probable tercera ola de coronavirus. Dice la funcionaria capitalina que incluso ha bajado la positividad, pese a que ya transcurri\u00f3 la Semana Santa y la de Pascua, que son per\u00edodos vacacionales.<\/p>\n<p>Resulta que -seg\u00fan se sabe-, la secretar\u00eda de Salud de la CDMX, a cargo de <strong>Olivia L\u00f3pez Arellano<\/strong>, hace un par de d\u00edas, reincorpor\u00f3 \u201cvoluntariamente a fuerzas\u201d al personal que estaba confinado con motivo de la pandemia y justamente el d\u00eda de hoy, deber\u00e1n regresar a sus labores y lo peor, no est\u00e1n notificando de manera personal, sino mediante oficio. En el fondo, la jugada es que a aquellos que no se presenten, casi, casi en autom\u00e1tico, ser\u00edan dados de baja, o sea, tienen contemplado correrlos. Por eso aqu\u00ed la pregunta es, \u00bfqu\u00e9 tendr\u00e1 pensado hacer el sindicato de Salud del gobierno de la CDMX?<\/p>\n<p>O sea, en pocas palabras, el gobierno capitalino est\u00e1 obligando al personal de salud a regresar a actividades presenciales aun cuando no hay sem\u00e1foro epidemiol\u00f3gico verde- y no sobra recordarlo-, falta much\u00edsimo tiempo para regresar a ese escenario ideal, adem\u00e1s de que eso de que estamos a \u201cmedio punto\u201d de que en la capital de la rep\u00fablica se registre el sem\u00e1foro amarillo, quiz\u00e1s sea pura vacilada, por decirlo de alguna manera.<\/p>\n<p>Muy probablemente tambi\u00e9n, la se\u00f1ora Sheinbaum, envuelta por lo que se ve, en una ola de optimismo, no ha reparado en peque\u00f1os detalles como la alerta de viajes por parte del gobierno de Estados Unidos hacia M\u00e9xico, que est\u00e1 basada en dos razones: la inseguridad que hay en nuestro pa\u00eds y la manera en que el gobierno de la llamada Cuarta Transformaci\u00f3n ha venido manejando la pandemia de Covid-19. As\u00ed que las restricciones a los cruces no prioritarios en la frontera con EU, continuar\u00e1n, por lo menos, hasta el 21 de mayo.<\/p>\n<p>L\u00f3gicamente, el gobierno de Joe Biden, no ve con buenos ojos la manera en que el presidente Andr\u00e9s Manuel L\u00f3pez Obrador, ha venido manejando esta pandemia ya que si por algo se ha caracterizado, es por ir de error tras error.<\/p>\n<p>Por otro lado, la alerta emitida por el gobierno norteamericano, llama la atenci\u00f3n porque por razones de seguridad, recomienda a sus ciudadanos no viajar a estados como: Colima, Michoac\u00e1n, Nuevo Le\u00f3n, Chihuahua, Coahuila, Durango Jalisco y Estado de M\u00e9xico, entre otros y en este grupo, destacan tres de las entidades que de cara a las elecciones del ya cercano 6 de junio, le preocupan al inquilino de Palacio Nacional.<\/p>\n<p>Y si el Ejecutivo supone que es una guerra de sus adversarios, que le pregunten a la senadora morenista <strong>Mar\u00eda Merced Gonz\u00e1lez<\/strong>, quien exhibi\u00f3 sus nulas dotes como legisladora y en una reuni\u00f3n a distancia con legisladores de todas las fracciones parlamentarias dijo que en esta v\u00edspera electoral, Jalisco, Michoac\u00e1n y Nuevo Le\u00f3n, son las tres entidades que tienen m\u00e1s inquieto al mandatario.<\/p>\n<p>\u00a1Qu\u00e9 raro!, porque en Jalisco, todav\u00eda no se renovar\u00e1 la gubernatura, con todo y que ah\u00ed est\u00e1 uno de los enemigos m\u00e1s ac\u00e9rrimos del tabasque\u00f1o, <strong>Enrique Alfaro<\/strong>. En Nuevo L\u00e9on, luego del desastre de campa\u00f1a de su candidata, <strong>Clara Luz Flores<\/strong>, va en ca\u00edda vertiginosa, mientras que en Michoac\u00e1n, a\u00fan no est\u00e1 definida la candidatura de <strong>Ra\u00fal Mor\u00f3n<\/strong>. Con raz\u00f3n est\u00e1 tan preocupado el Presidente y por eso tambi\u00e9n, la ex presidenta de la Mesa Directiva de la C\u00e1mara alta, M\u00f3nica Fern\u00e1ndez Balboa, presurosa, tuvo que enmendarle la plana en dicha reuni\u00f3n a la inexperta senadora Merced Gonz\u00e1lez. Acu\u00e9rdate que est\u00e1s con senadores de todos los partidos, le dijo.<\/p>\n<p style=\"text-align: center;\"><strong>Municiones<\/strong><\/p>\n<p>*** Hoy ser\u00e1 un d\u00eda muy largo, dif\u00edcil e intenso, ya que se votar\u00e1 la C\u00e1mara de Diputados lo que se conoce como la \u201cley Zald\u00edvar\u201d, es decir, otorgarle, regalarle dos a\u00f1os m\u00e1s en la presidencia de la Suprema Corte de Justicia de la Naci\u00f3n y en el Consejo de la Judicatura, porque, a decir de L\u00f3pez Obrador, \u00e9l y s\u00f3lo el ministro presidente de la Corte, es el \u00fanico que puede erradicar la corrupci\u00f3n del Poder Judicial y sacar adelante la reforma de \u00e9ste. Nuevamente hay que decirlo, \u00a1qu\u00e9 raro!, porque para nadie es desconocido que el tabasque\u00f1o aborrece todo lo que venga de la gesti\u00f3n del presidente <strong>Felipe Calder\u00f3n<\/strong> y en este sentido hay que recordar que fue en el ya distante a\u00f1o del 2009 cuando el expanista propuso a\u00a0 <strong>Arturo Zald\u00edvar Lelo de Larrea<\/strong> para la SCJN. Entonces, \u00bfqu\u00e9 hay en el fondo de esta relaci\u00f3n entre el ministro Arturo Zald\u00edvar y el propio presidente?, porque como se consign\u00f3 en anterior entrega, el ministro no ha hecho nada, est\u00e1 pr\u00e1cticamente invisible, al fin y al cabo que L\u00f3pez Obrador lo protege y lo defiende.<\/p>\n<p>*** Sobre este mismo asunto, a\u00fan al seno de la bancada de Morena en la C\u00e1mara de Diputados, hay voces en contra y que votar\u00e1n en la sesi\u00f3n en ese mismo sentido como: <strong>Pablo G\u00f3mez, Porfirio Mu\u00f1oz Ledo<\/strong> y <strong>Lorena Villavicencio<\/strong>, que se supone que demandar\u00e1n que se declare improcedente esta declaraci\u00f3n al transitorio. Villavicencio subray\u00f3 que la Constituci\u00f3n se debe hacer valer en el pa\u00eds y eso es obligaci\u00f3n de los legisladores, se supone, como poder independiente, \u201cnosotros no somos sastres ni hacemos trajes a la medida\u2026 no venimos aqu\u00ed a fortalecer a una persona\u201d. Hay que recordar que la bancada que encabeza Ignacio Mier en San L\u00e1zaro -salvo las tres excepciones referidas-, rechaz\u00f3 la propuesta del bloque opositor de que este controvertido tema se discutiera en parlamento abierto.<\/p>\n<p>*** Con el objetivo de erradicar el delito de robo, el candidato a reelegirse al frente de la alcald\u00eda Miguel Hidalgo, <strong>V\u00edctor Hugo Romo<\/strong>, hizo el compromiso de blindar las 256 tiendas agremiadas en la Asociaci\u00f3n de tiendas de Autoservicio y Departamentales, AC, (ANTAD), con la instalaci\u00f3n de videoc\u00e1maras que estar\u00e1n conectadas al Centro de Emergencias Policiales de la demarcaci\u00f3n, (C2). Ello porque para el abanderado de la alianza Morena-PT-PVEM, siempre ha sido su prioridad frenar la delincuencia y erradicar la impunidad mediante la tecnolog\u00eda.<\/p>\n<p><u><a href=\"mailto:morcora@gmail.com\" target=\"_blank\" rel=\"noopener noreferrer\"><em>morcora@gmail.com<\/em><\/a><\/u><\/p>\n","protected":false},"excerpt":{"rendered":"<p><span style=\"color: #005497;\"><strong>Adriana Moreno Cordero<\/strong><\/span><\/p>\n","protected":false},"author":3,"featured_media":0,"comment_status":"open","ping_status":"open","sticky":false,"template":"","format":"standard","meta":{"_monsterinsights_skip_tracking":false,"_monsterinsights_sitenote_active":false,"_monsterinsights_sitenote_note":"","_monsterinsights_sitenote_category":0,"footnotes":""},"categories":[69370],"tags":[69369,69368,43674],"class_list":["post-504014","post","type-post","status-publish","format-standard","hentry","category-adriana-moreno-cordero","tag-adriana-moreno-cordero","tag-la-retaguardia","tag-opinion"],"_links":{"self":[{"href":"https:\/\/www.diarioimagen.net\/index.php?rest_route=\/wp\/v2\/posts\/504014","targetHints":{"allow":["GET"]}}],"collection":[{"href":"https:\/\/www.diarioimagen.net\/index.php?rest_route=\/wp\/v2\/posts"}],"about":[{"href":"https:\/\/www.diarioimagen.net\/index.php?rest_route=\/wp\/v2\/types\/post"}],"author":[{"embeddable":true,"href":"https:\/\/www.diarioimagen.net\/index.php?rest_route=\/wp\/v2\/users\/3"}],"replies":[{"embeddable":true,"href":"https:\/\/www.diarioimagen.net\/index.php?rest_route=%2Fwp%2Fv2%2Fcomments&post=504014"}],"version-history":[{"count":0,"href":"https:\/\/www.diarioimagen.net\/index.php?rest_route=\/wp\/v2\/posts\/504014\/revisions"}],"wp:attachment":[{"href":"https:\/\/www.diarioimagen.net\/index.php?rest_route=%2Fwp%2Fv2%2Fmedia&parent=504014"}],"wp:term":[{"taxonomy":"category","embeddable":true,"href":"https:\/\/www.diarioimagen.net\/index.php?rest_route=%2Fwp%2Fv2%2Fcategories&post=504014"},{"taxonomy":"post_tag","embeddable":true,"href":"https:\/\/www.diarioimagen.net\/index.php?rest_route=%2Fwp%2Fv2%2Ftags&post=504014"}],"curies":[{"name":"wp","href":"https:\/\/api.w.org\/{rel}","templated":true}]}}